{"id":101,"date":"2024-11-14T11:58:28","date_gmt":"2024-11-14T14:58:28","guid":{"rendered":"https:\/\/revistahubclub.com.br\/portal\/?p=101"},"modified":"2024-12-11T11:59:39","modified_gmt":"2024-12-11T14:59:39","slug":"cuidando-do-coracao-com-excelencia-conheca-o-dr-fabio-nunes","status":"publish","type":"post","link":"https:\/\/revistahubclub.com.br\/portal\/2024\/11\/14\/cuidando-do-coracao-com-excelencia-conheca-o-dr-fabio-nunes\/","title":{"rendered":"Cuidando do cora\u00e7\u00e3o com excel\u00eancia: conhe\u00e7a o Dr. F\u00e1bio Nunes"},"content":{"rendered":"\n<p id=\"viewer-foo\">Em suas lives semanais no canal da Cl\u00ednica Anima Cordis, F\u00e1bio discute temas relevantes para a preven\u00e7\u00e3o de doen\u00e7as cardiovasculares.<\/p>\n\n\n\n<p id=\"viewer-np4a2111\"><strong><em>Publi Editorial | Foto Divulga\u00e7\u00e3o<\/em><\/strong><\/p>\n\n\n\n<p id=\"viewer-nn623120\">Com uma trajet\u00f3ria admir\u00e1vel e mais de 15 anos de dedica\u00e7\u00e3o \u00e0 cardiologia, o m\u00e9dico F\u00e1bio Nunes se destaca como um grande especialista em sa\u00fade cardiovascular em Uberl\u00e2ndia e regi\u00e3o. Formado pela Universidade Federal de Uberl\u00e2ndia (UFU), aprimorou suas habilidades ao longo dos anos, com a participac\u00e3o em congressos e cursos em n\u00edvel nacional e internacional, al\u00e9m de contribuir em setores de alta complexidade no atendimento a pacientes graves como a unidade de dor tor\u00e1cica e a enfermaria de pr\u00e9 e p\u00f3s operat\u00f3rio de cirurgia card\u00edaca do hospital de cl\u00ednicas da UFU.<\/p>\n\n\n\n<p id=\"viewer-ydg4p132\">Desde 2008, atuou como orientador da resid\u00eancia m\u00e9dica e do internato na gradua\u00e7\u00e3o de medicina, perpetuando os valores de um cuidado m\u00e9dico humanizado. \u201cUm tratamento eficiente deve olhar al\u00e9m da doen\u00e7a, levando em considera\u00e7\u00e3o a condi\u00e7\u00e3o do paciente como um todo.<\/p>\n\n\n\n<p id=\"viewer-v13ad147\">O cora\u00e7\u00e3o, sendo o centro do sistema circulat\u00f3rio, deve ser tratado com um enfoque que valorize tamb\u00e9m a sa\u00fade sist\u00eamica\u201d, diz. Defensor da medicina integrativa, o m\u00e9dico F\u00e1bio Nunes se aprofundou em diversas \u00e1reas, como medicina funcional, protocolos avan\u00e7ados no emagrecimento, hormonologia, longevidade saud\u00e1vel e estresse oxidativo.<\/p>\n\n\n\n<p id=\"viewer-mlisw154\">Atualmente, atende na Cl\u00ednica Anima Cordis. Seu m\u00e9todo Sa\u00fade Plena Personalizada (SPP) integra suplementa\u00e7\u00e3o adequada de vitaminas e minerais quando indicadas, estilo de vida saud\u00e1vel, sono reparador, atividade f\u00edsica otimizada, alimenta\u00e7\u00e3o saud\u00e1vel, reposi\u00e7\u00e3o hormonal \u00e9tica e respons\u00e1vel, sa\u00fade mental e espiritual. Em suas lives semanais no canal da Cl\u00ednica Anima Cordis, Dr. F\u00e1bio discute temas relevantes para a preven\u00e7\u00e3o de doen\u00e7as cardiovasculares.<\/p>\n\n\n\n<p id=\"viewer-3fqlh162\">\u201cO compromisso deve ser m\u00fatuo entre paciente e m\u00e9dico, diante dos desafios da cardiologia moderna, que exigem um novo olhar: menos focado em interven\u00e7\u00f5es medicamentosas e mais em preven\u00e7\u00e3o e promo\u00e7\u00e3o de sa\u00fade.\u201d<\/p>\n\n\n\n<p id=\"viewer-yktns171\">Como um membro dedicado deste movimento da nova medicina funcional integrativa, busca n\u00e3o apenas curar doen\u00e7as, mas tamb\u00e9m educar e orientar seus pacientes para que adotem um estilo de vida que fortale\u00e7am as bases da sa\u00fade humana, avaliados pelo equil\u00edbrio do estresse oxidativo e pela redu\u00e7\u00e3o da inflama\u00e7\u00e3o o sist\u00eamica, condi\u00e7\u00f5es essenciais para uma verdadeira cardiologia preventiva que se antecipa as doen\u00e7as no cora\u00e7\u00e3o.<\/p>\n\n\n\n<figure class=\"wp-block-image size-full\"><img loading=\"lazy\" decoding=\"async\" width=\"350\" height=\"235\" src=\"https:\/\/revistahubclub.com.br\/portal\/wp-content\/uploads\/2024\/12\/faf46e_e7f3b7c125ff44c69c913b32548d179cmv2.webp\" alt=\"\" class=\"wp-image-103\" srcset=\"https:\/\/revistahubclub.com.br\/portal\/wp-content\/uploads\/2024\/12\/faf46e_e7f3b7c125ff44c69c913b32548d179cmv2.webp 350w, https:\/\/revistahubclub.com.br\/portal\/wp-content\/uploads\/2024\/12\/faf46e_e7f3b7c125ff44c69c913b32548d179cmv2-300x201.webp 300w\" sizes=\"auto, (max-width: 350px) 100vw, 350px\" \/><\/figure>\n","protected":false},"excerpt":{"rendered":"<p>Em suas lives semanais no canal da Cl\u00ednica Anima Cordis, F\u00e1bio discute temas relevantes para a preven\u00e7\u00e3o de doen\u00e7as cardiovasculares. Publi Editorial | Foto Divulga\u00e7\u00e3o Com uma trajet\u00f3ria admir\u00e1vel e<\/p>\n","protected":false},"author":1,"featured_media":102,"comment_status":"open","ping_status":"open","sticky":false,"template":"","format":"standard","meta":{"footnotes":""},"categories":[1],"tags":[],"class_list":["post-101","post","type-post","status-publish","format-standard","has-post-thumbnail","hentry","category-noticias"],"_links":{"self":[{"href":"https:\/\/revistahubclub.com.br\/portal\/wp-json\/wp\/v2\/posts\/101","targetHints":{"allow":["GET"]}}],"collection":[{"href":"https:\/\/revistahubclub.com.br\/portal\/wp-json\/wp\/v2\/posts"}],"about":[{"href":"https:\/\/revistahubclub.com.br\/portal\/wp-json\/wp\/v2\/types\/post"}],"author":[{"embeddable":true,"href":"https:\/\/revistahubclub.com.br\/portal\/wp-json\/wp\/v2\/users\/1"}],"replies":[{"embeddable":true,"href":"https:\/\/revistahubclub.com.br\/portal\/wp-json\/wp\/v2\/comments?post=101"}],"version-history":[{"count":1,"href":"https:\/\/revistahubclub.com.br\/portal\/wp-json\/wp\/v2\/posts\/101\/revisions"}],"predecessor-version":[{"id":104,"href":"https:\/\/revistahubclub.com.br\/portal\/wp-json\/wp\/v2\/posts\/101\/revisions\/104"}],"wp:featuredmedia":[{"embeddable":true,"href":"https:\/\/revistahubclub.com.br\/portal\/wp-json\/wp\/v2\/media\/102"}],"wp:attachment":[{"href":"https:\/\/revistahubclub.com.br\/portal\/wp-json\/wp\/v2\/media?parent=101"}],"wp:term":[{"taxonomy":"category","embeddable":true,"href":"https:\/\/revistahubclub.com.br\/portal\/wp-json\/wp\/v2\/categories?post=101"},{"taxonomy":"post_tag","embeddable":true,"href":"https:\/\/revistahubclub.com.br\/portal\/wp-json\/wp\/v2\/tags?post=101"}],"curies":[{"name":"wp","href":"https:\/\/api.w.org\/{rel}","templated":true}]}}