{"id":10122,"date":"2021-07-26T09:36:00","date_gmt":"2021-07-26T12:36:00","guid":{"rendered":"https:\/\/revistahubclub.com.br\/portal\/?p=10122"},"modified":"2025-01-08T09:36:26","modified_gmt":"2025-01-08T12:36:26","slug":"lei-geral-de-protecao-de-dados-passa-a-ser-sancionada","status":"publish","type":"post","link":"https:\/\/revistahubclub.com.br\/portal\/2021\/07\/26\/lei-geral-de-protecao-de-dados-passa-a-ser-sancionada\/","title":{"rendered":"Lei Geral de Prote\u00e7\u00e3o de Dados passa a ser sancionada"},"content":{"rendered":"\n<p id=\"viewer-foo\"><em>Nova lei de prote\u00e7\u00e3o de dados (LGPD) entra em vigor no dia 1\u00ba de agosto<\/em><\/p>\n\n\n\n<p id=\"viewer-fvd0c\">A Lei n\u00ba 13.709\/2018, conhecida como a Lei Geral de Prote\u00e7\u00e3o de Dados (LGPD), \u00e9 uma legisla\u00e7\u00e3o que foi sancionada em agosto de 2018, pelo ex-presidente Michel Temer, e entrou em vigor em setembro de 2020. Ela regulamenta o tratamento que deve ser dado as informa\u00e7\u00f5es pessoas do consumidor, seguindo de acordo com um dos princ\u00edpios constitucionais fundamentais, a privacidade.<\/p>\n\n\n\n<p id=\"viewer-7h6rs\">A lei defende que o titular \u00e9 o \u00fanico dono das suas pr\u00f3prias informa\u00e7\u00f5es e, por isso, deve estar ciente das a\u00e7\u00f5es que poder\u00e3o ser feitas com elas atrav\u00e9s de um contrato assinado, cumprindo as obriga\u00e7\u00f5es legais. Isso permite que o titular possa ou n\u00e3o autorizar o uso de suas informa\u00e7\u00f5es para rela\u00e7\u00f5es de consumo.<\/p>\n\n\n\n<p id=\"viewer-f4h14\">Segundo o advogado especialista em Direito Digital da Amaral Advogados, Heitor Amaral Ribeiro, a adequa\u00e7\u00e3o deve ser feita em v\u00e1rias \u00e1reas das firmas. \u201cA implementa\u00e7\u00e3o \u00e0 legisla\u00e7\u00e3o passa, necessariamente, por uma adequa\u00e7\u00e3o em todos os setores de uma empresa, desde a \u00e1rea de tecnologia, passando pelo RH e alcan\u00e7ando a parte comercial. Esse \u00e9 um trabalho conjunto, que precisar\u00e1 ser constru\u00eddo de forma horizontalizada. N\u00e3o adianta o jur\u00eddico estar preparado e o suporte n\u00e3o estar. S\u00e3o eles que ter\u00e3o contato com o titular e precisar\u00e3o operar as rotinas que foram produzidas\u201d, explicou ele.<\/p>\n\n\n\n<figure class=\"wp-block-image size-full\"><img loading=\"lazy\" decoding=\"async\" width=\"592\" height=\"436\" src=\"https:\/\/revistahubclub.com.br\/portal\/wp-content\/uploads\/2021\/07\/image.jpeg\" alt=\"\" class=\"wp-image-10125\" srcset=\"https:\/\/revistahubclub.com.br\/portal\/wp-content\/uploads\/2021\/07\/image.jpeg 592w, https:\/\/revistahubclub.com.br\/portal\/wp-content\/uploads\/2021\/07\/image-300x221.jpeg 300w\" sizes=\"auto, (max-width: 592px) 100vw, 592px\" \/><\/figure>\n\n\n\n<p id=\"viewer-1h79m\"><em>Heitor Amaral Ribeiro, advogado especialista em Direito Digital da Amaral Advogados<\/em><\/p>\n\n\n\n<p id=\"viewer-8j90v\">Para o consumidor \u00e9 importante lembrar que a autoriza\u00e7\u00e3o tamb\u00e9m pode ser feita atrav\u00e9s da aceita\u00e7\u00e3o do termo de pol\u00edtica de privacidade na internet, que pergunta se o usu\u00e1rio concorda.<\/p>\n\n\n\n<p id=\"viewer-2cc5d\">Mas se n\u00e3o for o caso e voc\u00ea estiver desconfiando que a empresa utiliza o seus dados para outros fins que voc\u00ea n\u00e3o autorizou, denuncie: o e-mail da Autoridade Nacional de Prote\u00e7\u00e3o de Dados \u00e9 <a target=\"_blank\" href=\"mailto:ouvidoria@anpd.gov.br\" rel=\"noreferrer noopener\"><u>ouvidoria@anpd.gov.br<\/u><\/a>. Envie o hist\u00f3rico do fato e as evid\u00eancias que voc\u00ea tem sobre a infra\u00e7\u00e3o.<\/p>\n","protected":false},"excerpt":{"rendered":"<p>Nova lei de prote\u00e7\u00e3o de dados (LGPD) entra em vigor no dia 1\u00ba de agosto A Lei n\u00ba 13.709\/2018, conhecida como a Lei Geral de Prote\u00e7\u00e3o de Dados (LGPD), \u00e9<\/p>\n","protected":false},"author":1,"featured_media":10123,"comment_status":"open","ping_status":"open","sticky":false,"template":"","format":"standard","meta":{"footnotes":""},"categories":[1],"tags":[],"class_list":["post-10122","post","type-post","status-publish","format-standard","has-post-thumbnail","hentry","category-noticias"],"_links":{"self":[{"href":"https:\/\/revistahubclub.com.br\/portal\/wp-json\/wp\/v2\/posts\/10122","targetHints":{"allow":["GET"]}}],"collection":[{"href":"https:\/\/revistahubclub.com.br\/portal\/wp-json\/wp\/v2\/posts"}],"about":[{"href":"https:\/\/revistahubclub.com.br\/portal\/wp-json\/wp\/v2\/types\/post"}],"author":[{"embeddable":true,"href":"https:\/\/revistahubclub.com.br\/portal\/wp-json\/wp\/v2\/users\/1"}],"replies":[{"embeddable":true,"href":"https:\/\/revistahubclub.com.br\/portal\/wp-json\/wp\/v2\/comments?post=10122"}],"version-history":[{"count":2,"href":"https:\/\/revistahubclub.com.br\/portal\/wp-json\/wp\/v2\/posts\/10122\/revisions"}],"predecessor-version":[{"id":10126,"href":"https:\/\/revistahubclub.com.br\/portal\/wp-json\/wp\/v2\/posts\/10122\/revisions\/10126"}],"wp:featuredmedia":[{"embeddable":true,"href":"https:\/\/revistahubclub.com.br\/portal\/wp-json\/wp\/v2\/media\/10123"}],"wp:attachment":[{"href":"https:\/\/revistahubclub.com.br\/portal\/wp-json\/wp\/v2\/media?parent=10122"}],"wp:term":[{"taxonomy":"category","embeddable":true,"href":"https:\/\/revistahubclub.com.br\/portal\/wp-json\/wp\/v2\/categories?post=10122"},{"taxonomy":"post_tag","embeddable":true,"href":"https:\/\/revistahubclub.com.br\/portal\/wp-json\/wp\/v2\/tags?post=10122"}],"curies":[{"name":"wp","href":"https:\/\/api.w.org\/{rel}","templated":true}]}}