{"id":10133,"date":"2021-07-23T09:38:00","date_gmt":"2021-07-23T12:38:00","guid":{"rendered":"https:\/\/revistahubclub.com.br\/portal\/?p=10133"},"modified":"2025-01-08T09:38:24","modified_gmt":"2025-01-08T12:38:24","slug":"projeto-social-lanca-album-com-poemas-e-cancoes-criados-por-criancas-durante-a-pandemia","status":"publish","type":"post","link":"https:\/\/revistahubclub.com.br\/portal\/2021\/07\/23\/projeto-social-lanca-album-com-poemas-e-cancoes-criados-por-criancas-durante-a-pandemia\/","title":{"rendered":"Projeto social lan\u00e7a \u00e1lbum com poemas e can\u00e7\u00f5es criados por crian\u00e7as durante a pandemia"},"content":{"rendered":"\n<p id=\"viewer-foo\"><em>Produzido por 127 crian\u00e7as do Tri\u00e2ngulo Mineiro em oficinas remotas durante a pandemia, o \u00e1lbum nomeado &#8220;Dedo de Verso&#8221; possui 20 can\u00e7\u00f5es e poemas<\/em><\/p>\n\n\n\n<p id=\"viewer-2ovv0\">O \u00e1lbum infantil chega as plataformas Spotify, Deezer, Youtube, Amazon e iTunes hoje (23\/7), como resultado das atividades do projeto &#8220;Dedo de Verso&#8221; que estimulavam brincadeiras coletivas atrav\u00e9s da poesia da voz. Al\u00e9m de contar com a participa\u00e7\u00e3o especial do <em>Grupo EMCANTAR<\/em>.<\/p>\n\n\n\n<p id=\"viewer-brqn7\">A ideia inicial do projeto era que as crian\u00e7as apresentassem as produ\u00e7\u00f5es em saraus abertos \u00e0 comunidade, mas &#8220;devido a impossibilidade dessa formato durante a pandemia, surgiu a ideia de adequa\u00e7\u00e3o do projeto para a grava\u00e7\u00e3o do disco, que acabou se tornando uma grande surpresa positiva, at\u00e9 mesmo para n\u00f3s&#8221;, disse o artista m\u00fasico e escritor, Enzo Banzo.<\/p>\n\n\n\n<p id=\"viewer-bspu7\">De acordo com a <em>Ciclo Assessoria<\/em>, o projeto ganhou est\u00fadio de grava\u00e7\u00e3o com arranjos e vozes profissionais em uma produ\u00e7\u00e3o musical que passeia por diferentes sonoridades, de viol\u00f5es a naipe de metais, passando por uma variedade de timbres.<\/p>\n\n\n\n<p id=\"viewer-jugr\">Para ouvir acesse:<\/p>\n\n\n\n<p><a href=\"https:\/\/www.youtube.com\/channel\/UCF00OTi3qspCb_OOV3FPWKg\">https:\/\/www.youtube.com\/channel\/UCF00OTi3qspCb_OOV3FPWKg<\/a><\/p>\n","protected":false},"excerpt":{"rendered":"<p>Produzido por 127 crian\u00e7as do Tri\u00e2ngulo Mineiro em oficinas remotas durante a pandemia, o \u00e1lbum nomeado &#8220;Dedo de Verso&#8221; possui 20 can\u00e7\u00f5es e poemas O \u00e1lbum infantil chega as plataformas<\/p>\n","protected":false},"author":1,"featured_media":10134,"comment_status":"open","ping_status":"open","sticky":false,"template":"","format":"standard","meta":{"footnotes":""},"categories":[1],"tags":[],"class_list":["post-10133","post","type-post","status-publish","format-standard","has-post-thumbnail","hentry","category-noticias"],"_links":{"self":[{"href":"https:\/\/revistahubclub.com.br\/portal\/wp-json\/wp\/v2\/posts\/10133","targetHints":{"allow":["GET"]}}],"collection":[{"href":"https:\/\/revistahubclub.com.br\/portal\/wp-json\/wp\/v2\/posts"}],"about":[{"href":"https:\/\/revistahubclub.com.br\/portal\/wp-json\/wp\/v2\/types\/post"}],"author":[{"embeddable":true,"href":"https:\/\/revistahubclub.com.br\/portal\/wp-json\/wp\/v2\/users\/1"}],"replies":[{"embeddable":true,"href":"https:\/\/revistahubclub.com.br\/portal\/wp-json\/wp\/v2\/comments?post=10133"}],"version-history":[{"count":1,"href":"https:\/\/revistahubclub.com.br\/portal\/wp-json\/wp\/v2\/posts\/10133\/revisions"}],"predecessor-version":[{"id":10135,"href":"https:\/\/revistahubclub.com.br\/portal\/wp-json\/wp\/v2\/posts\/10133\/revisions\/10135"}],"wp:featuredmedia":[{"embeddable":true,"href":"https:\/\/revistahubclub.com.br\/portal\/wp-json\/wp\/v2\/media\/10134"}],"wp:attachment":[{"href":"https:\/\/revistahubclub.com.br\/portal\/wp-json\/wp\/v2\/media?parent=10133"}],"wp:term":[{"taxonomy":"category","embeddable":true,"href":"https:\/\/revistahubclub.com.br\/portal\/wp-json\/wp\/v2\/categories?post=10133"},{"taxonomy":"post_tag","embeddable":true,"href":"https:\/\/revistahubclub.com.br\/portal\/wp-json\/wp\/v2\/tags?post=10133"}],"curies":[{"name":"wp","href":"https:\/\/api.w.org\/{rel}","templated":true}]}}