{"id":10176,"date":"2021-07-15T09:47:00","date_gmt":"2021-07-15T12:47:00","guid":{"rendered":"https:\/\/revistahubclub.com.br\/portal\/?p=10176"},"modified":"2025-01-08T09:47:48","modified_gmt":"2025-01-08T12:47:48","slug":"dupla-emersom-e-jean-e-leo-chaves-lancam-nova-musica-na-proxima-semana","status":"publish","type":"post","link":"https:\/\/revistahubclub.com.br\/portal\/2021\/07\/15\/dupla-emersom-e-jean-e-leo-chaves-lancam-nova-musica-na-proxima-semana\/","title":{"rendered":"Dupla Emersom e Jean e L\u00e9o Chaves lan\u00e7am nova m\u00fasica na pr\u00f3xima semana."},"content":{"rendered":"\n<p id=\"viewer-e4l34\"><strong>Emersom e Jean s\u00e3o do nosso Tri\u00e2ngulo Mineiro e est\u00e3o se firmando no cen\u00e1rio da m\u00fasica sertaneja nacional.<\/strong><\/p>\n\n\n\n<p id=\"viewer-3n65u\"><strong>(foto Mauro Marques)<\/strong><\/p>\n\n\n\n<p id=\"viewer-f2q5i\">A nova m\u00fasica se chama \u201cBora Voltar\u201d, faz parte do DVD \u201cNo 12\u201d e chega \u00e0s plataformas digitais e Youtube ainda neste m\u00eas ,Emerson &amp; Jean decidiram presentear os f\u00e3s com uma novidade especial, o lan\u00e7amento da m\u00fasica \u201cBora Voltar\u201d, a qual eles dividem o vocal com o \u00eddolo e amigo L\u00e9o Chaves. A faixa estar\u00e1 nas plataformas digitais em 23 de julho e vem acompanhada de um v\u00eddeo extra\u00eddo do DVD e exibido no canal oficial da dupla, no Youtube.<\/p>\n\n\n\n<p id=\"viewer-2ab5\">E tem promo\u00e7\u00e3o especial !<\/p>\n\n\n\n<p id=\"viewer-84gml\">Bora concorrer \u00e0 uma JBL autografada por Emerson &amp; Jean e L\u00e9o Chaves? Ent\u00e3o fa\u00e7a o pr\u00e9-save do lan\u00e7amento da nova m\u00fasica deles aqui no link abaixo!!!!!\ud83c\udfb6\ud83c\udfb6\ud83c\udfb6\ud83c\udfb6\ud83c\udfb6\ud83d\ude80https:\/\/onerpm.ffm.to\/boravoltar<\/p>\n","protected":false},"excerpt":{"rendered":"<p>Emersom e Jean s\u00e3o do nosso Tri\u00e2ngulo Mineiro e est\u00e3o se firmando no cen\u00e1rio da m\u00fasica sertaneja nacional. (foto Mauro Marques) A nova m\u00fasica se chama \u201cBora Voltar\u201d, faz parte<\/p>\n","protected":false},"author":1,"featured_media":0,"comment_status":"open","ping_status":"open","sticky":false,"template":"","format":"standard","meta":{"footnotes":""},"categories":[1],"tags":[],"class_list":["post-10176","post","type-post","status-publish","format-standard","hentry","category-noticias"],"_links":{"self":[{"href":"https:\/\/revistahubclub.com.br\/portal\/wp-json\/wp\/v2\/posts\/10176","targetHints":{"allow":["GET"]}}],"collection":[{"href":"https:\/\/revistahubclub.com.br\/portal\/wp-json\/wp\/v2\/posts"}],"about":[{"href":"https:\/\/revistahubclub.com.br\/portal\/wp-json\/wp\/v2\/types\/post"}],"author":[{"embeddable":true,"href":"https:\/\/revistahubclub.com.br\/portal\/wp-json\/wp\/v2\/users\/1"}],"replies":[{"embeddable":true,"href":"https:\/\/revistahubclub.com.br\/portal\/wp-json\/wp\/v2\/comments?post=10176"}],"version-history":[{"count":1,"href":"https:\/\/revistahubclub.com.br\/portal\/wp-json\/wp\/v2\/posts\/10176\/revisions"}],"predecessor-version":[{"id":10177,"href":"https:\/\/revistahubclub.com.br\/portal\/wp-json\/wp\/v2\/posts\/10176\/revisions\/10177"}],"wp:attachment":[{"href":"https:\/\/revistahubclub.com.br\/portal\/wp-json\/wp\/v2\/media?parent=10176"}],"wp:term":[{"taxonomy":"category","embeddable":true,"href":"https:\/\/revistahubclub.com.br\/portal\/wp-json\/wp\/v2\/categories?post=10176"},{"taxonomy":"post_tag","embeddable":true,"href":"https:\/\/revistahubclub.com.br\/portal\/wp-json\/wp\/v2\/tags?post=10176"}],"curies":[{"name":"wp","href":"https:\/\/api.w.org\/{rel}","templated":true}]}}