{"id":10242,"date":"2025-01-16T07:44:28","date_gmt":"2025-01-16T10:44:28","guid":{"rendered":"https:\/\/revistahubclub.com.br\/portal\/?p=10242"},"modified":"2025-01-17T09:55:33","modified_gmt":"2025-01-17T12:55:33","slug":"uberlandia-e-a-4a-melhor-cidade-do-brasil-e-1a-de-minas-gerais-para-se-viver","status":"publish","type":"post","link":"https:\/\/revistahubclub.com.br\/portal\/2025\/01\/16\/uberlandia-e-a-4a-melhor-cidade-do-brasil-e-1a-de-minas-gerais-para-se-viver\/","title":{"rendered":"Uberl\u00e2ndia \u00e9 a 4\u00aa melhor cidade do Brasil e 1\u00aa de Minas Gerais para se viver"},"content":{"rendered":"\n<figure class=\"wp-block-image size-large\"><img loading=\"lazy\" decoding=\"async\" width=\"1024\" height=\"801\" src=\"https:\/\/revistahubclub.com.br\/portal\/wp-content\/uploads\/2025\/01\/Complexo-externas-aereas-2-1024x801.jpg\" alt=\"\" class=\"wp-image-10243\" srcset=\"https:\/\/revistahubclub.com.br\/portal\/wp-content\/uploads\/2025\/01\/Complexo-externas-aereas-2-1024x801.jpg 1024w, https:\/\/revistahubclub.com.br\/portal\/wp-content\/uploads\/2025\/01\/Complexo-externas-aereas-2-300x235.jpg 300w, https:\/\/revistahubclub.com.br\/portal\/wp-content\/uploads\/2025\/01\/Complexo-externas-aereas-2-768x601.jpg 768w, https:\/\/revistahubclub.com.br\/portal\/wp-content\/uploads\/2025\/01\/Complexo-externas-aereas-2-1536x1202.jpg 1536w, https:\/\/revistahubclub.com.br\/portal\/wp-content\/uploads\/2025\/01\/Complexo-externas-aereas-2-2048x1603.jpg 2048w\" sizes=\"auto, (max-width: 1024px) 100vw, 1024px\" \/><\/figure>\n\n\n\n<p>Desde o primeiro levantamento em 2010, munic\u00edpio subiu 6 posi\u00e7\u00f5es no ranking \u2018Desafios da Gest\u00e3o Municipal\u2019<\/p>\n\n\n\n<p>Uberl\u00e2ndia recebeu mais um reconhecimento \u00e0s pol\u00edticas p\u00fablicas em prol da qualidade de vida da popula\u00e7\u00e3o, com investimentos robustos e s\u00f3lidos em setores essenciais, como sa\u00fade, educa\u00e7\u00e3o, infraestrutura, desenvolvimento social e saneamento. A cidade aparece como a 4\u00aa melhor do pa\u00eds e a 1\u00aa de Minas Gerais para se viver na edi\u00e7\u00e3o 2024 do ranking \u201cDesafios das Gest\u00e3o Municipal\u201d (DGM), divulgado pela consultoria Macroplan ap\u00f3s an\u00e1lise de 15 indicadores entre os 100 maiores munic\u00edpios brasileiros (com mais de 275 mil habitantes).<\/p>\n\n\n\n<p>\u201cMesmo com todos os desafios enfrentados nos \u00faltimos anos, estamos entre as 5 melhores do pa\u00eds, \u00e0 frente de todas as capitais. Nesses oito anos na gest\u00e3o da Prefeitura de Uberl\u00e2ndia, procuramos proporcionar \u00e0 nossa popula\u00e7\u00e3o justamente o que os n\u00fameros de avaliadores externos mostram: estrutura e condi\u00e7\u00f5es para que todos tenham um lugar para morar, estudar, trabalhar e se desenvolver. Essa \u00e9 a prova de que quando as a\u00e7\u00f5es s\u00e3o respons\u00e1veis e consistentes, com p\u00e9 no ch\u00e3o, \u00e9 poss\u00edvel passar pelas dificuldades com resili\u00eancia\u201d, disse o prefeito Odelmo Le\u00e3o.<\/p>\n\n\n\n<p>Destaque em educa\u00e7\u00e3o, sa\u00fade, seguran\u00e7as e saneamento<br>Em tr\u00eas dos indicadores do DGM 2024, Uberl\u00e2ndia chega a ser a primeira do pa\u00eds. Os destaques est\u00e3o na alta taxa de matr\u00edcula pr\u00e9-escolar, no sucesso de nascidos vivos com pr\u00e9-natal adequado e no atendimento de 100% da popula\u00e7\u00e3o com \u00e1gua tratada. A segunda maior cidade mineira ainda \u00e9 vista como uma das mais seguras, ocupando a 2\u00aa posi\u00e7\u00e3o entre as menores taxas de homic\u00eddio por 100 mil habitantes.<\/p>\n\n\n\n<p>A base de dados do ranking abrange o per\u00edodo de 2010 a 2023, mostrando que o munic\u00edpio avan\u00e7ou 49 posi\u00e7\u00f5es apenas no indicador de educa\u00e7\u00e3o e outras 45 na cobertura de aten\u00e7\u00e3o b\u00e1sica. A percep\u00e7\u00e3o de seguran\u00e7a subiu 39 lugares, enquanto o fornecimento de \u00e1gua avan\u00e7ou 34 posi\u00e7\u00f5es.<\/p>\n\n\n\n<figure class=\"wp-block-image size-full\"><img loading=\"lazy\" decoding=\"async\" width=\"715\" height=\"424\" src=\"https:\/\/revistahubclub.com.br\/portal\/wp-content\/uploads\/2025\/01\/image-87.png\" alt=\"\" class=\"wp-image-10244\" srcset=\"https:\/\/revistahubclub.com.br\/portal\/wp-content\/uploads\/2025\/01\/image-87.png 715w, https:\/\/revistahubclub.com.br\/portal\/wp-content\/uploads\/2025\/01\/image-87-300x178.png 300w\" sizes=\"auto, (max-width: 715px) 100vw, 715px\" \/><\/figure>\n\n\n<figure class=\"wp-block-post-featured-image\"><img loading=\"lazy\" decoding=\"async\" width=\"2560\" height=\"2003\" src=\"https:\/\/revistahubclub.com.br\/portal\/wp-content\/uploads\/2025\/01\/Complexo-externas-aereas-2-scaled.jpg\" class=\"attachment-post-thumbnail size-post-thumbnail wp-post-image\" alt=\"\" style=\"object-fit:cover;\" srcset=\"https:\/\/revistahubclub.com.br\/portal\/wp-content\/uploads\/2025\/01\/Complexo-externas-aereas-2-scaled.jpg 2560w, https:\/\/revistahubclub.com.br\/portal\/wp-content\/uploads\/2025\/01\/Complexo-externas-aereas-2-300x235.jpg 300w, https:\/\/revistahubclub.com.br\/portal\/wp-content\/uploads\/2025\/01\/Complexo-externas-aereas-2-1024x801.jpg 1024w, https:\/\/revistahubclub.com.br\/portal\/wp-content\/uploads\/2025\/01\/Complexo-externas-aereas-2-768x601.jpg 768w, https:\/\/revistahubclub.com.br\/portal\/wp-content\/uploads\/2025\/01\/Complexo-externas-aereas-2-1536x1202.jpg 1536w, https:\/\/revistahubclub.com.br\/portal\/wp-content\/uploads\/2025\/01\/Complexo-externas-aereas-2-2048x1603.jpg 2048w\" sizes=\"auto, (max-width: 2560px) 100vw, 2560px\" \/><\/figure>","protected":false},"excerpt":{"rendered":"<p>Desde o primeiro levantamento em 2010, munic\u00edpio subiu 6 posi\u00e7\u00f5es no ranking \u2018Desafios da Gest\u00e3o Municipal\u2019 Uberl\u00e2ndia recebeu mais um reconhecimento \u00e0s pol\u00edticas p\u00fablicas em prol da qualidade de vida<\/p>\n","protected":false},"author":2,"featured_media":10243,"comment_status":"open","ping_status":"open","sticky":false,"template":"","format":"standard","meta":{"footnotes":""},"categories":[1],"tags":[65,27],"class_list":["post-10242","post","type-post","status-publish","format-standard","has-post-thumbnail","hentry","category-noticias","tag-melhor-cidade","tag-uberlandia"],"_links":{"self":[{"href":"https:\/\/revistahubclub.com.br\/portal\/wp-json\/wp\/v2\/posts\/10242","targetHints":{"allow":["GET"]}}],"collection":[{"href":"https:\/\/revistahubclub.com.br\/portal\/wp-json\/wp\/v2\/posts"}],"about":[{"href":"https:\/\/revistahubclub.com.br\/portal\/wp-json\/wp\/v2\/types\/post"}],"author":[{"embeddable":true,"href":"https:\/\/revistahubclub.com.br\/portal\/wp-json\/wp\/v2\/users\/2"}],"replies":[{"embeddable":true,"href":"https:\/\/revistahubclub.com.br\/portal\/wp-json\/wp\/v2\/comments?post=10242"}],"version-history":[{"count":2,"href":"https:\/\/revistahubclub.com.br\/portal\/wp-json\/wp\/v2\/posts\/10242\/revisions"}],"predecessor-version":[{"id":10252,"href":"https:\/\/revistahubclub.com.br\/portal\/wp-json\/wp\/v2\/posts\/10242\/revisions\/10252"}],"wp:featuredmedia":[{"embeddable":true,"href":"https:\/\/revistahubclub.com.br\/portal\/wp-json\/wp\/v2\/media\/10243"}],"wp:attachment":[{"href":"https:\/\/revistahubclub.com.br\/portal\/wp-json\/wp\/v2\/media?parent=10242"}],"wp:term":[{"taxonomy":"category","embeddable":true,"href":"https:\/\/revistahubclub.com.br\/portal\/wp-json\/wp\/v2\/categories?post=10242"},{"taxonomy":"post_tag","embeddable":true,"href":"https:\/\/revistahubclub.com.br\/portal\/wp-json\/wp\/v2\/tags?post=10242"}],"curies":[{"name":"wp","href":"https:\/\/api.w.org\/{rel}","templated":true}]}}