{"id":10246,"date":"2025-01-16T07:50:26","date_gmt":"2025-01-16T10:50:26","guid":{"rendered":"https:\/\/revistahubclub.com.br\/portal\/?p=10246"},"modified":"2025-01-17T09:54:53","modified_gmt":"2025-01-17T12:54:53","slug":"a-forca-e-a-diversidade-dos-eventos-culturais-para-a-economia-e-a-valorizacao-da-producao-artistica","status":"publish","type":"post","link":"https:\/\/revistahubclub.com.br\/portal\/2025\/01\/16\/a-forca-e-a-diversidade-dos-eventos-culturais-para-a-economia-e-a-valorizacao-da-producao-artistica\/","title":{"rendered":"A for\u00e7a e a diversidade dos eventos culturais para a economia e a valoriza\u00e7\u00e3o da produ\u00e7\u00e3o art\u00edstica"},"content":{"rendered":"\n<figure class=\"wp-block-image size-full\"><img loading=\"lazy\" decoding=\"async\" width=\"729\" height=\"437\" src=\"https:\/\/revistahubclub.com.br\/portal\/wp-content\/uploads\/2025\/01\/image-88.png\" alt=\"\" class=\"wp-image-10247\" srcset=\"https:\/\/revistahubclub.com.br\/portal\/wp-content\/uploads\/2025\/01\/image-88.png 729w, https:\/\/revistahubclub.com.br\/portal\/wp-content\/uploads\/2025\/01\/image-88-300x180.png 300w\" sizes=\"auto, (max-width: 729px) 100vw, 729px\" \/><\/figure>\n\n\n\n<p><strong><em>A<\/em><\/strong><em><strong>lit\u00e9ia Milagre | Fotos Divulga\u00e7\u00e3o<br><\/strong><\/em>Uberl\u00e2ndia promove agenda diversificada que enriquece cen\u00e1rio art\u00edstico e cultural da cidade<\/p>\n\n\n\n<p>Com uma programa\u00e7\u00e3o cultural que mescla a valoriza\u00e7\u00e3o de talentos locais e a presen\u00e7a de artistas consagrados no cen\u00e1rio nacional, Uberl\u00e2ndia promove uma agenda diversificada de eventos que enriquecem o cen\u00e1rio art\u00edstico e cultural da cidade durante o ano todo. Espet\u00e1culos teatrais, shows, exposi\u00e7\u00f5es, festivais e confer\u00eancias s\u00e3o iniciativas que dinamizam a cidade, movimentam o cen\u00e1rio cultural, impulsionam a economia criativa e valorizam a produ\u00e7\u00e3o art\u00edstica.<\/p>\n\n\n\n<p>Em n\u00edvel nacional, o impacto econ\u00f4mico no setor de eventos \u00e9 bastante significativo. Segundo a Abrape, este setor representa 3,8% do PIB brasileiro, com um faturamento anual de R$ 291,1 bilh\u00f5es. A cadeia setorial envolve 6,6 milh\u00f5es de pessoas, gerando uma massa salarial de R$ 71 bilh\u00f5es e 3.205.550 empregos, o que corresponde a 6,6% dos postos de trabalho no Brasil.<\/p>\n\n\n\n<p>A secret\u00e1ria de Cultura e Turismo, M\u00f4nica Debs, destaca que a cultura desempenha um papel estrat\u00e9gico na economia, gerando impactos que v\u00e3o muito al\u00e9m dos artistas e produtores culturais. Segundo Debs, a cultura movimenta toda uma cadeia econ\u00f4mica, impulsionando setores como turismo, com\u00e9rcio, servi\u00e7os e gastronomia, contribuindo para o desenvolvimento integrado da cidade. \u201cOs setores de alimento e bebida, de bens e servi\u00e7os, hotelaria e de insumos, por exemplo, tamb\u00e9m se beneficiam. Portanto, investir em cultura \u00e9 proporcionar oportunidades, que geram emprego e renda em diversas esferas\u201d, diz.<\/p>\n\n\n\n<p>A secret\u00e1ria salienta ainda que gest\u00e3o Odelmo Le\u00e3o deu espa\u00e7o para que a Secretaria de Cultura desenvolvesse pol\u00edticas p\u00fablicas que apoiassem e estimulassem a produ\u00e7\u00e3o cultural na cidade. \u201cEsse tem sido o compromisso desses \u00faltimos oito anos. Apenas em 2024, contemplamos 27 editais, promovendo concess\u00e3o de bolsas, selecionando propostas de atividades, premia\u00e7\u00f5es e contrata\u00e7\u00f5es, entre outros, al\u00e9m das cess\u00f5es de espa\u00e7o para a realiza\u00e7\u00e3o de eventos diversos por toda a cidade. Al\u00e9m disso, a Prefeitura de Uberl\u00e2ndia viabilizou, seja por investimento direto, seja por apoio, mais de 150 a\u00e7\u00f5es, incluindo shows, oficinas, espet\u00e1culos, cineclubes, lan\u00e7amento de livro, Mercado de Pulgas, Feira de Cultura, Carnaval, entre outros\u201d, destaca.<\/p>\n\n\n\n<p>Meire Massa, coordenadora de eventos da CDL Uberl\u00e2ndia, concorda com a secret\u00e1ria. Ela afirma que entre outros motivos, os eventos s\u00e3o cruciais para a gera\u00e7\u00e3o de novos neg\u00f3cios e empregos, prospec\u00e7\u00e3o de clientes e cria\u00e7\u00e3o de parcerias. \u201cA CDL Uberl\u00e2ndia, por exemplo, recebe anualmente cerca de 300 eventos variados, incluindo congressos, conven\u00e7\u00f5es, feiras e apresenta\u00e7\u00f5es, eventos culturais, atraindo milhares de pessoas. Sem d\u00favida, movimenta toda a cadeia do setor, atrai pessoas de fora para conhecer nossa cidade e usufruir do que ela oferece, movimentando a economia em geral\u201d, afirma.<\/p>\n\n\n\n<p><strong>Produ\u00e7\u00e3o cultural<br><\/strong>Para se ter ideia da grandeza do setor, no que tange a cultura de artes c\u00eanicas, o jornalista, produtor cultural, idealizador e coordenador do projeto Uberl\u00e2ndia na Rota das Culturas, Carlos Guimar\u00e3es, explica que a programa\u00e7\u00e3o \u00e9 de suma import\u00e2ncia para a fideliza\u00e7\u00e3o de p\u00fablico. \u201cS\u00e3o muitos espectadores comparecendo em todos os eventos. \u00c9 surpreendente, e n\u00e3o deveria ser, que tenhamos levado, apenas em 2024, quase 30 mil pessoas aos teatros, que alguns espet\u00e1culos da nossa programa\u00e7\u00e3o tiveram uma ou duas sess\u00f5es extras. O que podemos afirmar \u00e9 que n\u00e3o foi nada f\u00e1cil para isso acontecer\u201d, esclarece.<\/p>\n\n\n\n<p>Para trazer as pe\u00e7as teatrais de qualidade para a cidade, Carlos conta que antes assiste em outros munic\u00edpios e como j\u00e1 tem relacionamento com artistas e produtores, sobretudo do eixo Rio-S\u00e3o Paulo, tamb\u00e9m coleta as opini\u00f5es dos colegas. \u201cOs eixos tem\u00e1ticos de alguns espet\u00e1culos tamb\u00e9m s\u00e3o pertinentes no momento da escolha, assim como as premia\u00e7\u00f5es que a montagem conquista ap\u00f3s a estreia. Tudo isso nos leva a um estado de observa\u00e7\u00e3o. Da\u00ed, somamos todos estes elementos e decidimos o que seria vi\u00e1vel para Uberl\u00e2ndia, obviamente pulando para outra etapa, que s\u00e3o os custos de cada um, os patroc\u00ednios externos que eventualmente o espet\u00e1culo tenha, algo tipo um estudo de viabilidade para que a negocia\u00e7\u00e3o possa ser efetivada\u201d.<\/p>\n\n\n\n<p><strong>Arte mais do que entretenimento<br><\/strong>Outra observa\u00e7\u00e3o de Guimar\u00e3es \u00e9 a visibilidade de artistas que n\u00e3o s\u00e3o famosos. \u201cMesmo os artistas famosos tendo mais apelo de consumo, parecem n\u00e3o ser mais a prioridade do p\u00fablico. O espectador est\u00e1 mais antenado com o conte\u00fado do espet\u00e1culo. J\u00e1 chegamos a ter recordes de p\u00fablico com montagens que n\u00e3o continham artistas de telenovelas, como, entre outros, o musical Suassuna o \u201cAuto do Reino do Sol\u201d, com o grupo carioca \u201cA Barca dos Cora\u00e7\u00f5es Partidos\u201d.<\/p>\n\n\n\n<p>Em um contexto de grandes transforma\u00e7\u00f5es, alguns encaram a cultura apenas como entretenimento ou mero passatempo. Para Carlos, \u00e9 preciso ver a cultura em universos que que conversem sobre temas como racismo, pessoas com defici\u00eancia, a misoginia, a homossexualidade, entre outros assuntos pertinentes ao mundo contempor\u00e2neo. \u201cA vida real pode ser colocada em cena, seja como drama ou com\u00e9dia, de forma potente e transformadora. Mais do que a pol\u00edtica partid\u00e1ria, a arte nos salva. E qualquer consumo, de qualquer mercado, deve passar por essa premissa, de identifica\u00e7\u00e3o do consumidor com o produto que ele est\u00e1 consumindo\u201d, avalia.<\/p>\n\n\n\n<p><strong>Recorde de espet\u00e1culos<br><\/strong><\/p>\n\n\n\n<figure class=\"wp-block-image size-large\"><img loading=\"lazy\" decoding=\"async\" width=\"768\" height=\"1024\" src=\"https:\/\/revistahubclub.com.br\/portal\/wp-content\/uploads\/2025\/01\/carlinhos12-creditoBeto-Oliveira-768x1024.jpeg\" alt=\"\" class=\"wp-image-10248\" srcset=\"https:\/\/revistahubclub.com.br\/portal\/wp-content\/uploads\/2025\/01\/carlinhos12-creditoBeto-Oliveira-768x1024.jpeg 768w, https:\/\/revistahubclub.com.br\/portal\/wp-content\/uploads\/2025\/01\/carlinhos12-creditoBeto-Oliveira-225x300.jpeg 225w, https:\/\/revistahubclub.com.br\/portal\/wp-content\/uploads\/2025\/01\/carlinhos12-creditoBeto-Oliveira-1152x1536.jpeg 1152w, https:\/\/revistahubclub.com.br\/portal\/wp-content\/uploads\/2025\/01\/carlinhos12-creditoBeto-Oliveira.jpeg 1200w\" sizes=\"auto, (max-width: 768px) 100vw, 768px\" \/><\/figure>\n\n\n\n<p>O produtor cultural Carlos Guimar\u00e3es conta que em 2023, Uberl\u00e2ndia recebeu em torno de nove espet\u00e1culos. \u201cNeste ano, n\u00e3o poupamos esfor\u00e7os. Foram 18 espet\u00e1culos como As Meninas Velhas, com Lucinha Lins, B\u00e1rbara Bruno, N\u00e1dia Nardim e S\u00f4nia de Paula; o Eu de Voc\u00ea, com Denise Fraga, B\u00e1rbara, com Marisa Orth; A Vedete do Brasil, com Suely Franco e elenco; A \u00daltima Sess\u00e3o de Freud, com Odilon Wagner e Marcello Airoldi; Meu Corpo Est\u00e1 Aqui, com elenco de PcDs (Pessoas com Deifici\u00eancia), entre outros\u201d.<\/p>\n\n\n\n<p>Al\u00e9m destes espet\u00e1culos, Carlos assinou a produ\u00e7\u00e3o local de mais quatro espet\u00e1culos: um com a Cia Deborah Colker de Dan\u00e7a, outro com o comediante Marco Veras, outro com o tamb\u00e9m comediante e ilusionista Gabriel Louchard e um incr\u00edvel Guimar\u00e3es Rosa de Giuspeppe Orist\u00e2nio.<\/p>\n\n\n\n<p>Outro desdobramento neste ano, foram tr\u00eas exposi\u00e7\u00f5es com fotos de Beto Oliveira, mostrando parte dos espet\u00e1culos produzidos ao longo de tr\u00eas d\u00e9cadas. Paralelamente, houve a formata\u00e7\u00e3o de um projeto para uma jovem cantora l\u00edrica brasileira, com participa\u00e7\u00f5es especiais de Wagner Tiso, Thiago Arancam e orquestras e a apresenta\u00e7\u00e3o em Bras\u00edlia (teatro da Funarte), S\u00e3o Paulo (Teatro J Safra) e Rio de Janeiro (sala Cec\u00edlia Meirelles). \u201cPara 2025, temos uma programa\u00e7\u00e3o ainda mais impactante, mas dependemos das capta\u00e7\u00f5es de patroc\u00ednios e negocia\u00e7\u00f5es com cada uma delas. Adianto que ser\u00e1 absolutamente incr\u00edvel, tal como foi neste ano e como tem sido ao longo de todos os anos\u201d, ressalta Carlos Guimar\u00e3es.<\/p>\n\n\n\n<p><strong>Cultura em forma de graffiti<br><\/strong><\/p>\n\n\n\n<figure class=\"wp-block-image size-full\"><img loading=\"lazy\" decoding=\"async\" width=\"599\" height=\"550\" src=\"https:\/\/revistahubclub.com.br\/portal\/wp-content\/uploads\/2025\/01\/image-89.png\" alt=\"\" class=\"wp-image-10249\" srcset=\"https:\/\/revistahubclub.com.br\/portal\/wp-content\/uploads\/2025\/01\/image-89.png 599w, https:\/\/revistahubclub.com.br\/portal\/wp-content\/uploads\/2025\/01\/image-89-300x275.png 300w\" sizes=\"auto, (max-width: 599px) 100vw, 599px\" \/><\/figure>\n\n\n\n<p>O graffiti desempenha um papel \u00edmpar, especialmente em contextos marcados por estigmas ou preconceitos. A t\u00e9cnica, antes amplamente considerada como desprovido de valor est\u00e9tico ou art\u00edstico, hoje ganha espa\u00e7o como express\u00e3o leg\u00edtima e t\u00e3o significativa que muitas empresas passaram a investir na arte de fachada para seus pr\u00f3prios estabelecimentos usando o talento de artistas.<\/p>\n\n\n\n<p>Artista com 25 anos de trajet\u00f3ria, Dequete \u00e9 um dos principais nomes do graffiti em Uberl\u00e2ndia, transformando as ruas da cidade em telas que refletem a vida em suas m\u00faltiplas facetas. Para ele, o graffiti vai al\u00e9m de uma express\u00e3o art\u00edstica, \u00e9 um estilo de vida que utiliza a cidade como espa\u00e7o de transforma\u00e7\u00e3o. \u201c\u00c9 uma poderosa ferramenta de valoriza\u00e7\u00e3o est\u00e9tica dos espa\u00e7os urbanos, pois ressignifica ambientes, transforma paredes em obras de arte e traz cores, vida e alegria para o cotidiano. Mais do que decorar, ele humaniza os espa\u00e7os, sensibiliza e toca as pessoas. Assim como toda forma de arte, o graffiti estabelece uma comunica\u00e7\u00e3o direta com o p\u00fablico, criando uma conex\u00e3o emocional que vai al\u00e9m da est\u00e9tica\u201d, afirma.<\/p>\n\n\n\n<p>Juntamente com a produtora cultural, Preta em Flor, Dequete fundou o Instituto Aljava, com foco em a\u00e7\u00f5es pedag\u00f3gicas e educacionais que utilizam o hip-hop como ferramenta nas escolas. \u201cA maior conquista seria ter nossa pr\u00f3pria sede. Seria um sonho criar um espa\u00e7o onde pud\u00e9ssemos dar aulas para a juventude, receber interc\u00e2mbios de artistas de outros lugares e, principalmente, contribuir para que Uberl\u00e2ndia se torne uma refer\u00eancia nacional e internacional em arte urbana\u201d, conclui Dequete.<\/p>\n\n\n<figure class=\"wp-block-post-featured-image\"><img loading=\"lazy\" decoding=\"async\" width=\"729\" height=\"437\" src=\"https:\/\/revistahubclub.com.br\/portal\/wp-content\/uploads\/2025\/01\/image-88.png\" class=\"attachment-post-thumbnail size-post-thumbnail wp-post-image\" alt=\"\" style=\"object-fit:cover;\" srcset=\"https:\/\/revistahubclub.com.br\/portal\/wp-content\/uploads\/2025\/01\/image-88.png 729w, https:\/\/revistahubclub.com.br\/portal\/wp-content\/uploads\/2025\/01\/image-88-300x180.png 300w\" sizes=\"auto, (max-width: 729px) 100vw, 729px\" \/><\/figure>","protected":false},"excerpt":{"rendered":"<p>Alit\u00e9ia Milagre | Fotos Divulga\u00e7\u00e3oUberl\u00e2ndia promove agenda diversificada que enriquece cen\u00e1rio art\u00edstico e cultural da cidade Com uma programa\u00e7\u00e3o cultural que mescla a valoriza\u00e7\u00e3o de talentos locais e a presen\u00e7a<\/p>\n","protected":false},"author":2,"featured_media":10247,"comment_status":"open","ping_status":"open","sticky":false,"template":"","format":"standard","meta":{"footnotes":""},"categories":[1],"tags":[68,67,66,69,27],"class_list":["post-10246","post","type-post","status-publish","format-standard","has-post-thumbnail","hentry","category-noticias","tag-cultura","tag-diversidade","tag-forca","tag-producao-artistica","tag-uberlandia"],"_links":{"self":[{"href":"https:\/\/revistahubclub.com.br\/portal\/wp-json\/wp\/v2\/posts\/10246","targetHints":{"allow":["GET"]}}],"collection":[{"href":"https:\/\/revistahubclub.com.br\/portal\/wp-json\/wp\/v2\/posts"}],"about":[{"href":"https:\/\/revistahubclub.com.br\/portal\/wp-json\/wp\/v2\/types\/post"}],"author":[{"embeddable":true,"href":"https:\/\/revistahubclub.com.br\/portal\/wp-json\/wp\/v2\/users\/2"}],"replies":[{"embeddable":true,"href":"https:\/\/revistahubclub.com.br\/portal\/wp-json\/wp\/v2\/comments?post=10246"}],"version-history":[{"count":2,"href":"https:\/\/revistahubclub.com.br\/portal\/wp-json\/wp\/v2\/posts\/10246\/revisions"}],"predecessor-version":[{"id":10251,"href":"https:\/\/revistahubclub.com.br\/portal\/wp-json\/wp\/v2\/posts\/10246\/revisions\/10251"}],"wp:featuredmedia":[{"embeddable":true,"href":"https:\/\/revistahubclub.com.br\/portal\/wp-json\/wp\/v2\/media\/10247"}],"wp:attachment":[{"href":"https:\/\/revistahubclub.com.br\/portal\/wp-json\/wp\/v2\/media?parent=10246"}],"wp:term":[{"taxonomy":"category","embeddable":true,"href":"https:\/\/revistahubclub.com.br\/portal\/wp-json\/wp\/v2\/categories?post=10246"},{"taxonomy":"post_tag","embeddable":true,"href":"https:\/\/revistahubclub.com.br\/portal\/wp-json\/wp\/v2\/tags?post=10246"}],"curies":[{"name":"wp","href":"https:\/\/api.w.org\/{rel}","templated":true}]}}