{"id":10302,"date":"2025-01-20T12:48:00","date_gmt":"2025-01-20T15:48:00","guid":{"rendered":"https:\/\/revistahubclub.com.br\/portal\/?p=10302"},"modified":"2025-01-20T21:01:38","modified_gmt":"2025-01-21T00:01:38","slug":"voce-sabe-qual-e-a-sua-funcao-no-empreendedorismo-e-inovacao","status":"publish","type":"post","link":"https:\/\/revistahubclub.com.br\/portal\/2025\/01\/20\/voce-sabe-qual-e-a-sua-funcao-no-empreendedorismo-e-inovacao\/","title":{"rendered":"Voc\u00ea sabe qual \u00e9 a sua fun\u00e7\u00e3o no empreendedorismo e inova\u00e7\u00e3o?"},"content":{"rendered":"\n<p>H\u00e1 alguns anos tive o prazer de me encontrar com Gifford Pinchot, um estudioso e mestre em empreendedorismo e inova\u00e7\u00e3o.<\/p>\n\n\n\n<p>Naquela \u00e9poca, compreendi perfeitamente a sua tese e encontrei respostas \u00e0s minhas quest\u00f5es sobre algumas raz\u00f5es pelas quais o Brasil n\u00e3o consegue se firmar e evoluir no Ranking Global de Competitividade (62\u00aa posi\u00e7\u00e3o) e Inova\u00e7\u00e3o (50\u00aa posi\u00e7\u00e3o).<\/p>\n\n\n\n<p>Cada um deve assumir o seu papel e ter atitudes proativas, a fim de influenciar o ecossistema que est\u00e1 inserido, visando acelerar, transformar e proporcionar um ambiente prop\u00edcio para empreender e inovar.<\/p>\n\n\n\n<p>Pinchot prop\u00f5e a seguinte configura\u00e7\u00e3o para que o empreendedorismo e inova\u00e7\u00e3o aconte\u00e7am de forma sustent\u00e1vel, fluida e perene:<\/p>\n\n\n\n<figure class=\"wp-block-image size-full\"><img loading=\"lazy\" decoding=\"async\" width=\"593\" height=\"384\" src=\"https:\/\/revistahubclub.com.br\/portal\/wp-content\/uploads\/2025\/01\/image-93.png\" alt=\"\" class=\"wp-image-10303\" srcset=\"https:\/\/revistahubclub.com.br\/portal\/wp-content\/uploads\/2025\/01\/image-93.png 593w, https:\/\/revistahubclub.com.br\/portal\/wp-content\/uploads\/2025\/01\/image-93-300x194.png 300w, https:\/\/revistahubclub.com.br\/portal\/wp-content\/uploads\/2025\/01\/image-93-370x241.png 370w\" sizes=\"auto, (max-width: 593px) 100vw, 593px\" \/><\/figure>\n\n\n\n<p><strong>Formadores de ambiente<br><\/strong>Este grupo de pessoas \u00e9 fundamental para que o empreendedorismo e inova\u00e7\u00e3o se manifestem. O ambiente influencia positivamente ou negativamente na motiva\u00e7\u00e3o, mentalidade e iniciativas daqueles que comp\u00f5em as organiza\u00e7\u00f5es.<\/p>\n\n\n\n<p>O ambiente deve ser aberto, transparente, incentivador, colaborativo, n\u00e3o punitivo aos erros, meritocr\u00e1tico e receptivo a contribui\u00e7\u00f5es e ideias novas.<\/p>\n\n\n\n<p>Os l\u00edderes devem exercer uma vigil\u00e2ncia cont\u00ednua para que o ambiente n\u00e3o perca a sua ess\u00eancia e suas caracter\u00edsticas fundamentais para a promo\u00e7\u00e3o da cultura. Geralmente, este grupo \u00e9 composto pelos ocupantes de cargos com hierarquia mais elevada e com maior autoridade e responsabilidade.<\/p>\n\n\n\n<p><strong>Pessoas com ideias<br><\/strong>Tenho ouvido muitos afirmarem que ideias n\u00e3o valem nada. Que todos t\u00eam ideias. Eu n\u00e3o concordo totalmente com isto. Em minha experi\u00eancia, encontrei pessoas que realmente s\u00e3o diferenciadas e geradoras de ideias com muita facilidade e qualidade. Pessoas com boas ideias podem mudar o mundo! Elas n\u00e3o podem ser inibidas ou criticadas.<\/p>\n\n\n\n<p>Os formadores de opini\u00e3o devem dar a estas pessoas a liberdade de se expressarem. Geralmente, as pessoas com ideias s\u00e3o mais introspectivas. Os extrovertidos precisam deixar que elas se manifestem.<\/p>\n\n\n\n<p>Para que estas pessoas com ideias sejam mais ouvidas, os formadores de ambiente devem criar pol\u00edticas, m\u00e9todos, processos e ferramentas para o registro, avalia\u00e7\u00e3o, implanta\u00e7\u00e3o e reconhecimento das ideias.<\/p>\n\n\n\n<p><strong>Intra-empreendedores<br><\/strong>Os intra-empreendedores t\u00eam a capacidade de identificar, mapear, analisar, acreditar, planejar, negociar recursos e gerenciar a implanta\u00e7\u00e3o das novas ideias. Estes possuem uma boa comunica\u00e7\u00e3o, habilidade de negocia\u00e7\u00e3o, conhecimento do ambiente interno, intera\u00e7\u00e3o com decisores, clientes, mercado e ambiente externo. Eles s\u00e3o aqueles que fazem acontecer e promovem mudan\u00e7as com novas solu\u00e7\u00f5es.<\/p>\n\n\n\n<p><strong>Equipe intra-empreendedora<br><\/strong>V\u00e1rios intra-empreendedores t\u00eam a capacidade de se unirem para a promo\u00e7\u00e3o do empreendedorismo e inova\u00e7\u00e3o. N\u00e3o se faz nada de grande sozinho.<br>A equipe possui disciplina, prazos, crit\u00e9rios, incentivos, recursos e ambiente prop\u00edcio para a execu\u00e7\u00e3o de atividades e tarefas para tornar o novo realiz\u00e1vel.<\/p>\n\n\n\n<p>A equipe acompanha os resultados e promove as corre\u00e7\u00f5es necess\u00e1rias. Os membros da equipe dominam cada fase da execu\u00e7\u00e3o e se aprofundam nos requisitos do projeto.<\/p>\n\n\n\n<p><strong>Patrocinadores<\/strong><br>Os patrocinadores s\u00e3o os investidores. S\u00e3o aqueles que determinam e aprovam os recursos necess\u00e1rios para que o empreendedorismo e inova\u00e7\u00e3o aconte\u00e7am.<br>Os patrocinadores podem usar recursos pr\u00f3prios ou de terceiros. Podem acessar os incentivos do governo ou um grupo de investidores que gerenciam fundos diversos para determinada tese.<\/p>\n\n\n\n<p>Os patrocinadores t\u00eam o papel estrat\u00e9gico, pois aprovam o in\u00edcio, a manuten\u00e7\u00e3o ou o encerramento dos projetos de empreendedorismo e inova\u00e7\u00e3o.<\/p>\n\n\n\n<p>E voc\u00ea? Conseguiu se identificar com algum grupo que promove o empreendedorismo e inova\u00e7\u00e3o em sua organiza\u00e7\u00e3o?<\/p>\n\n\n\n<p>Organiza\u00e7\u00f5es fortes, transformam o ecossistema, que por sua vez transformam as cidades. Portanto, vale a pena exercer a sua autoridade e responsabilidade, contribuindo para que o Brasil continue evoluindo e melhorando a sua posi\u00e7\u00e3o no Ranking Global de Competitividade e Inova\u00e7\u00e3o, como consequ\u00eancia trazer a modernidade, mais empregos, maior desenvolvimento e crescimento sustent\u00e1vel de nossas cidades.<\/p>\n\n\n\n<p><strong><em>Jos\u00e9 Mauro Floriano \u00e9 Corretor e Avaliador Imobili\u00e1rio. MBA Gest\u00e3o Empresarial. Especialista em Gest\u00e3o Empresarial e Investimentos em Neg\u00f3cios Inovadores.<\/em><\/strong><\/p>\n\n\n<figure class=\"wp-block-post-featured-image\"><img loading=\"lazy\" decoding=\"async\" width=\"878\" height=\"551\" src=\"https:\/\/revistahubclub.com.br\/portal\/wp-content\/uploads\/2025\/01\/Captura-de-tela-2025-01-20-124631.png\" class=\"attachment-post-thumbnail size-post-thumbnail wp-post-image\" alt=\"\" style=\"object-fit:cover;\" srcset=\"https:\/\/revistahubclub.com.br\/portal\/wp-content\/uploads\/2025\/01\/Captura-de-tela-2025-01-20-124631.png 878w, https:\/\/revistahubclub.com.br\/portal\/wp-content\/uploads\/2025\/01\/Captura-de-tela-2025-01-20-124631-300x188.png 300w, https:\/\/revistahubclub.com.br\/portal\/wp-content\/uploads\/2025\/01\/Captura-de-tela-2025-01-20-124631-768x482.png 768w\" sizes=\"auto, (max-width: 878px) 100vw, 878px\" \/><\/figure>","protected":false},"excerpt":{"rendered":"<p>H\u00e1 alguns anos tive o prazer de me encontrar com Gifford Pinchot, um estudioso e mestre em empreendedorismo e inova\u00e7\u00e3o. Naquela \u00e9poca, compreendi perfeitamente a sua tese e encontrei respostas<\/p>\n","protected":false},"author":2,"featured_media":10304,"comment_status":"open","ping_status":"open","sticky":false,"template":"","format":"standard","meta":{"footnotes":""},"categories":[1],"tags":[88,89,4,90],"class_list":["post-10302","post","type-post","status-publish","format-standard","has-post-thumbnail","hentry","category-noticias","tag-competitividade","tag-empreendedorismo","tag-inovacao","tag-pinchot"],"_links":{"self":[{"href":"https:\/\/revistahubclub.com.br\/portal\/wp-json\/wp\/v2\/posts\/10302","targetHints":{"allow":["GET"]}}],"collection":[{"href":"https:\/\/revistahubclub.com.br\/portal\/wp-json\/wp\/v2\/posts"}],"about":[{"href":"https:\/\/revistahubclub.com.br\/portal\/wp-json\/wp\/v2\/types\/post"}],"author":[{"embeddable":true,"href":"https:\/\/revistahubclub.com.br\/portal\/wp-json\/wp\/v2\/users\/2"}],"replies":[{"embeddable":true,"href":"https:\/\/revistahubclub.com.br\/portal\/wp-json\/wp\/v2\/comments?post=10302"}],"version-history":[{"count":3,"href":"https:\/\/revistahubclub.com.br\/portal\/wp-json\/wp\/v2\/posts\/10302\/revisions"}],"predecessor-version":[{"id":10312,"href":"https:\/\/revistahubclub.com.br\/portal\/wp-json\/wp\/v2\/posts\/10302\/revisions\/10312"}],"wp:featuredmedia":[{"embeddable":true,"href":"https:\/\/revistahubclub.com.br\/portal\/wp-json\/wp\/v2\/media\/10304"}],"wp:attachment":[{"href":"https:\/\/revistahubclub.com.br\/portal\/wp-json\/wp\/v2\/media?parent=10302"}],"wp:term":[{"taxonomy":"category","embeddable":true,"href":"https:\/\/revistahubclub.com.br\/portal\/wp-json\/wp\/v2\/categories?post=10302"},{"taxonomy":"post_tag","embeddable":true,"href":"https:\/\/revistahubclub.com.br\/portal\/wp-json\/wp\/v2\/tags?post=10302"}],"curies":[{"name":"wp","href":"https:\/\/api.w.org\/{rel}","templated":true}]}}