{"id":10306,"date":"2025-01-20T12:53:28","date_gmt":"2025-01-20T15:53:28","guid":{"rendered":"https:\/\/revistahubclub.com.br\/portal\/?p=10306"},"modified":"2025-01-20T12:53:28","modified_gmt":"2025-01-20T15:53:28","slug":"a-delicadeza-e-a-simplicidade-de-erico-verissimo","status":"publish","type":"post","link":"https:\/\/revistahubclub.com.br\/portal\/2025\/01\/20\/a-delicadeza-e-a-simplicidade-de-erico-verissimo\/","title":{"rendered":"A delicadeza e a simplicidade de \u00c9rico Ver\u00edssimo"},"content":{"rendered":"\n<p>Autor modernista, \u00c9rico Ver\u00edssimo carregou seus leitores por diferentes fases de sua escrita<br>\u00c9rico Ver\u00edssimo foi minha companhia na adolesc\u00eancia por duas vezes, numa sequ\u00eancia. Primeiro com Clarissa. Tempos depois com M\u00fasica ao Longe, quando a jovenzinha da primeira obra, com 13 anos, reaparece como uma professora. O ambiente \u00e9 de decad\u00eancia de uma fam\u00edlia da pequena e fict\u00edcia Jacarecanga, na d\u00e9cada de 1930. Os tempos j\u00e1 haviam sido mais generosos, outrora. Restam, ent\u00e3o, as lembran\u00e7as do passado que ficou no imagin\u00e1rio, de uma suposta recep\u00e7\u00e3o ao monarca Dom Pedro II, n\u00e3o se sabe ao certo se ocorrida.<\/p>\n\n\n\n<p>A linguagem de Ver\u00edssimo parece ing\u00eanua. Tem um vi\u00e9s regionalista, como homem de interior que cultivou ser, oriundo do modernismo brasileiro. Nunca vendeu a ideia de exalta\u00e7\u00e3o de sua terra, mas de h\u00e1bitos e costumes simples, de quest\u00f5es bem mi\u00fadas de dentro de casa, na escola, na rua principal da cidadela, que nos tocam fundo por poder ser parte de um cotidiano da gente.<\/p>\n\n\n\n<p><strong>Porque nem tudo \u00e9 novela. Nem tudo \u00e9 trama cinematogr\u00e1fica.<br><\/strong>Engra\u00e7ado como um autor marca nossas vidas apenas por descrever ambientes singelos e querelas triviais, mas cr\u00edveis. Clarissa pode ser a prima distante, a filha da vizinha, a professorinha de jardim de inf\u00e2ncia do meu filho. Que sensibilidade tem Ver\u00edssimo de tocar no \u00edntimo de nossas lembran\u00e7as e provocar uma viagem de sentimentos, por vezes gentis, em lado extremo at\u00e9 bravios.<\/p>\n\n\n\n<p>De contos, cr\u00f4nicas, ensaios e mem\u00f3rias, Ver\u00edssimo cresceu sua obra e carregou seus leitores. Os mesmos de Clarissa, viajaram com ele em O Tempo e o Vento, O Prisioneiro e Incidente em Antares, trabalhos bem mais densos, mas como a mesma delicadeza, revividos na dramaturgia da televis\u00e3o e do cinema.<\/p>\n\n\n\n<p>N\u00e3o h\u00e1 segundas inten\u00e7\u00f5es em escrever sobre \u00c9rico Ver\u00edssimo. Porque ele n\u00e3o precisa ser metaforizado e nem recorrido para invocar cenas necess\u00e1rias ao nosso presente. Ele \u00e9 por si mesmo. E saber que ele ainda permanece inteiro em mim, mais de 40 anos depois, me revigora como ser humano e \u2013 pretens\u00f5es de lado \u2013 aprendiz de ensa\u00edsta.<\/p>\n\n\n\n<p><em><strong>Rog\u00e9rio Silva \u00e9 Administrador de Empresas, especialista em Gest\u00e3o Executiva e Empreendedorismo, MBA em Finan\u00e7as e especializando em Gest\u00e3o Empresarial pela FGV. Atualmente ocupa o cargo de Superintendente do Grupo Parana\u00edba de Comunica\u00e7\u00e3o, em Uberl\u00e2ndia\/MG.<\/strong><\/em><\/p>\n\n\n<figure class=\"wp-block-post-featured-image\"><img loading=\"lazy\" decoding=\"async\" width=\"614\" height=\"483\" src=\"https:\/\/revistahubclub.com.br\/portal\/wp-content\/uploads\/2025\/01\/Captura-de-tela-2025-01-20-124922.png\" class=\"attachment-post-thumbnail size-post-thumbnail wp-post-image\" alt=\"\" style=\"object-fit:cover;\" srcset=\"https:\/\/revistahubclub.com.br\/portal\/wp-content\/uploads\/2025\/01\/Captura-de-tela-2025-01-20-124922.png 614w, https:\/\/revistahubclub.com.br\/portal\/wp-content\/uploads\/2025\/01\/Captura-de-tela-2025-01-20-124922-300x236.png 300w\" sizes=\"auto, (max-width: 614px) 100vw, 614px\" \/><\/figure>","protected":false},"excerpt":{"rendered":"<p>Autor modernista, \u00c9rico Ver\u00edssimo carregou seus leitores por diferentes fases de sua escrita\u00c9rico Ver\u00edssimo foi minha companhia na adolesc\u00eancia por duas vezes, numa sequ\u00eancia. Primeiro com Clarissa. Tempos depois com<\/p>\n","protected":false},"author":2,"featured_media":10307,"comment_status":"open","ping_status":"open","sticky":false,"template":"","format":"standard","meta":{"footnotes":""},"categories":[1],"tags":[92,93,91,94],"class_list":["post-10306","post","type-post","status-publish","format-standard","has-post-thumbnail","hentry","category-noticias","tag-autor","tag-dramaturgia","tag-erico-verissimo","tag-novela"],"_links":{"self":[{"href":"https:\/\/revistahubclub.com.br\/portal\/wp-json\/wp\/v2\/posts\/10306","targetHints":{"allow":["GET"]}}],"collection":[{"href":"https:\/\/revistahubclub.com.br\/portal\/wp-json\/wp\/v2\/posts"}],"about":[{"href":"https:\/\/revistahubclub.com.br\/portal\/wp-json\/wp\/v2\/types\/post"}],"author":[{"embeddable":true,"href":"https:\/\/revistahubclub.com.br\/portal\/wp-json\/wp\/v2\/users\/2"}],"replies":[{"embeddable":true,"href":"https:\/\/revistahubclub.com.br\/portal\/wp-json\/wp\/v2\/comments?post=10306"}],"version-history":[{"count":1,"href":"https:\/\/revistahubclub.com.br\/portal\/wp-json\/wp\/v2\/posts\/10306\/revisions"}],"predecessor-version":[{"id":10308,"href":"https:\/\/revistahubclub.com.br\/portal\/wp-json\/wp\/v2\/posts\/10306\/revisions\/10308"}],"wp:featuredmedia":[{"embeddable":true,"href":"https:\/\/revistahubclub.com.br\/portal\/wp-json\/wp\/v2\/media\/10307"}],"wp:attachment":[{"href":"https:\/\/revistahubclub.com.br\/portal\/wp-json\/wp\/v2\/media?parent=10306"}],"wp:term":[{"taxonomy":"category","embeddable":true,"href":"https:\/\/revistahubclub.com.br\/portal\/wp-json\/wp\/v2\/categories?post=10306"},{"taxonomy":"post_tag","embeddable":true,"href":"https:\/\/revistahubclub.com.br\/portal\/wp-json\/wp\/v2\/tags?post=10306"}],"curies":[{"name":"wp","href":"https:\/\/api.w.org\/{rel}","templated":true}]}}