{"id":10337,"date":"2025-01-22T12:17:30","date_gmt":"2025-01-22T15:17:30","guid":{"rendered":"https:\/\/revistahubclub.com.br\/portal\/?p=10337"},"modified":"2025-01-22T12:17:30","modified_gmt":"2025-01-22T15:17:30","slug":"personalidades-do-pontal-ituiutaba-4","status":"publish","type":"post","link":"https:\/\/revistahubclub.com.br\/portal\/2025\/01\/22\/personalidades-do-pontal-ituiutaba-4\/","title":{"rendered":"Personalidades do Pontal Ituiutaba"},"content":{"rendered":"\n<p>Nesta coluna, destacamos as personalidades e alguns eventos que movimentaram a sociedade de Ituiutaba nos \u00faltimos meses. No circuito de eventos tivemos v\u00e1rias inaugura\u00e7\u00f5es com espa\u00e7o para novos empreendimentos na cidade e tamb\u00e9m alguns eventos que atra\u00edram consider\u00e1vel n\u00famero colun\u00e1veis.<\/p>\n\n\n\n<p>Nesta ultima edi\u00e7\u00e3o do ano, aproveito para desejar todos os leitores um Natal repleto de paz, amor e uni\u00e3o. Que a magia desta \u00e9poca inspire momentos inesquec\u00edveis junto \u00e0 fam\u00edlia e aos amigos, fortalecendo os la\u00e7os de carinho e solidariedade. E para 2025, nossos melhores desejos de sa\u00fade, prosperidade e conquistas! Que seja um ano iluminado e cheio de realiza\u00e7\u00f5es.<\/p>\n\n\n\n<p>Boas festas!<br><strong>Mauro Almeida<\/strong><\/p>\n\n\n\n<figure class=\"wp-block-image size-full\"><img loading=\"lazy\" decoding=\"async\" width=\"697\" height=\"548\" src=\"https:\/\/revistahubclub.com.br\/portal\/wp-content\/uploads\/2025\/01\/image-105.png\" alt=\"\" class=\"wp-image-10338\" srcset=\"https:\/\/revistahubclub.com.br\/portal\/wp-content\/uploads\/2025\/01\/image-105.png 697w, https:\/\/revistahubclub.com.br\/portal\/wp-content\/uploads\/2025\/01\/image-105-300x236.png 300w\" sizes=\"auto, (max-width: 697px) 100vw, 697px\" \/><\/figure>\n\n\n\n<figure class=\"wp-block-image size-full\"><img loading=\"lazy\" decoding=\"async\" width=\"912\" height=\"462\" src=\"https:\/\/revistahubclub.com.br\/portal\/wp-content\/uploads\/2025\/01\/image-106.png\" alt=\"\" class=\"wp-image-10339\" srcset=\"https:\/\/revistahubclub.com.br\/portal\/wp-content\/uploads\/2025\/01\/image-106.png 912w, https:\/\/revistahubclub.com.br\/portal\/wp-content\/uploads\/2025\/01\/image-106-300x152.png 300w, https:\/\/revistahubclub.com.br\/portal\/wp-content\/uploads\/2025\/01\/image-106-768x389.png 768w\" sizes=\"auto, (max-width: 912px) 100vw, 912px\" \/><\/figure>\n\n\n\n<figure class=\"wp-block-image size-full\"><img loading=\"lazy\" decoding=\"async\" width=\"916\" height=\"486\" src=\"https:\/\/revistahubclub.com.br\/portal\/wp-content\/uploads\/2025\/01\/image-107.png\" alt=\"\" class=\"wp-image-10340\" srcset=\"https:\/\/revistahubclub.com.br\/portal\/wp-content\/uploads\/2025\/01\/image-107.png 916w, https:\/\/revistahubclub.com.br\/portal\/wp-content\/uploads\/2025\/01\/image-107-300x159.png 300w, https:\/\/revistahubclub.com.br\/portal\/wp-content\/uploads\/2025\/01\/image-107-768x407.png 768w\" sizes=\"auto, (max-width: 916px) 100vw, 916px\" \/><\/figure>\n\n\n<figure class=\"wp-block-post-featured-image\"><img loading=\"lazy\" decoding=\"async\" width=\"697\" height=\"548\" src=\"https:\/\/revistahubclub.com.br\/portal\/wp-content\/uploads\/2025\/01\/image-105.png\" class=\"attachment-post-thumbnail size-post-thumbnail wp-post-image\" alt=\"\" style=\"object-fit:cover;\" srcset=\"https:\/\/revistahubclub.com.br\/portal\/wp-content\/uploads\/2025\/01\/image-105.png 697w, https:\/\/revistahubclub.com.br\/portal\/wp-content\/uploads\/2025\/01\/image-105-300x236.png 300w\" sizes=\"auto, (max-width: 697px) 100vw, 697px\" \/><\/figure>","protected":false},"excerpt":{"rendered":"<p>Nesta coluna, destacamos as personalidades e alguns eventos que movimentaram a sociedade de Ituiutaba nos \u00faltimos meses. No circuito de eventos tivemos v\u00e1rias inaugura\u00e7\u00f5es com espa\u00e7o para novos empreendimentos na<\/p>\n","protected":false},"author":2,"featured_media":10338,"comment_status":"open","ping_status":"open","sticky":false,"template":"","format":"standard","meta":{"footnotes":""},"categories":[1],"tags":[111],"class_list":["post-10337","post","type-post","status-publish","format-standard","has-post-thumbnail","hentry","category-noticias","tag-mauro-almeida"],"_links":{"self":[{"href":"https:\/\/revistahubclub.com.br\/portal\/wp-json\/wp\/v2\/posts\/10337","targetHints":{"allow":["GET"]}}],"collection":[{"href":"https:\/\/revistahubclub.com.br\/portal\/wp-json\/wp\/v2\/posts"}],"about":[{"href":"https:\/\/revistahubclub.com.br\/portal\/wp-json\/wp\/v2\/types\/post"}],"author":[{"embeddable":true,"href":"https:\/\/revistahubclub.com.br\/portal\/wp-json\/wp\/v2\/users\/2"}],"replies":[{"embeddable":true,"href":"https:\/\/revistahubclub.com.br\/portal\/wp-json\/wp\/v2\/comments?post=10337"}],"version-history":[{"count":1,"href":"https:\/\/revistahubclub.com.br\/portal\/wp-json\/wp\/v2\/posts\/10337\/revisions"}],"predecessor-version":[{"id":10341,"href":"https:\/\/revistahubclub.com.br\/portal\/wp-json\/wp\/v2\/posts\/10337\/revisions\/10341"}],"wp:featuredmedia":[{"embeddable":true,"href":"https:\/\/revistahubclub.com.br\/portal\/wp-json\/wp\/v2\/media\/10338"}],"wp:attachment":[{"href":"https:\/\/revistahubclub.com.br\/portal\/wp-json\/wp\/v2\/media?parent=10337"}],"wp:term":[{"taxonomy":"category","embeddable":true,"href":"https:\/\/revistahubclub.com.br\/portal\/wp-json\/wp\/v2\/categories?post=10337"},{"taxonomy":"post_tag","embeddable":true,"href":"https:\/\/revistahubclub.com.br\/portal\/wp-json\/wp\/v2\/tags?post=10337"}],"curies":[{"name":"wp","href":"https:\/\/api.w.org\/{rel}","templated":true}]}}