{"id":10361,"date":"2025-01-23T12:58:14","date_gmt":"2025-01-23T15:58:14","guid":{"rendered":"https:\/\/revistahubclub.com.br\/portal\/?p=10361"},"modified":"2025-01-23T12:58:15","modified_gmt":"2025-01-23T15:58:15","slug":"geracao-prateada-a-revolucao-da-longevidade","status":"publish","type":"post","link":"https:\/\/revistahubclub.com.br\/portal\/2025\/01\/23\/geracao-prateada-a-revolucao-da-longevidade\/","title":{"rendered":"Gera\u00e7\u00e3o prateada &#8211; A revolu\u00e7\u00e3o da longevidade"},"content":{"rendered":"\n<figure class=\"wp-block-image size-full\"><img loading=\"lazy\" decoding=\"async\" width=\"678\" height=\"432\" src=\"https:\/\/revistahubclub.com.br\/portal\/wp-content\/uploads\/2025\/01\/image-109.png\" alt=\"\" class=\"wp-image-10362\" srcset=\"https:\/\/revistahubclub.com.br\/portal\/wp-content\/uploads\/2025\/01\/image-109.png 678w, https:\/\/revistahubclub.com.br\/portal\/wp-content\/uploads\/2025\/01\/image-109-300x191.png 300w\" sizes=\"auto, (max-width: 678px) 100vw, 678px\" \/><\/figure>\n\n\n\n<p>Inicio afirmando que o envelhecimento \u00e9 um fen\u00f4meno mundial \u2013 \u00e9 um processo inevit\u00e1vel, din\u00e2mico, irrevers\u00edvel e imprevis\u00edvel. Acontece em todo o planeta, entretanto, as velhices s\u00e3o diferentes, m\u00faltiplas. S\u00e3o \u00fanicas para cada pessoa.<\/p>\n\n\n\n<p>No Brasil, essa realidade tamb\u00e9m se imp\u00f5e. Somos um pa\u00eds que envelhece a passos largos, sem que esteja preparado para receber esse crescente contingente populacional. Dados do Instituto Brasileiro de Geografia e Estat\u00edstica \u2013 IBGE, apontam que a Pir\u00e2mide Et\u00e1ria do Brasil j\u00e1 est\u00e1 se invertendo. As pessoas idosas representam 15,8% de toda a popula\u00e7\u00e3o, superando os jovens entre15 e 24 anos (14,7%). Em poucas d\u00e9cadas, o IBGE projeta que as pessoas de 60+ passar\u00e3o a compor a maior fatia populacional, na Pir\u00e2mide Et\u00e1ria.<\/p>\n\n\n\n<p>Diante desse cen\u00e1rio, \u00e9 cada vez mais necess\u00e1rio buscar pelo conhecimento acerca do processo de envelhecimento saud\u00e1vel e de qualidade; tendo em vista a longevidade que se estende cada vez mais. Devemos nos preparar para conseguirmos viver um \u201cnovo tempo\u201d, com mais energia, autonomia, independ\u00eancia e muita sa\u00fade.<\/p>\n\n\n\n<p>Sendo assim, em meio a tantas desigualdades socioculturais no Brasil, discutir sobre o paradigma a \u201cnova velhice\u201d \u00e9 de fundamental import\u00e2ncia, j\u00e1 que uma \u201cnova revolu\u00e7\u00e3o\u201d foi instalada e continuar\u00e1 a transformar o cotidiano de todos n\u00f3s.<br>O Brasil ainda pensa como um pa\u00eds jovem. Fomos um dia. Isso, provavelmente, se d\u00e1 por seu esp\u00edrito alegre, criativo, acolhedor; tudo isso, carregado de informalidade e simpatia.<\/p>\n\n\n\n<p>Em duas d\u00e9cadas o Brasil ser\u00e1 o terceiro pa\u00eds mais velho entre as na\u00e7\u00f5es em desenvolvimento e isso, certamente, mudar\u00e1 a forma de se pensar e agir, como uma sociedade que envelhece aceleradamente.<br>Para nos situarmos no contexto da revolu\u00e7\u00e3o prateada, a priori, \u00e9 oportuno falar sobre o termo, com a inten\u00e7\u00e3o de clarear o conceito e sobre as muitas possibilidades de agir. Podemos dizer que essa terminologia se refere a um per\u00edodo de transforma\u00e7\u00f5es significativas na economia, na sociedade e nas tecnologias impulsionadas pelo p\u00fablico 60+. \u00c9 um novo modelo social no qual o longevo \u00e9 protagonista em suas a\u00e7\u00f5es e contribui\u00e7\u00f5es para as mais diversas \u00e1reas.<\/p>\n\n\n\n<p>Dessa forma, a economia foi a primeira a mudar em alguns pa\u00edses, como a China onde vivem mais de 280 milh\u00f5es de pessoas com mais de 60 anos. Encontramos por l\u00e1 a economia prateada transformando jardins de inf\u00e2ncia em locais apropriados para a o p\u00fablico s\u00eanior, oferecendo-lhes aulas de dan\u00e7a, canto e artes, ou ainda, mudando o perfil do local para Centros de Sa\u00fade.<\/p>\n\n\n\n<p>As empresas de tecnologia est\u00e3o atentas a esse novo mercado da longevidade. Est\u00e3o crescendo exponencialmente e impulsionam os jovens preocupados com sa\u00fade e longevidade. Muitas startups est\u00e3o sendo criadas e implementadas no sentido de abarcar esse \u201cnovo mercado\u201d.<\/p>\n\n\n\n<p>Tecnologias como o Apple Watch, por exemplo, que monitoram a sa\u00fade das pessoas, s\u00e3o cobi\u00e7adas seja qual for a gera\u00e7\u00e3o. A acessibilidade em estabelecimentos p\u00fablicos e hot\u00e9is est\u00e1 sendo aprimorada, para atender com qualidade e efic\u00e1cia, cada vez mais, seus usu\u00e1rios, em especial, as pessoas idosas, com defici\u00eancia ou n\u00e3o.<\/p>\n\n\n\n<p>A pouco tempo, a Nestl\u00e9 anunciou a interrup\u00e7\u00e3o de comida infantil, na Irlanda, e passou a investir em suplementos e leites especiais, para impedir a perda muscular e \u00f3ssea (sarcopenia e osteoporose), fato que ocorre com frequ\u00eancia entre as pessoas idosas. Da mesma forma, a empresa francesa Danone tamb\u00e9m est\u00e1 apostando em alimentos para os mais velhos.<\/p>\n\n\n\n<p>Acredito que o mercado est\u00e1 se moldando; se adaptando \u00e0 \u201cnova realidade\u201d; para atender a \u201cnova longevidade\u201d, que acontece de forma fren\u00e9tica.<\/p>\n\n\n\n<p>A ideia veiculada entre as empresas, a sociedade e as necessidades de um \u201cnovo p\u00fablico\u201d \u00e9 garantir mais vida aos anos a mais, conquistados nos \u00faltimos s\u00e9culos. E, j\u00e1 sabemos \u2013 n\u00e3o s\u00e3o poucos. Enquanto, n\u00e3o se falar abertamente sobre o envelhecimento, mais preconceitos e dificuldades teremos para entender e aceitar o processo e seus sujeitos.<\/p>\n\n\n\n<p>Ser\u00e1 preciso mudar entendimentos e convic\u00e7\u00f5es sociais e, com isso, mudar o modelo mental que, cada vez mais, perpetua na sociedade, em geral. Tenho como convic\u00e7\u00e3o que, se n\u00e3o mudarmos a cultura, n\u00e3o conseguiremos alavancar a \u201cnova longevidade\u201d, j\u00e1 vivenciada no pa\u00eds. Os centen\u00e1rios j\u00e1 nasceram.<\/p>\n\n\n\n<p>Solid\u00e3o e decad\u00eancia s\u00e3o representadas nas imagens propagadas das pessoas idosas, sejam nas m\u00eddias sociais, acess\u00f3rios, joias, roupas, revistas, jornais, etc. Essa realidade precisa ser alterada com brevidade, pois, caso contr\u00e1rio, esse p\u00fablico poder\u00e1 se rebelar e causar um descontentamento geral.<\/p>\n\n\n\n<p>Ao longo de toda a minha vida trabalhando com pessoas idosas e seus interlocutores, notoriamente, percebia que os relacionamentos intergeracionais eram salutares e prof\u00edcuos, em especial, quando se fala em responsabilidade, pontualidade, honestidade, fidelidade, resili\u00eancia, cumplicidade e parceria.<\/p>\n\n\n\n<p>Tamb\u00e9m tenho como argumenta\u00e7\u00e3o que s\u00f3 se constroem pol\u00edticas de inclus\u00e3o quando as pessoas a quem vamos servir est\u00e3o na mesma mesa, opinando e\/ou tomando decis\u00f5es assertivas.<\/p>\n\n\n\n<p>A cada \u201cnovo tempo\u201d h\u00e1 a necessidade de mudarmos o modelo mental para conseguirmos impulsionar uma \u201cnova velhice\u201d, uma \u201cnova narrativa\u201d e uma \u201cnova longevidade; em um contexto permeado de preconceitos e padr\u00f5es r\u00edgidos como: idadismo | etarismo, exclus\u00e3o social e falta de conhecimento sobre o processo de envelhecimento.<\/p>\n\n\n\n<p>As propostas de melhoria para o cen\u00e1rio atual do envelhecimento no Brasil carecem de pol\u00edticas p\u00fablicas robustas e, acima de tudo, mudar a maneira como enxergamos o papel da pessoa idosa na sociedade.<br>Enfim, seja qual for o ramo de atua\u00e7\u00e3o, \u00e9 fundamental considerarmos a gera\u00e7\u00e3o prateada como foco \u2013 dos carros \u00e0s viagens, das casas aos estabelecimentos p\u00fablicos acess\u00edveis, da educa\u00e7\u00e3o continuada ao lazer, da sa\u00fade preventiva \u00e0 sa\u00fade curativa \u2013 tudo isso com prioridade, conforto e qualidade.<\/p>\n\n\n\n<p>Todos que trabalham com servi\u00e7os precisam estar atentos a este p\u00fablico, olhar com uma lupa para as prefer\u00eancias desses clientes. \u00c9 chegada a hora de agirmos para garantir que todos os brasileiros possam envelhecer bem, com direito a uma cidadania plena, na qual as gera\u00e7\u00f5es possam comungar de um mesmo interesse como projeto futuro.<\/p>\n\n\n\n<p><strong><em>Profa. Dra. Geni de Ara\u00fajo Costa \u00e9 Professora Titular da Universidade Federal de Uberl\u00e2ndia (UFU); P\u00f3s-graduada (mestrado e doutorado) em Educa\u00e7\u00e3o e Longevidade &#8211; PUC\/SP; Estudiosa sobre o processo de envelhecimento, bem-estar e qualidade de vida.<\/em><\/strong><\/p>\n\n\n<figure class=\"wp-block-post-featured-image\"><img loading=\"lazy\" decoding=\"async\" width=\"678\" height=\"432\" src=\"https:\/\/revistahubclub.com.br\/portal\/wp-content\/uploads\/2025\/01\/image-109.png\" class=\"attachment-post-thumbnail size-post-thumbnail wp-post-image\" alt=\"\" style=\"object-fit:cover;\" srcset=\"https:\/\/revistahubclub.com.br\/portal\/wp-content\/uploads\/2025\/01\/image-109.png 678w, https:\/\/revistahubclub.com.br\/portal\/wp-content\/uploads\/2025\/01\/image-109-300x191.png 300w\" sizes=\"auto, (max-width: 678px) 100vw, 678px\" \/><\/figure>","protected":false},"excerpt":{"rendered":"<p>Inicio afirmando que o envelhecimento \u00e9 um fen\u00f4meno mundial \u2013 \u00e9 um processo inevit\u00e1vel, din\u00e2mico, irrevers\u00edvel e imprevis\u00edvel. Acontece em todo o planeta, entretanto, as velhices s\u00e3o diferentes, m\u00faltiplas. S\u00e3o<\/p>\n","protected":false},"author":2,"featured_media":10362,"comment_status":"open","ping_status":"open","sticky":false,"template":"","format":"standard","meta":{"footnotes":""},"categories":[1],"tags":[115,116,117],"class_list":["post-10361","post","type-post","status-publish","format-standard","has-post-thumbnail","hentry","category-noticias","tag-geracao","tag-idosos","tag-prateada"],"_links":{"self":[{"href":"https:\/\/revistahubclub.com.br\/portal\/wp-json\/wp\/v2\/posts\/10361","targetHints":{"allow":["GET"]}}],"collection":[{"href":"https:\/\/revistahubclub.com.br\/portal\/wp-json\/wp\/v2\/posts"}],"about":[{"href":"https:\/\/revistahubclub.com.br\/portal\/wp-json\/wp\/v2\/types\/post"}],"author":[{"embeddable":true,"href":"https:\/\/revistahubclub.com.br\/portal\/wp-json\/wp\/v2\/users\/2"}],"replies":[{"embeddable":true,"href":"https:\/\/revistahubclub.com.br\/portal\/wp-json\/wp\/v2\/comments?post=10361"}],"version-history":[{"count":1,"href":"https:\/\/revistahubclub.com.br\/portal\/wp-json\/wp\/v2\/posts\/10361\/revisions"}],"predecessor-version":[{"id":10363,"href":"https:\/\/revistahubclub.com.br\/portal\/wp-json\/wp\/v2\/posts\/10361\/revisions\/10363"}],"wp:featuredmedia":[{"embeddable":true,"href":"https:\/\/revistahubclub.com.br\/portal\/wp-json\/wp\/v2\/media\/10362"}],"wp:attachment":[{"href":"https:\/\/revistahubclub.com.br\/portal\/wp-json\/wp\/v2\/media?parent=10361"}],"wp:term":[{"taxonomy":"category","embeddable":true,"href":"https:\/\/revistahubclub.com.br\/portal\/wp-json\/wp\/v2\/categories?post=10361"},{"taxonomy":"post_tag","embeddable":true,"href":"https:\/\/revistahubclub.com.br\/portal\/wp-json\/wp\/v2\/tags?post=10361"}],"curies":[{"name":"wp","href":"https:\/\/api.w.org\/{rel}","templated":true}]}}