{"id":10417,"date":"2025-01-31T10:47:25","date_gmt":"2025-01-31T13:47:25","guid":{"rendered":"https:\/\/revistahubclub.com.br\/portal\/?p=10417"},"modified":"2025-01-31T10:47:25","modified_gmt":"2025-01-31T13:47:25","slug":"produtores-rurais-podem-se-inscrever-em-programa-de-melhoria-genetica-do-rebanho-bovino","status":"publish","type":"post","link":"https:\/\/revistahubclub.com.br\/portal\/2025\/01\/31\/produtores-rurais-podem-se-inscrever-em-programa-de-melhoria-genetica-do-rebanho-bovino\/","title":{"rendered":"Produtores rurais podem se inscrever em programa de melhoria gen\u00e9tica do rebanho bovino"},"content":{"rendered":"\n<p>Chamamento p\u00fablico segue aberto at\u00e9 6 de mar\u00e7o para viabilizar a execu\u00e7\u00e3o de insemina\u00e7\u00e3o artificial em at\u00e9 50 prenhezes por propriedade habilitada; iniciativa da Secretaria Municipal de Agroneg\u00f3cio, Economia e Inova\u00e7\u00e3o integra o Programa Municipal de Desenvolvimento da Pecu\u00e1ria e inclui oferta de m\u00e3o de obra qualificada<\/p>\n\n\n\n<figure class=\"wp-block-image size-full\"><img loading=\"lazy\" decoding=\"async\" width=\"448\" height=\"595\" src=\"https:\/\/revistahubclub.com.br\/portal\/wp-content\/uploads\/2025\/01\/image-119.png\" alt=\"\" class=\"wp-image-10418\" srcset=\"https:\/\/revistahubclub.com.br\/portal\/wp-content\/uploads\/2025\/01\/image-119.png 448w, https:\/\/revistahubclub.com.br\/portal\/wp-content\/uploads\/2025\/01\/image-119-226x300.png 226w\" sizes=\"auto, (max-width: 448px) 100vw, 448px\" \/><\/figure>\n\n\n\n<p>A Secretaria Municipal de Agroneg\u00f3cio&nbsp;<a href=\"https:\/\/docs.uberlandia.mg.gov.br\/wp-content\/uploads\/2025\/01\/7033.pdf\" target=\"_blank\" rel=\"noreferrer noopener\"><strong>prorrogou para at\u00e9 6 de mar\u00e7o<\/strong><\/a>&nbsp;o chamamento p\u00fablico do Programa Municipal de Desenvolvimento da Pecu\u00e1ria. O programa consiste na sele\u00e7\u00e3o e habilita\u00e7\u00e3o de produtores rurais para a execu\u00e7\u00e3o de Insemina\u00e7\u00e3o Artificial em Tempo Fixo (IATF), com fornecimento de s\u00eamen de reprodutores bovinos nas categorias de gado de corte e gado leiteiro, al\u00e9m de m\u00e3o de obra qualificada. (<a href=\"https:\/\/www.uberlandia.mg.gov.br\/diariooficial\/edicao-6989\/\" target=\"_blank\" rel=\"noreferrer noopener\"><strong>Acesse aqui o edital<\/strong><\/a>)<\/p>\n\n\n\n<p>Os produtores rurais interessados devem apresentar a documenta\u00e7\u00e3o necess\u00e1ria para habilita\u00e7\u00e3o&nbsp;<strong>at\u00e9 o dia 6 de mar\u00e7o no N\u00facleo de Pecu\u00e1ria e Apreens\u00e3o de Animais, localizado na av. das Gameleiras, 10, bairro Planalto<\/strong>. (<strong>Veja abaixo documentos e crit\u00e9rios de participa\u00e7\u00e3o<\/strong>)<\/p>\n\n\n\n<p>\u201cEssa \u00e9 mais uma iniciativa para que o munic\u00edpio contribua com o desenvolvimento socioecon\u00f4mico das \u00e1reas rurais e favore\u00e7a os produtores rurais. Entre os benef\u00edcios est\u00e1 o aumento da produ\u00e7\u00e3o de corte e leite e melhoria da produtividade nas propriedades rurais, redu\u00e7\u00e3o de custos de produ\u00e7\u00e3o e promo\u00e7\u00e3o do melhoramento gen\u00e9tico dos animais, agregando valor ao produto final. Por meio deste programa, podemos, sobretudo, elevar a produtividade e qualidade do rebanho local\u201d, conta o secret\u00e1rio Thiago Silveira.<\/p>\n\n\n\n<p>A estimativa inicial do programa prev\u00ea a obten\u00e7\u00e3o de at\u00e9 50 prenhezes por produtor habilitado, podendo variar de acordo com as condi\u00e7\u00f5es de cada propriedade, incluindo manejo, alimenta\u00e7\u00e3o, sanidade animal, e outros fatores que podem impactar diretamente a efic\u00e1cia do projeto. O edital atende o Acordo de Coopera\u00e7\u00e3o T\u00e9cnica n\u00ba 1704\/2023, firmado entre o Munic\u00edpio e a Confedera\u00e7\u00e3o Nacional dos Agricultores Familiares e Empreendedores Familiares Rurais do Brasil (Conafer).<\/p>\n\n\n\n<p><strong>Documentos necess\u00e1rios<\/strong><\/p>\n\n\n\n<p>Confira a seguir a rela\u00e7\u00e3o a ser entregue em envelope \u00fanico, sob pena de inabilita\u00e7\u00e3o:<\/p>\n\n\n\n<p>\u2013 C\u00f3pia de inscri\u00e7\u00e3o no Cadastro de Pessoa F\u00edsica (CPF) e Registro Geral (RG);<\/p>\n\n\n\n<p>\u2013 Cart\u00e3o do Produtor Rural\/Inscri\u00e7\u00e3o Produtor Rural (IPR);<\/p>\n\n\n\n<p>\u2013 C\u00f3pia do Cadastro de produtor e propriedade no SIDAGRO do IMA;<\/p>\n\n\n\n<p>\u2013 C\u00f3pia da Matr\u00edcula do im\u00f3vel, Contrato de Arrendamento, Contrato de Comodato, Cadastro Ambiental Rural (CAR) ou outro meio que comprove a posse da terra, que a propriedade rural tem no m\u00e1ximo quatro m\u00f3dulos fiscais (80 hectares) e que a mesma se encontra dentro do munic\u00edpio de Uberl\u00e2ndia;<\/p>\n\n\n\n<p>\u2013 Declara\u00e7\u00e3o do produtor atestando a exist\u00eancia de estrutura adequada para a conten\u00e7\u00e3o dos animais (como currais, troncos e\/ou bretes);<\/p>\n\n\n\n<p>\u2013 Apresenta\u00e7\u00e3o do \u00faltimo atestado de vacina\u00e7\u00e3o contra brucelose do rebanho, com validade de at\u00e9 6 meses.<\/p>\n\n\n\n<p><strong>Sele\u00e7\u00e3o e classifica\u00e7\u00e3o<\/strong><\/p>\n\n\n\n<p>Entre os crit\u00e9rios estabelecidos para participa\u00e7\u00e3o est\u00e3o: cada produtor ser\u00e1 contemplado com at\u00e9 50 prenhezes estimadas, sendo que as insemina\u00e7\u00f5es ser\u00e3o realizadas conforme cronograma elaborado pelo N\u00facleo de Agropecu\u00e1ria, Agricultura, Pecu\u00e1ria e Aquicultura em conjunto com a Conafer, respeitando a ordem cronol\u00f3gica de inscri\u00e7\u00e3o e de acordo com a programa\u00e7\u00e3o estabelecida; a sele\u00e7\u00e3o ser\u00e1 realizada por ordem cronol\u00f3gica de entrega da documenta\u00e7\u00e3o, condicionada \u00e0 realiza\u00e7\u00e3o de visita t\u00e9cnica para verificar as condi\u00e7\u00f5es da propriedade e do rebanho; a prioriza\u00e7\u00e3o para atendimento ser\u00e1 dada, conforme crit\u00e9rio de prioridade, aos produtores j\u00e1 inseridos em programas e projetos vinculados \u00e0 Secretaria Municipal de Agroneg\u00f3cio, Economia e Inova\u00e7\u00e3o, como: Novo Agro, Bem Mais Agro, Projetos vinculados \u00e0 Lei 10.923\/2011, entre outros.<\/p>\n\n\n\n<p>O produtor rural dever\u00e1 assinar um Termo de Compromisso\/Ades\u00e3o com a Secretaria Municipal de Agroneg\u00f3cio, Economia e Inova\u00e7\u00e3o, comprometendo-se a seguir as orienta\u00e7\u00f5es t\u00e9cnicas e fornecer dados regulares sobre a produ\u00e7\u00e3o. O resultado da avalia\u00e7\u00e3o da proposta\/documentos ser\u00e1 publicado no&nbsp;<a href=\"https:\/\/www.uberlandia.mg.gov.br\/prefeitura\/orgaos-municipais\/procuradoria-geral-do-municipio\/diario-oficial-uberlandia\/\" target=\"_blank\" rel=\"noreferrer noopener\"><strong>Di\u00e1rio Oficial do Munic\u00edpio<\/strong><\/a>.<\/p>\n\n\n\n<p>Para mais informa\u00e7\u00f5es, os interessados podem procurar o N\u00facleo de Agropecu\u00e1ria, Agricultura, Pecu\u00e1ria e Aquicultura, de segunda a sexta-feira, das 8h \u00e0s 16h, pelo telefone&nbsp;<strong>(34) 3232-4165<\/strong>&nbsp;e\/ou pelo e-mail&nbsp;<a href=\"mailto:coordpecuaria@gmail.com\" target=\"_blank\" rel=\"noreferrer noopener\"><strong>coordpecuaria@gmail.com<\/strong><\/a>.<\/p>\n\n\n\n<p><a href=\"https:\/\/www.uberlandia.mg.gov.br\/diariooficial\/edicao-6989\/\" target=\"_blank\" rel=\"noreferrer noopener\"><strong>Confira aqui o edital completo do chamamento p\u00fablico SMAEI 013\/2024<\/strong><\/a><strong><\/strong><\/p>\n\n\n\n<p><a href=\"https:\/\/docs.uberlandia.mg.gov.br\/wp-content\/uploads\/2025\/01\/7033.pdf\" target=\"_blank\" rel=\"noreferrer noopener\"><strong>Confira a prorroga\u00e7\u00e3o do edital.<\/strong><\/a><\/p>\n\n\n<figure class=\"wp-block-post-featured-image\"><img loading=\"lazy\" decoding=\"async\" width=\"448\" height=\"595\" src=\"https:\/\/revistahubclub.com.br\/portal\/wp-content\/uploads\/2025\/01\/image-119.png\" class=\"attachment-post-thumbnail size-post-thumbnail wp-post-image\" alt=\"\" style=\"object-fit:cover;\" srcset=\"https:\/\/revistahubclub.com.br\/portal\/wp-content\/uploads\/2025\/01\/image-119.png 448w, https:\/\/revistahubclub.com.br\/portal\/wp-content\/uploads\/2025\/01\/image-119-226x300.png 226w\" sizes=\"auto, (max-width: 448px) 100vw, 448px\" \/><\/figure>","protected":false},"excerpt":{"rendered":"<p>Chamamento p\u00fablico segue aberto at\u00e9 6 de mar\u00e7o para viabilizar a execu\u00e7\u00e3o de insemina\u00e7\u00e3o artificial em at\u00e9 50 prenhezes por propriedade habilitada; iniciativa da Secretaria Municipal de Agroneg\u00f3cio, Economia e<\/p>\n","protected":false},"author":2,"featured_media":10418,"comment_status":"open","ping_status":"open","sticky":false,"template":"","format":"standard","meta":{"footnotes":""},"categories":[1],"tags":[144,145,142,143,27],"class_list":["post-10417","post","type-post","status-publish","format-standard","has-post-thumbnail","hentry","category-noticias","tag-bovinos","tag-genetica","tag-inscricao","tag-produtores-rurais","tag-uberlandia"],"_links":{"self":[{"href":"https:\/\/revistahubclub.com.br\/portal\/wp-json\/wp\/v2\/posts\/10417","targetHints":{"allow":["GET"]}}],"collection":[{"href":"https:\/\/revistahubclub.com.br\/portal\/wp-json\/wp\/v2\/posts"}],"about":[{"href":"https:\/\/revistahubclub.com.br\/portal\/wp-json\/wp\/v2\/types\/post"}],"author":[{"embeddable":true,"href":"https:\/\/revistahubclub.com.br\/portal\/wp-json\/wp\/v2\/users\/2"}],"replies":[{"embeddable":true,"href":"https:\/\/revistahubclub.com.br\/portal\/wp-json\/wp\/v2\/comments?post=10417"}],"version-history":[{"count":1,"href":"https:\/\/revistahubclub.com.br\/portal\/wp-json\/wp\/v2\/posts\/10417\/revisions"}],"predecessor-version":[{"id":10419,"href":"https:\/\/revistahubclub.com.br\/portal\/wp-json\/wp\/v2\/posts\/10417\/revisions\/10419"}],"wp:featuredmedia":[{"embeddable":true,"href":"https:\/\/revistahubclub.com.br\/portal\/wp-json\/wp\/v2\/media\/10418"}],"wp:attachment":[{"href":"https:\/\/revistahubclub.com.br\/portal\/wp-json\/wp\/v2\/media?parent=10417"}],"wp:term":[{"taxonomy":"category","embeddable":true,"href":"https:\/\/revistahubclub.com.br\/portal\/wp-json\/wp\/v2\/categories?post=10417"},{"taxonomy":"post_tag","embeddable":true,"href":"https:\/\/revistahubclub.com.br\/portal\/wp-json\/wp\/v2\/tags?post=10417"}],"curies":[{"name":"wp","href":"https:\/\/api.w.org\/{rel}","templated":true}]}}