{"id":10423,"date":"2025-02-03T07:10:50","date_gmt":"2025-02-03T10:10:50","guid":{"rendered":"https:\/\/revistahubclub.com.br\/portal\/?p=10423"},"modified":"2025-02-03T07:10:50","modified_gmt":"2025-02-03T10:10:50","slug":"safra-de-graos-em-minas-gerais-devera-crescer-65-em-relacao-a-2024","status":"publish","type":"post","link":"https:\/\/revistahubclub.com.br\/portal\/2025\/02\/03\/safra-de-graos-em-minas-gerais-devera-crescer-65-em-relacao-a-2024\/","title":{"rendered":"Safra de gr\u00e3os em Minas Gerais dever\u00e1 crescer 6,5% em rela\u00e7\u00e3o a 2024"},"content":{"rendered":"\n<figure class=\"wp-block-image size-full\"><img loading=\"lazy\" decoding=\"async\" width=\"644\" height=\"337\" src=\"https:\/\/revistahubclub.com.br\/portal\/wp-content\/uploads\/2025\/02\/image.png\" alt=\"\" class=\"wp-image-10424\" srcset=\"https:\/\/revistahubclub.com.br\/portal\/wp-content\/uploads\/2025\/02\/image.png 644w, https:\/\/revistahubclub.com.br\/portal\/wp-content\/uploads\/2025\/02\/image-300x157.png 300w\" sizes=\"auto, (max-width: 644px) 100vw, 644px\" \/><\/figure>\n\n\n\n<p>Para que a presen\u00e7a de gr\u00e3os, como o arroz e feij\u00e3o, esteja sempre na mesa dos mineiros, \u00e9 essencial que as etapas de plantio, colheita e distribui\u00e7\u00e3o\u00a0no campo ocorram com sucesso. Uma boa not\u00edcia \u00e9 que, em 2025, as perspectivas para a safra de gr\u00e3os em Minas Gerais apontam um crescimento de 6,5% em rela\u00e7\u00e3o a 2024.<\/p>\n\n\n\n<p>Dados da Companhia Nacional de Abastecimento (Conab) mostram que a safra mineira de gr\u00e3os 2023\/2024 registrou uma produ\u00e7\u00e3o total de 16,1 milh\u00f5es de toneladas, em uma \u00e1rea de 4,3 milh\u00f5es de hectares, com produtividade de 3.773 quilogramas por hectare. Para 2025, a estimativa \u00e9 que a produ\u00e7\u00e3o alcance 17,1 milh\u00f5es de toneladas, com produtividade de 4.019 quilogramas por hectare. Somente a produ\u00e7\u00e3o de soja dever\u00e1 atingir 8,6 milh\u00f5es de toneladas, em uma \u00e1rea cultivada estimada em 2,3 milh\u00f5es de hectares.<\/p>\n\n\n\n<p>Soja, feij\u00e3o, arroz, milho, trigo e outros gr\u00e3os integram a lista de cultivos que est\u00e3o sendo plantados ou que se encontram em fase de enchimento e matura\u00e7\u00e3o no in\u00edcio deste ano. Em geral, a safra ocorre entre outubro e mar\u00e7o, podendo haver segundos ou at\u00e9 terceiros plantios ap\u00f3s esse per\u00edodo, mas nestes casos, os produtores recorrem a alternativas como a irriga\u00e7\u00e3o para garantir a colheita mesmo em per\u00edodos de pouca chuva.<\/p>\n\n\n\n<p>O superintendente de Inova\u00e7\u00e3o e Economia Agropecu\u00e1ria da&nbsp;<a href=\"https:\/\/www.mg.gov.br\/agricultura\" target=\"_blank\" rel=\"noreferrer noopener\">Secretaria de Agricultura, Pecu\u00e1ria e Abastecimento (Seapa)<\/a>, Feliciano Nogueira, ressalta que a estimativa de produtividade para a safra 2025 pode variar ao longo do ciclo produtivo.<\/p>\n\n\n\n<figure class=\"wp-block-table\"><table class=\"has-fixed-layout\"><tbody><tr><td colspan=\"3\" rowspan=\"3\"><strong>&#8220;\u00c9 importante deixar claro que essa proje\u00e7\u00e3o pode sofrer altera\u00e7\u00f5es devido a fatores como condi\u00e7\u00f5es clim\u00e1ticas, investimentos em inova\u00e7\u00e3o e tecnologia, amplia\u00e7\u00e3o de \u00e1reas de plantio e a flutua\u00e7\u00e3o do valor das commodities no mercado de exporta\u00e7\u00e3o. Esses aspectos podem tanto elevar a produ\u00e7\u00e3o quanto reduzir os n\u00fameros de um ano para outro&#8221;, pontua Feliciano Nogueira.<\/strong><\/td><\/tr><\/tbody><\/table><\/figure>\n\n\n\n<p>A busca por mais produtividade \u00e9 justamente o foco da produtora Josiani Moraes da Silva, propriet\u00e1ria da Fazenda Santa Cruz, em Paragua\u00e7u, no Sul de Minas. Josiani, que cultiva soja, milho e caf\u00e9, adota diversas estrat\u00e9gias para melhorar o rendimento de suas lavouras.<\/p>\n\n\n\n<p>\u201cFazemos rota\u00e7\u00e3o de culturas para melhorar o solo. Nossa planta\u00e7\u00e3o de milho atual na mesma \u00e1rea tem a fun\u00e7\u00e3o de deixar a palhada na terra, o que deixa o solo mais rico e com mais nutrientes para que a pr\u00f3xima safra de soja seja ainda mais produtiva&#8221;, explica.<br><br><strong>Situa\u00e7\u00e3o das lavouras de gr\u00e3os em Minas<\/strong><br><br>O fim da primavera e o ver\u00e3o s\u00e3o os per\u00edodos mais favor\u00e1veis para o plantio de gr\u00e3os no estado. Atualmente, as culturas est\u00e3o na fase final de plantio ou em desenvolvimento. Veja a situa\u00e7\u00e3o de algumas delas:<br><br><strong>Arroz:<\/strong>&nbsp;As lavouras j\u00e1 est\u00e3o 100% semeadas. Em \u00e1reas de piv\u00f4 central (irriga\u00e7\u00e3o), pode haver novo plantio ap\u00f3s a colheita da soja precoce.<br><br><strong>Feij\u00e3o:<\/strong>&nbsp;A primeira safra j\u00e1 foi plantada, apesar do maior risco, pois sua matura\u00e7\u00e3o e colheita coincidem com a esta\u00e7\u00e3o chuvosa. No Noroeste, principal regi\u00e3o produtora do estado, muitas lavouras j\u00e1 est\u00e3o na fase de enchimento de gr\u00e3os.<br><br><strong>Milho:<\/strong>&nbsp;O plantio da primeira safra foi conclu\u00eddo, e as lavouras encontram-se, em sua maioria, em desenvolvimento vegetativo. As semeadas mais cedo j\u00e1 est\u00e3o na fase reprodutiva, com colheita prevista entre fevereiro e abril.<br><br><strong>Soja:<\/strong>&nbsp;O plantio foi finalizado na primeira semana de dezembro, e a colheita est\u00e1 prevista para ocorrer entre fevereiro e abril.<br><br><strong>Algod\u00e3o:<\/strong>&nbsp;O plantio da primeira safra em sequeiro foi finalizado. Agora, aguarda-se a colheita da soja para iniciar o plantio da segunda safra, em sistema irrigado.<\/p>\n\n\n<figure class=\"wp-block-post-featured-image\"><img loading=\"lazy\" decoding=\"async\" width=\"644\" height=\"337\" src=\"https:\/\/revistahubclub.com.br\/portal\/wp-content\/uploads\/2025\/02\/image.png\" class=\"attachment-post-thumbnail size-post-thumbnail wp-post-image\" alt=\"\" style=\"object-fit:cover;\" srcset=\"https:\/\/revistahubclub.com.br\/portal\/wp-content\/uploads\/2025\/02\/image.png 644w, https:\/\/revistahubclub.com.br\/portal\/wp-content\/uploads\/2025\/02\/image-300x157.png 300w\" sizes=\"auto, (max-width: 644px) 100vw, 644px\" \/><\/figure>","protected":false},"excerpt":{"rendered":"<p>Para que a presen\u00e7a de gr\u00e3os, como o arroz e feij\u00e3o, esteja sempre na mesa dos mineiros, \u00e9 essencial que as etapas de plantio, colheita e distribui\u00e7\u00e3o\u00a0no campo ocorram com<\/p>\n","protected":false},"author":2,"featured_media":10424,"comment_status":"open","ping_status":"open","sticky":false,"template":"","format":"standard","meta":{"footnotes":""},"categories":[1],"tags":[148,149,147,150,146],"class_list":["post-10423","post","type-post","status-publish","format-standard","has-post-thumbnail","hentry","category-noticias","tag-arroz","tag-feijao","tag-graos","tag-mg","tag-safra"],"_links":{"self":[{"href":"https:\/\/revistahubclub.com.br\/portal\/wp-json\/wp\/v2\/posts\/10423","targetHints":{"allow":["GET"]}}],"collection":[{"href":"https:\/\/revistahubclub.com.br\/portal\/wp-json\/wp\/v2\/posts"}],"about":[{"href":"https:\/\/revistahubclub.com.br\/portal\/wp-json\/wp\/v2\/types\/post"}],"author":[{"embeddable":true,"href":"https:\/\/revistahubclub.com.br\/portal\/wp-json\/wp\/v2\/users\/2"}],"replies":[{"embeddable":true,"href":"https:\/\/revistahubclub.com.br\/portal\/wp-json\/wp\/v2\/comments?post=10423"}],"version-history":[{"count":2,"href":"https:\/\/revistahubclub.com.br\/portal\/wp-json\/wp\/v2\/posts\/10423\/revisions"}],"predecessor-version":[{"id":10426,"href":"https:\/\/revistahubclub.com.br\/portal\/wp-json\/wp\/v2\/posts\/10423\/revisions\/10426"}],"wp:featuredmedia":[{"embeddable":true,"href":"https:\/\/revistahubclub.com.br\/portal\/wp-json\/wp\/v2\/media\/10424"}],"wp:attachment":[{"href":"https:\/\/revistahubclub.com.br\/portal\/wp-json\/wp\/v2\/media?parent=10423"}],"wp:term":[{"taxonomy":"category","embeddable":true,"href":"https:\/\/revistahubclub.com.br\/portal\/wp-json\/wp\/v2\/categories?post=10423"},{"taxonomy":"post_tag","embeddable":true,"href":"https:\/\/revistahubclub.com.br\/portal\/wp-json\/wp\/v2\/tags?post=10423"}],"curies":[{"name":"wp","href":"https:\/\/api.w.org\/{rel}","templated":true}]}}