{"id":10437,"date":"2025-02-04T10:46:54","date_gmt":"2025-02-04T13:46:54","guid":{"rendered":"https:\/\/revistahubclub.com.br\/portal\/?p=10437"},"modified":"2025-02-04T14:52:32","modified_gmt":"2025-02-04T17:52:32","slug":"empresarios-promovem-mobilizacao-no-centro-de-uberlandia-para-cobrar-medidas-emergenciais-de-seguranca","status":"publish","type":"post","link":"https:\/\/revistahubclub.com.br\/portal\/2025\/02\/04\/empresarios-promovem-mobilizacao-no-centro-de-uberlandia-para-cobrar-medidas-emergenciais-de-seguranca\/","title":{"rendered":"Empres\u00e1rios da avenida Floriano Peixoto se mobilizam contra a criminalidade"},"content":{"rendered":"\n<p><\/p>\n\n\n\n<p>Atendendo a uma demanda das empresas localizadas na avenida Floriano Peixoto, a CDL Uberl\u00e2ndia foi acionada para ouvir alguns relatos sobre o aumento significativo da criminalidade na regi\u00e3o e intermediar o di\u00e1logo com o poder p\u00fablico.<\/p>\n\n\n\n<p>Atrav\u00e9s de uma mobiliza\u00e7\u00e3o que ocorrer\u00e1 no pr\u00f3ximo dia 07 (sexta-feira), a partir das 17h, o grupo de empres\u00e1rios solicita medidas emergenciais para combater o alto n\u00edvel de furtos e roubos que v\u00eam ocorrendo na regi\u00e3o.<\/p>\n\n\n\n<p>Desde o ano passado, a CDL vem realizando uma s\u00e9rie de a\u00e7\u00f5es para combater essa onda de crimes, entre elas, pesquisas, reuni\u00f5es setoriais e debates p\u00fablicos com empres\u00e1rios, lideran\u00e7as locais, membros da for\u00e7a de seguran\u00e7a e representantes dos Poderes Executivo, Legislativo e Judici\u00e1rio.<\/p>\n\n\n\n<p>De acordo com seu \u00faltimo levantamento, realizado no m\u00eas de janeiro, 72,9% dos entrevistados n\u00e3o se sentem seguros em frequentar a regi\u00e3o central e 37,5% j\u00e1 foram v\u00edtimas ou presenciaram alguma situa\u00e7\u00e3o de furto ou roubo no centro.<\/p>\n\n\n\n<p>Uma das principais bandeiras defendidas pela CDL \u00e9 o aumento de investimentos do estado e munic\u00edpio na seguran\u00e7a p\u00fablica e a aprova\u00e7\u00e3o de leis mais rigorosas para coibir a criminalidade, especialmente os crimes considerados de menor potencial ofensivo.<\/p>\n\n\n\n<p>A entidade continua acompanhando de perto a resolu\u00e7\u00e3o do tema e se coloca \u00e0 disposi\u00e7\u00e3o para que a segunda cidade mais populosa de Minas e uma das mais expressivas do pa\u00eds retome a tranquilidade de que precisa para continuar prosperando.<\/p>\n\n\n<figure class=\"wp-block-post-featured-image\"><img loading=\"lazy\" decoding=\"async\" width=\"1600\" height=\"1066\" src=\"https:\/\/revistahubclub.com.br\/portal\/wp-content\/uploads\/2025\/02\/segurr.jpeg\" class=\"attachment-post-thumbnail size-post-thumbnail wp-post-image\" alt=\"\" style=\"object-fit:cover;\" srcset=\"https:\/\/revistahubclub.com.br\/portal\/wp-content\/uploads\/2025\/02\/segurr.jpeg 1600w, https:\/\/revistahubclub.com.br\/portal\/wp-content\/uploads\/2025\/02\/segurr-300x200.jpeg 300w, https:\/\/revistahubclub.com.br\/portal\/wp-content\/uploads\/2025\/02\/segurr-1024x682.jpeg 1024w, https:\/\/revistahubclub.com.br\/portal\/wp-content\/uploads\/2025\/02\/segurr-768x512.jpeg 768w, https:\/\/revistahubclub.com.br\/portal\/wp-content\/uploads\/2025\/02\/segurr-1536x1023.jpeg 1536w, https:\/\/revistahubclub.com.br\/portal\/wp-content\/uploads\/2025\/02\/segurr-900x600.jpeg 900w\" sizes=\"auto, (max-width: 1600px) 100vw, 1600px\" \/><\/figure>","protected":false},"excerpt":{"rendered":"<p>Atendendo a uma demanda das empresas localizadas na avenida Floriano Peixoto, a CDL Uberl\u00e2ndia foi acionada para ouvir alguns relatos sobre o aumento significativo da criminalidade na regi\u00e3o e intermediar<\/p>\n","protected":false},"author":2,"featured_media":10439,"comment_status":"open","ping_status":"open","sticky":false,"template":"","format":"standard","meta":{"footnotes":""},"categories":[1],"tags":[],"class_list":["post-10437","post","type-post","status-publish","format-standard","has-post-thumbnail","hentry","category-noticias"],"_links":{"self":[{"href":"https:\/\/revistahubclub.com.br\/portal\/wp-json\/wp\/v2\/posts\/10437","targetHints":{"allow":["GET"]}}],"collection":[{"href":"https:\/\/revistahubclub.com.br\/portal\/wp-json\/wp\/v2\/posts"}],"about":[{"href":"https:\/\/revistahubclub.com.br\/portal\/wp-json\/wp\/v2\/types\/post"}],"author":[{"embeddable":true,"href":"https:\/\/revistahubclub.com.br\/portal\/wp-json\/wp\/v2\/users\/2"}],"replies":[{"embeddable":true,"href":"https:\/\/revistahubclub.com.br\/portal\/wp-json\/wp\/v2\/comments?post=10437"}],"version-history":[{"count":2,"href":"https:\/\/revistahubclub.com.br\/portal\/wp-json\/wp\/v2\/posts\/10437\/revisions"}],"predecessor-version":[{"id":10445,"href":"https:\/\/revistahubclub.com.br\/portal\/wp-json\/wp\/v2\/posts\/10437\/revisions\/10445"}],"wp:featuredmedia":[{"embeddable":true,"href":"https:\/\/revistahubclub.com.br\/portal\/wp-json\/wp\/v2\/media\/10439"}],"wp:attachment":[{"href":"https:\/\/revistahubclub.com.br\/portal\/wp-json\/wp\/v2\/media?parent=10437"}],"wp:term":[{"taxonomy":"category","embeddable":true,"href":"https:\/\/revistahubclub.com.br\/portal\/wp-json\/wp\/v2\/categories?post=10437"},{"taxonomy":"post_tag","embeddable":true,"href":"https:\/\/revistahubclub.com.br\/portal\/wp-json\/wp\/v2\/tags?post=10437"}],"curies":[{"name":"wp","href":"https:\/\/api.w.org\/{rel}","templated":true}]}}