{"id":10456,"date":"2025-02-06T10:34:20","date_gmt":"2025-02-06T13:34:20","guid":{"rendered":"https:\/\/revistahubclub.com.br\/portal\/?p=10456"},"modified":"2025-02-06T10:34:20","modified_gmt":"2025-02-06T13:34:20","slug":"uso-de-celular-esta-proibido-nas-salas-de-aulas-intervalos-e-recreios-a-partir-de-2025","status":"publish","type":"post","link":"https:\/\/revistahubclub.com.br\/portal\/2025\/02\/06\/uso-de-celular-esta-proibido-nas-salas-de-aulas-intervalos-e-recreios-a-partir-de-2025\/","title":{"rendered":"Uso de celular est\u00e1 proibido nas salas de aulas, intervalos e recreios a partir de 2025"},"content":{"rendered":"\n<figure class=\"wp-block-image size-full\"><img loading=\"lazy\" decoding=\"async\" width=\"897\" height=\"324\" src=\"https:\/\/revistahubclub.com.br\/portal\/wp-content\/uploads\/2025\/02\/Captura-de-tela-2025-02-06-080718.png\" alt=\"\" class=\"wp-image-10458\" srcset=\"https:\/\/revistahubclub.com.br\/portal\/wp-content\/uploads\/2025\/02\/Captura-de-tela-2025-02-06-080718.png 897w, https:\/\/revistahubclub.com.br\/portal\/wp-content\/uploads\/2025\/02\/Captura-de-tela-2025-02-06-080718-300x108.png 300w, https:\/\/revistahubclub.com.br\/portal\/wp-content\/uploads\/2025\/02\/Captura-de-tela-2025-02-06-080718-768x277.png 768w\" sizes=\"auto, (max-width: 897px) 100vw, 897px\" \/><\/figure>\n\n\n\n<p>O\u00a0<a href=\"https:\/\/www.mg.gov.br\/\" target=\"_blank\" rel=\"noreferrer noopener\">Governo de Minas<\/a>, por meio da\u00a0<a href=\"https:\/\/www.educacao.mg.gov.br\/\" target=\"_blank\" rel=\"noreferrer noopener\">Secretaria de Estado de Educa\u00e7\u00e3o de Minas Gerais (SEE\/MG)<\/a>, enviou \u00e0s escolas\u00a0<a href=\"https:\/\/www.educacao.mg.gov.br\/wp-content\/uploads\/2025\/02\/Orientacao-sobre-uso-de-Celulares-1-1.pdf\" target=\"_blank\" rel=\"noreferrer noopener\">orienta\u00e7\u00f5es<\/a>\u00a0sobre o uso de celulares, em cumprimento \u00e0 Lei Federal n\u00ba 15.100\/2025. A partir do in\u00edcio do ano letivo de 2025, em 10\/2, o uso dos dispositivos est\u00e1 proibido em salas de aulas, intervalos e recreios.\u00a0<\/p>\n\n\n\n<p>Nos anos iniciais do ensino fundamental, os estudantes n\u00e3o poder\u00e3o trazer celulares para a escola. Para os anos finais do ensino fundamental e o ensino m\u00e9dio, o uso ser\u00e1 restrito a contextos espec\u00edficos pedag\u00f3gicos planejados pelos professores.&nbsp;<\/p>\n\n\n\n<p><strong>\u201cO objetivo dessas novas orienta\u00e7\u00f5es \u00e9 garantir que nossos estudantes tenham um ambiente prop\u00edcio \u00e0 concentra\u00e7\u00e3o, conviv\u00eancia e acesso a pr\u00e1ticas pedag\u00f3gicas que realmente impactem sua forma\u00e7\u00e3o\u201d, enfatiza o secret\u00e1rio de Estado de Educa\u00e7\u00e3o, Igor de Alvarenga.<\/strong><\/p>\n\n\n\n<p><strong>Ambiente focado na aprendizagem<\/strong><\/p>\n\n\n\n<p>Essas medidas visam melhorar o desenvolvimento socioemocional dos estudantes. Com a nova norma, espera-se maior concentra\u00e7\u00e3o nas atividades escolares e est\u00edmulo \u00e0 intera\u00e7\u00e3o social. Em caso de descumprimento, os alunos ser\u00e3o advertidos, e os respons\u00e1veis notificados.&nbsp;<\/p>\n\n\n\n<p>A subsecret\u00e1ria de Desenvolvimento da Educa\u00e7\u00e3o B\u00e1sica, Kellen Senra, ressalta a import\u00e2ncia do apoio familiar. \u201c\u00c9 fundamental que as fam\u00edlias compreendam e apoiem essa mudan\u00e7a para prevenir os preju\u00edzos \u00e0 sa\u00fade mental e garantir o desenvolvimento dos estudantes\u201d.&nbsp;<\/p>\n\n\n\n<p>O Minist\u00e9rio da Educa\u00e7\u00e3o (MEC) lan\u00e7ou, na \u00faltima sexta-feira (31\/1), dois guias, um destinado \u00e0s redes de ensino e outro \u00e0s escolas. Os documentos apresentam algumas orienta\u00e7\u00f5es gerais a serem seguidas, entre elas garantido a autonomia escolar, onde cada rede e escola pode definir formas de aplica\u00e7\u00e3o da restri\u00e7\u00e3o, respeitando a legisla\u00e7\u00e3o, mas adequando \u00e0s regras \u00e0 sua realidade, como j\u00e1 era feito em Minas Gerais.&nbsp;<\/p>\n\n\n\n<p><strong>Uso permitido&nbsp;<\/strong><\/p>\n\n\n\n<figure class=\"wp-block-image\"><img decoding=\"async\" src=\"https:\/\/www.agenciaminas.mg.gov.br\/ckeditor_assets\/pictures\/22392\/content_estudantes_em_atividade_com_celular_sob_orientacao_do_professor.jpeg\" alt=\"\" \/><figcaption class=\"wp-element-caption\"><sub><em>SEE-MG \/ Divulga\u00e7\u00e3o<\/em><\/sub><\/figcaption><\/figure>\n\n\n\n<p>Apesar das restri\u00e7\u00f5es, a legisla\u00e7\u00e3o permite o uso de celulares para fins pedag\u00f3gicos, com autoriza\u00e7\u00e3o do docente, e em casos como acessibilidade, sa\u00fade e inclus\u00e3o.<br><br>Para isso, a SEE\/MG disponibiliza plataformas educacionais como Elefante Letrado, Enem MG, Britannica Education e Google for Education, que ser\u00e3o liberadas para uso.<\/p>\n\n\n\n<p>Outras ferramentas tecnol\u00f3gicas tamb\u00e9m poder\u00e3o ser utilizadas, desde que estejam vinculadas ao&nbsp;<a href=\"https:\/\/curriculoreferencia.educacao.mg.gov.br\/index.php\" target=\"_blank\" rel=\"noreferrer noopener\">Curr\u00edculo Refer\u00eancia de Minas Gerais<\/a>, ao&nbsp;<a href=\"https:\/\/curriculoreferencia.educacao.mg.gov.br\/index.php\/plano-de-cursos-crmg\" target=\"_blank\" rel=\"noreferrer noopener\">Plano de Curso<\/a>&nbsp;e ao Planejamento do Professor.<\/p>\n\n\n\n<figure class=\"wp-block-image size-full\"><img loading=\"lazy\" decoding=\"async\" width=\"456\" height=\"325\" src=\"https:\/\/revistahubclub.com.br\/portal\/wp-content\/uploads\/2025\/02\/image-4.png\" alt=\"\" class=\"wp-image-10457\" srcset=\"https:\/\/revistahubclub.com.br\/portal\/wp-content\/uploads\/2025\/02\/image-4.png 456w, https:\/\/revistahubclub.com.br\/portal\/wp-content\/uploads\/2025\/02\/image-4-300x214.png 300w\" sizes=\"auto, (max-width: 456px) 100vw, 456px\" \/><\/figure>\n\n\n\n<p><strong>Resultados positivos em experi\u00eancias anteriores<\/strong><\/p>\n\n\n\n<p>A aplica\u00e7\u00e3o da restri\u00e7\u00e3o de celulares j\u00e1 gerou resultados positivos em institui\u00e7\u00f5es da rede estadual. Desde 2023, a Escola Estadual Coronel Calhau, em Ipanema, implementou a proibi\u00e7\u00e3o total do uso de celulares, com forte apoio das fam\u00edlias.&nbsp;<\/p>\n\n\n\n<p>\u201cNo ato de matr\u00edcula, os pais assinavam um documento concordando com a proibi\u00e7\u00e3o. Para os alunos que vinham de locais mais distantes e precisavam do celular para o deslocamento, criamos um sistema de armazenamento na supervis\u00e3o. Eles deixam o aparelho ao chegar e retiram na sa\u00edda\u201d, explica.<\/p>\n\n\n\n<p>Para a estudante Ana Luiza do Prado, 17 anos, a adapta\u00e7\u00e3o n\u00e3o foi f\u00e1cil, mas os benef\u00edcios j\u00e1 s\u00e3o not\u00e1veis. \u201c\u00c9 muito f\u00e1cil se distrair com notifica\u00e7\u00f5es. Com essa regra, fiquei mais focada e interagindo mais com os professores\u201d.&nbsp;<\/p>\n\n\n\n<p>Na Escola Estadual Jo\u00e3o Belo de Oliveira, em Carangola, a restri\u00e7\u00e3o come\u00e7ou a ser testada em 2024. Apesar da resist\u00eancia inicial, o diretor Renato Torres percebeu que, ap\u00f3s algumas explica\u00e7\u00f5es sobre os objetivos da medida, a adapta\u00e7\u00e3o dos estudantes foi r\u00e1pida.&nbsp;<\/p>\n\n\n\n<p>\u201cAs ocorr\u00eancias disciplinares diminu\u00edram abruptamente, a evas\u00e3o escolar caiu e o fluxo de aprova\u00e7\u00e3o aumentou. Al\u00e9m disso, recebemos liga\u00e7\u00f5es de pais dizendo que o comportamento dos filhos melhorou at\u00e9 em casa\u201d, relata.<\/p>\n\n\n\n\n\n<p><strong>Sobre a Lei n\u00ba 15.100\/2025<\/strong><\/p>\n\n\n\n<p>Sancionada neste ano pelo Governo Federal, a legisla\u00e7\u00e3o regulamenta o uso de celulares e dispositivos eletr\u00f4nicos pessoais em todas as etapas da educa\u00e7\u00e3o b\u00e1sica, proibindo seu uso durante aulas, recreios e intervalos. A lei permite exce\u00e7\u00f5es apenas em casos de necessidade, perigo ou garantia de direitos fundamentais.<\/p>\n\n\n<figure class=\"wp-block-post-featured-image\"><img loading=\"lazy\" decoding=\"async\" width=\"456\" height=\"325\" src=\"https:\/\/revistahubclub.com.br\/portal\/wp-content\/uploads\/2025\/02\/image-4.png\" class=\"attachment-post-thumbnail size-post-thumbnail wp-post-image\" alt=\"\" style=\"object-fit:cover;\" srcset=\"https:\/\/revistahubclub.com.br\/portal\/wp-content\/uploads\/2025\/02\/image-4.png 456w, https:\/\/revistahubclub.com.br\/portal\/wp-content\/uploads\/2025\/02\/image-4-300x214.png 300w\" sizes=\"auto, (max-width: 456px) 100vw, 456px\" \/><\/figure>","protected":false},"excerpt":{"rendered":"<p>O\u00a0Governo de Minas, por meio da\u00a0Secretaria de Estado de Educa\u00e7\u00e3o de Minas Gerais (SEE\/MG), enviou \u00e0s escolas\u00a0orienta\u00e7\u00f5es\u00a0sobre o uso de celulares, em cumprimento \u00e0 Lei Federal n\u00ba 15.100\/2025. A partir<\/p>\n","protected":false},"author":2,"featured_media":10457,"comment_status":"open","ping_status":"open","sticky":false,"template":"","format":"standard","meta":{"footnotes":""},"categories":[1],"tags":[],"class_list":["post-10456","post","type-post","status-publish","format-standard","has-post-thumbnail","hentry","category-noticias"],"_links":{"self":[{"href":"https:\/\/revistahubclub.com.br\/portal\/wp-json\/wp\/v2\/posts\/10456","targetHints":{"allow":["GET"]}}],"collection":[{"href":"https:\/\/revistahubclub.com.br\/portal\/wp-json\/wp\/v2\/posts"}],"about":[{"href":"https:\/\/revistahubclub.com.br\/portal\/wp-json\/wp\/v2\/types\/post"}],"author":[{"embeddable":true,"href":"https:\/\/revistahubclub.com.br\/portal\/wp-json\/wp\/v2\/users\/2"}],"replies":[{"embeddable":true,"href":"https:\/\/revistahubclub.com.br\/portal\/wp-json\/wp\/v2\/comments?post=10456"}],"version-history":[{"count":1,"href":"https:\/\/revistahubclub.com.br\/portal\/wp-json\/wp\/v2\/posts\/10456\/revisions"}],"predecessor-version":[{"id":10459,"href":"https:\/\/revistahubclub.com.br\/portal\/wp-json\/wp\/v2\/posts\/10456\/revisions\/10459"}],"wp:featuredmedia":[{"embeddable":true,"href":"https:\/\/revistahubclub.com.br\/portal\/wp-json\/wp\/v2\/media\/10457"}],"wp:attachment":[{"href":"https:\/\/revistahubclub.com.br\/portal\/wp-json\/wp\/v2\/media?parent=10456"}],"wp:term":[{"taxonomy":"category","embeddable":true,"href":"https:\/\/revistahubclub.com.br\/portal\/wp-json\/wp\/v2\/categories?post=10456"},{"taxonomy":"post_tag","embeddable":true,"href":"https:\/\/revistahubclub.com.br\/portal\/wp-json\/wp\/v2\/tags?post=10456"}],"curies":[{"name":"wp","href":"https:\/\/api.w.org\/{rel}","templated":true}]}}