{"id":10460,"date":"2025-02-06T11:04:39","date_gmt":"2025-02-06T14:04:39","guid":{"rendered":"https:\/\/revistahubclub.com.br\/portal\/?p=10460"},"modified":"2025-02-06T11:04:39","modified_gmt":"2025-02-06T14:04:39","slug":"estudantes-de-minas-gerais-ja-podem-se-inscrever-no-fies-2025","status":"publish","type":"post","link":"https:\/\/revistahubclub.com.br\/portal\/2025\/02\/06\/estudantes-de-minas-gerais-ja-podem-se-inscrever-no-fies-2025\/","title":{"rendered":"Estudantes de Minas Gerais j\u00e1 podem se inscrever no Fies 2025"},"content":{"rendered":"\n<p>Iniciativa oferece acesso \u00e0 educa\u00e7\u00e3o superior com mensalidades acess\u00edveis; inscri\u00e7\u00f5es v\u00e3o at\u00e9 a pr\u00f3xima sexta-feira (7\/2)<\/p>\n\n\n\n<figure class=\"wp-block-image size-large\"><img loading=\"lazy\" decoding=\"async\" width=\"1024\" height=\"430\" src=\"https:\/\/revistahubclub.com.br\/portal\/wp-content\/uploads\/2025\/02\/image-5-1024x430.png\" alt=\"\" class=\"wp-image-10461\" srcset=\"https:\/\/revistahubclub.com.br\/portal\/wp-content\/uploads\/2025\/02\/image-5-1024x430.png 1024w, https:\/\/revistahubclub.com.br\/portal\/wp-content\/uploads\/2025\/02\/image-5-300x126.png 300w, https:\/\/revistahubclub.com.br\/portal\/wp-content\/uploads\/2025\/02\/image-5-768x323.png 768w, https:\/\/revistahubclub.com.br\/portal\/wp-content\/uploads\/2025\/02\/image-5.png 1040w\" sizes=\"auto, (max-width: 1024px) 100vw, 1024px\" \/><\/figure>\n\n\n\n<p>Os estudantes da rede estadual de ensino de Minas Gerais que participaram do Exame Nacional do Ensino M\u00e9dio (Enem) agora t\u00eam a oportunidade de se candidatar a vagas em institui\u00e7\u00f5es de ensino superior particulares por meio do Fies (Fundo de Financiamento Estudantil). O per\u00edodo de inscri\u00e7\u00f5es come\u00e7ou nessa ter\u00e7a-feira (4\/2) e se estende at\u00e9 a pr\u00f3xima sexta-feira (7\/2).<\/p>\n\n\n\n<p>As inscri\u00e7\u00f5es s\u00e3o gratuitas e devem ser feitas por meio do Fies Sele\u00e7\u00e3o, dispon\u00edvel no&nbsp;Portal \u00danico de Acesso ao Ensino Superior&nbsp;do Minist\u00e9rio da Educa\u00e7\u00e3o (MEC). Segundo o cronograma do MEC, os resultados ser\u00e3o divulgados no dia 18\/2.<\/p>\n\n\n\n<p>Ao todo, 67 mil vagas est\u00e3o dispon\u00edveis, com 50% delas destinadas ao Fies Social, destinado a estudantes com renda familiar per capita de at\u00e9 meio sal\u00e1rio m\u00ednimo e que est\u00e3o inscritos no Cadastro \u00danico para Programas Sociais do Governo Federal (Cad\u00danico).<\/p>\n\n\n\n<p><strong>Principais crit\u00e9rios<\/strong><\/p>\n\n\n\n<p>Essa \u00e9 uma oportunidade significativa para aqueles que n\u00e3o conseguiram uma vaga pelo Sisu ou Prouni e desejam ingressar na universidade com condi\u00e7\u00f5es de financiamento facilitadas. O Fies permite que as mensalidades sejam pagas de forma parcelada, com juros baixos ou at\u00e9 mesmo isentos, dependendo do perfil do estudante.<\/p>\n\n\n\n<p>Para se inscrever no Fies, os candidatos devem seguir alguns passos, que seguem, abaixo:&nbsp;<\/p>\n\n\n\n<p><strong>Nota do Enem:&nbsp;<\/strong>O candidato deve ter feito o exame&nbsp;a partir de 2010. Para ser eleg\u00edvel, a m\u00e9dia das notas deve ser superior a 450 pontos, e a nota da reda\u00e7\u00e3o deve ser maior que 400 pontos.<\/p>\n\n\n\n<p><strong>Renda familiar:<\/strong>&nbsp;O candidato deve comprovar uma renda familiar mensal de at\u00e9 tr\u00eas sal\u00e1rios m\u00ednimos por pessoa. Esses crit\u00e9rios s\u00e3o essenciais para garantir que o financiamento seja acess\u00edvel a estudantes de fam\u00edlias de baixa renda.<\/p>\n\n\n\n<p>\u00c9 importante frisar que, al\u00e9m de se inscrever no site, o estudante deve verificar se o curso e a institui\u00e7\u00e3o de ensino desejados est\u00e3o dispon\u00edveis no Fies e atendem aos requisitos do programa.<\/p>\n\n\n\n<p>As vagas do Fies s\u00e3o limitadas, e a sele\u00e7\u00e3o ocorrer\u00e1 com base no n\u00famero de vagas oferecidas pelas institui\u00e7\u00f5es e na demanda dos estudantes. Portanto, \u00e9 crucial que os candidatos fiquem atentos aos prazos e etapas do processo.<\/p>\n\n\n\n<p><strong>Destaque no Enem 2024&nbsp;<\/strong><\/p>\n\n\n\n<p>Em 2024, o&nbsp;<a href=\"https:\/\/www.mg.gov.br\/\" target=\"_blank\" rel=\"noreferrer noopener\">Governo de Minas<\/a>, por meio da&nbsp;<a href=\"https:\/\/www.educacao.mg.gov.br\/\" target=\"_blank\" rel=\"noreferrer noopener\">Secretaria de Estado de Educa\u00e7\u00e3o (SEE\/MG)<\/a>, implementou, pela primeira vez, iniciativas inovadoras de prepara\u00e7\u00e3o para o exame, permitindo que muitos estudantes realizassem o sonho de ingressar no ensino superior.<\/p>\n\n\n\n<p>Os dados relatam o desempenho excepcional dos estudantes mineiros na reda\u00e7\u00e3o do Enem 2024. Dos 12 estudantes em todo o pa\u00eds que alcan\u00e7aram a nota m\u00e1xima de 1.000 pontos na reda\u00e7\u00e3o, a \u00fanica participante vinda de escola p\u00fablica \u00e9 Samille Malta, ex-aluna da Escola Estadual Nossa Senhora do Patroc\u00ednio, em Virgin\u00f3polis.<\/p>\n\n\n\n<p>Minas Gerais se destacou, liderando as notas de reda\u00e7\u00e3o entre 980 e 1.000, com 331 estudantes mineiros nesse intervalo. A rede p\u00fablica tamb\u00e9m brilhou nesse aspecto, com 30 estudantes alcan\u00e7ando essa faixa de pontua\u00e7\u00e3o, apenas dois a menos do que o Cear\u00e1.<\/p>\n\n\n<figure class=\"wp-block-post-featured-image\"><img loading=\"lazy\" decoding=\"async\" width=\"1040\" height=\"437\" src=\"https:\/\/revistahubclub.com.br\/portal\/wp-content\/uploads\/2025\/02\/image-5.png\" class=\"attachment-post-thumbnail size-post-thumbnail wp-post-image\" alt=\"\" style=\"object-fit:cover;\" srcset=\"https:\/\/revistahubclub.com.br\/portal\/wp-content\/uploads\/2025\/02\/image-5.png 1040w, https:\/\/revistahubclub.com.br\/portal\/wp-content\/uploads\/2025\/02\/image-5-300x126.png 300w, https:\/\/revistahubclub.com.br\/portal\/wp-content\/uploads\/2025\/02\/image-5-1024x430.png 1024w, https:\/\/revistahubclub.com.br\/portal\/wp-content\/uploads\/2025\/02\/image-5-768x323.png 768w\" sizes=\"auto, (max-width: 1040px) 100vw, 1040px\" \/><\/figure>","protected":false},"excerpt":{"rendered":"<p>Iniciativa oferece acesso \u00e0 educa\u00e7\u00e3o superior com mensalidades acess\u00edveis; inscri\u00e7\u00f5es v\u00e3o at\u00e9 a pr\u00f3xima sexta-feira (7\/2) Os estudantes da rede estadual de ensino de Minas Gerais que participaram do Exame<\/p>\n","protected":false},"author":2,"featured_media":10461,"comment_status":"open","ping_status":"open","sticky":false,"template":"","format":"standard","meta":{"footnotes":""},"categories":[1],"tags":[153,169,167,168],"class_list":["post-10460","post","type-post","status-publish","format-standard","has-post-thumbnail","hentry","category-noticias","tag-153","tag-estudantes","tag-fies","tag-inscricoes"],"_links":{"self":[{"href":"https:\/\/revistahubclub.com.br\/portal\/wp-json\/wp\/v2\/posts\/10460","targetHints":{"allow":["GET"]}}],"collection":[{"href":"https:\/\/revistahubclub.com.br\/portal\/wp-json\/wp\/v2\/posts"}],"about":[{"href":"https:\/\/revistahubclub.com.br\/portal\/wp-json\/wp\/v2\/types\/post"}],"author":[{"embeddable":true,"href":"https:\/\/revistahubclub.com.br\/portal\/wp-json\/wp\/v2\/users\/2"}],"replies":[{"embeddable":true,"href":"https:\/\/revistahubclub.com.br\/portal\/wp-json\/wp\/v2\/comments?post=10460"}],"version-history":[{"count":1,"href":"https:\/\/revistahubclub.com.br\/portal\/wp-json\/wp\/v2\/posts\/10460\/revisions"}],"predecessor-version":[{"id":10462,"href":"https:\/\/revistahubclub.com.br\/portal\/wp-json\/wp\/v2\/posts\/10460\/revisions\/10462"}],"wp:featuredmedia":[{"embeddable":true,"href":"https:\/\/revistahubclub.com.br\/portal\/wp-json\/wp\/v2\/media\/10461"}],"wp:attachment":[{"href":"https:\/\/revistahubclub.com.br\/portal\/wp-json\/wp\/v2\/media?parent=10460"}],"wp:term":[{"taxonomy":"category","embeddable":true,"href":"https:\/\/revistahubclub.com.br\/portal\/wp-json\/wp\/v2\/categories?post=10460"},{"taxonomy":"post_tag","embeddable":true,"href":"https:\/\/revistahubclub.com.br\/portal\/wp-json\/wp\/v2\/tags?post=10460"}],"curies":[{"name":"wp","href":"https:\/\/api.w.org\/{rel}","templated":true}]}}