{"id":10466,"date":"2025-02-06T12:36:48","date_gmt":"2025-02-06T15:36:48","guid":{"rendered":"https:\/\/revistahubclub.com.br\/portal\/?p=10466"},"modified":"2025-02-06T12:36:48","modified_gmt":"2025-02-06T15:36:48","slug":"feira-do-cerrado-2025-um-encontro-de-inovacoes-e-sustentabilidade-no-agronegocio-mineiro","status":"publish","type":"post","link":"https:\/\/revistahubclub.com.br\/portal\/2025\/02\/06\/feira-do-cerrado-2025-um-encontro-de-inovacoes-e-sustentabilidade-no-agronegocio-mineiro\/","title":{"rendered":"Feira do Cerrado 2025: Um Encontro de Inova\u00e7\u00f5es e Sustentabilidade no Agroneg\u00f3cio Mineiro"},"content":{"rendered":"\n<figure class=\"wp-block-image size-full\"><img loading=\"lazy\" decoding=\"async\" width=\"624\" height=\"419\" src=\"https:\/\/revistahubclub.com.br\/portal\/wp-content\/uploads\/2025\/02\/image-6.png\" alt=\"\" class=\"wp-image-10467\" srcset=\"https:\/\/revistahubclub.com.br\/portal\/wp-content\/uploads\/2025\/02\/image-6.png 624w, https:\/\/revistahubclub.com.br\/portal\/wp-content\/uploads\/2025\/02\/image-6-300x201.png 300w\" sizes=\"auto, (max-width: 624px) 100vw, 624px\" \/><\/figure>\n\n\n\n<p>Nos dias 5 e 6 de fevereiro, Monte Carmelo se transforma no ponto de encontro para mais de 4 mil entusiastas do agroneg\u00f3cio durante a 10\u00aa edi\u00e7\u00e3o da Feira do Cerrado, que aborda o tema \u201cAgricultura e Mudan\u00e7as Clim\u00e1ticas: Resili\u00eancia e Oportunidades\u201d. Promovido pela Cooxup\u00e9, o evento se destaca como um importante espa\u00e7o para a troca de ideias e a apresenta\u00e7\u00e3o de tecnologias que visam aumentar a produtividade das lavouras.<\/p>\n\n\n\n<p>Com uma impressionante \u00e1rea de 50 mil metros quadrados, a feira conta com a participa\u00e7\u00e3o de 65 marcas expositoras, que trazem mais de 12 mil produtos voltados ao setor agr\u00edcola. O presidente da Cooxup\u00e9, Carlos Augusto Rodrigues de Melo, destaca a relev\u00e2ncia do tema central: \u201cDiscutir a mudan\u00e7a clim\u00e1tica e a resili\u00eancia do produtor \u00e9 essencial. No campo, sentimos essa demanda e respondemos com dedica\u00e7\u00e3o e trabalho\u201d.<\/p>\n\n\n\n<p><strong>Inova\u00e7\u00f5es em Destaque<\/strong><\/p>\n\n\n\n<p>A Feira do Cerrado 2025 se destaca por apresentar uma gama de inova\u00e7\u00f5es e solu\u00e7\u00f5es para o setor agr\u00edcola:<\/p>\n\n\n\n<ul class=\"wp-block-list\">\n<li><strong>Novas Culturas em Foco<\/strong>: O espa\u00e7o dedicado a cereais, como milho e soja, traz a novidade da parceria da Cooxup\u00e9 com a Agrobom.<\/li>\n\n\n\n<li><strong>Drones para Pulveriza\u00e7\u00e3o<\/strong>: Os visitantes podem conhecer de perto como essa tecnologia pode otimizar os processos nas lavouras.<\/li>\n\n\n\n<li><strong>Produ\u00e7\u00e3o de Biochar<\/strong>: Uma nova usina compacta \u00e9 apresentada, destacando sua fun\u00e7\u00e3o no sequestro de carbono e na mitiga\u00e7\u00e3o de gases do efeito estufa.<\/li>\n\n\n\n<li><strong>Guindastes Avan\u00e7ados<\/strong>: Equipamentos com capacidade de at\u00e9 30 toneladas s\u00e3o apresentados, focando na movimenta\u00e7\u00e3o de cargas no agroneg\u00f3cio.<\/li>\n\n\n\n<li><strong>Tecnologia em Cer\u00e2mica<\/strong>: Novas pontas de pulveriza\u00e7\u00e3o em cer\u00e2mica s\u00e3o oferecidas por um fabricante especializado.<\/li>\n<\/ul>\n\n\n\n<p><strong>Servi\u00e7os e Produtos da Cooxup\u00e9<\/strong><\/p>\n\n\n\n<p>Al\u00e9m das inova\u00e7\u00f5es tecnol\u00f3gicas, a feira tamb\u00e9m conta com espa\u00e7os dedicados \u00e0 Cooxup\u00e9, que mostram a variedade de servi\u00e7os e produtos dispon\u00edveis para os cooperados:<\/p>\n\n\n\n<ul class=\"wp-block-list\">\n<li><strong>Caf\u00e9s Especiais<\/strong>: Um estande dedicado ao SMC Specialty Coffees traz op\u00e7\u00f5es diferenciadas para os apreciadores do caf\u00e9.<\/li>\n\n\n\n<li><strong>Seguros para o Agroneg\u00f3cio<\/strong>: A Cooxup\u00e9 Corretora de Seguros apresenta solu\u00e7\u00f5es espec\u00edficas para o setor.<\/li>\n\n\n\n<li><strong>Linhas de Cr\u00e9dito<\/strong>: O Vect.Ag oferece op\u00e7\u00f5es de financiamento rural.<\/li>\n\n\n\n<li><strong>Sustentabilidade em Foco<\/strong>: O Protocolo Gera\u00e7\u00f5es informa sobre pr\u00e1ticas sustent\u00e1veis e a\u00e7\u00f5es respons\u00e1veis.<\/li>\n\n\n\n<li><strong>Espa\u00e7o para Degusta\u00e7\u00e3o<\/strong>: A Torrefa\u00e7\u00e3o e Master Expresso proporciona uma experi\u00eancia sensorial aos amantes do caf\u00e9.<\/li>\n\n\n\n<li><strong>Entretenimento para Todos<\/strong>: \u00c1reas de lazer e divers\u00e3o para crian\u00e7as e fam\u00edlias garantem um ambiente agrad\u00e1vel.<\/li>\n<\/ul>\n\n\n\n<p><strong>Oportunidades de Neg\u00f3cio<\/strong><\/p>\n\n\n\n<p>A Feira do Cerrado tamb\u00e9m oferece aos produtores a chance de realizar neg\u00f3cios com o suporte do Centro de Neg\u00f3cios da Cooxup\u00e9. Al\u00e9m de linhas de cr\u00e9dito com institui\u00e7\u00f5es financeiras, os cooperados t\u00eam a op\u00e7\u00e3o de adquirir produtos e insumos atrav\u00e9s da \u201cOpera\u00e7\u00e3o Barter\u201d, que permite pagamentos com caf\u00e9, facilitando assim as transa\u00e7\u00f5es comerciais.<\/p>\n\n\n\n<p>A 10\u00aa Feira do Cerrado reafirma seu papel como um evento essencial para o agroneg\u00f3cio mineiro, unindo inova\u00e7\u00e3o, sustentabilidade e oportunidades de neg\u00f3cio em um s\u00f3 lugar.<\/p>\n\n\n\n<p><a href=\"https:\/\/hubdocafe.cooxupe.com.br\/por-que-a-feira-do-cerrado-e-realizada-em-monte-carmelo\/\">Monte Carmelo<\/a>.&nbsp;<\/p>\n\n\n\n<h2 class=\"wp-block-heading\"><strong>Feira do Cerrado 2025<\/strong><\/h2>\n\n\n\n<p><strong>Quando:<\/strong>&nbsp;5 e 6 de fevereiro de 2025<\/p>\n\n\n\n<p><strong>Local:<\/strong>&nbsp;N\u00facleo da Cooxup\u00e9 em Monte Carmelo, \u00e0s margens da Rodovia MG 190, Km 3, s\/n\u00ba<\/p>\n\n\n\n<p><strong>Hor\u00e1rio:<\/strong>&nbsp;das 8h \u00e0s 18h<\/p>\n\n\n\n<p>Entrada e estacionamento gratuitos<\/p>\n\n\n\n<p><strong>Condi\u00e7\u00f5es de neg\u00f3cios:<\/strong>&nbsp;Opera\u00e7\u00e3o Barter (troca em caf\u00e9) sendo 3 e 5 parcelas anuais e por meio de financiamentos com institui\u00e7\u00f5es banc\u00e1rias<\/p>\n\n\n\n<p><strong>\u00c1rea total:<\/strong>&nbsp;50 mil m\u00b2<\/p>\n\n\n\n<p><strong>\u00c1rea de exposi\u00e7\u00e3o coberta:<\/strong>&nbsp;11 mil m\u00b2<\/p>\n\n\n\n<p><strong>Capacidade do estacionamento:<\/strong>&nbsp;672 vagas<\/p>\n\n\n\n<p><strong>N\u00famero de expositores:<\/strong>&nbsp;65 marcas<\/p>\n\n\n\n<p><strong>N\u00famero de estandes:<\/strong>&nbsp;85<\/p>\n\n\n\n<p><strong>Quantidade de produtos em exposi\u00e7\u00e3o:<\/strong>&nbsp;mais de 12 mil produtos<\/p>\n\n\n\n<p><strong>Valores dos produtos:<\/strong>&nbsp;a partir de R$ 100,00<\/p>\n\n\n\n<p><strong>Perfil dos expositores:<\/strong>\u00a0m\u00e1quinas, equipamentos, insumos, implementos e solu\u00e7\u00f5es tecnol\u00f3gicas para setor cafeeiro, bem como solu\u00e7\u00f5es sustent\u00e1veis para a lavoura de caf\u00e9 e de outros gr\u00e3os.<br><br><strong><em>Cooxup\u00e9<\/em><\/strong><\/p>\n\n\n<figure class=\"wp-block-post-featured-image\"><img loading=\"lazy\" decoding=\"async\" width=\"541\" height=\"361\" src=\"https:\/\/revistahubclub.com.br\/portal\/wp-content\/uploads\/2025\/02\/Captura-de-tela-2025-02-06-122134.png\" class=\"attachment-post-thumbnail size-post-thumbnail wp-post-image\" alt=\"\" style=\"object-fit:cover;\" srcset=\"https:\/\/revistahubclub.com.br\/portal\/wp-content\/uploads\/2025\/02\/Captura-de-tela-2025-02-06-122134.png 541w, https:\/\/revistahubclub.com.br\/portal\/wp-content\/uploads\/2025\/02\/Captura-de-tela-2025-02-06-122134-300x200.png 300w\" sizes=\"auto, (max-width: 541px) 100vw, 541px\" \/><\/figure>","protected":false},"excerpt":{"rendered":"<p>Nos dias 5 e 6 de fevereiro, Monte Carmelo se transforma no ponto de encontro para mais de 4 mil entusiastas do agroneg\u00f3cio durante a 10\u00aa edi\u00e7\u00e3o da Feira do<\/p>\n","protected":false},"author":2,"featured_media":10468,"comment_status":"open","ping_status":"open","sticky":false,"template":"","format":"standard","meta":{"footnotes":""},"categories":[1],"tags":[16,172,170],"class_list":["post-10466","post","type-post","status-publish","format-standard","has-post-thumbnail","hentry","category-noticias","tag-agronegocio","tag-cafe","tag-cooxupe"],"_links":{"self":[{"href":"https:\/\/revistahubclub.com.br\/portal\/wp-json\/wp\/v2\/posts\/10466","targetHints":{"allow":["GET"]}}],"collection":[{"href":"https:\/\/revistahubclub.com.br\/portal\/wp-json\/wp\/v2\/posts"}],"about":[{"href":"https:\/\/revistahubclub.com.br\/portal\/wp-json\/wp\/v2\/types\/post"}],"author":[{"embeddable":true,"href":"https:\/\/revistahubclub.com.br\/portal\/wp-json\/wp\/v2\/users\/2"}],"replies":[{"embeddable":true,"href":"https:\/\/revistahubclub.com.br\/portal\/wp-json\/wp\/v2\/comments?post=10466"}],"version-history":[{"count":1,"href":"https:\/\/revistahubclub.com.br\/portal\/wp-json\/wp\/v2\/posts\/10466\/revisions"}],"predecessor-version":[{"id":10469,"href":"https:\/\/revistahubclub.com.br\/portal\/wp-json\/wp\/v2\/posts\/10466\/revisions\/10469"}],"wp:featuredmedia":[{"embeddable":true,"href":"https:\/\/revistahubclub.com.br\/portal\/wp-json\/wp\/v2\/media\/10468"}],"wp:attachment":[{"href":"https:\/\/revistahubclub.com.br\/portal\/wp-json\/wp\/v2\/media?parent=10466"}],"wp:term":[{"taxonomy":"category","embeddable":true,"href":"https:\/\/revistahubclub.com.br\/portal\/wp-json\/wp\/v2\/categories?post=10466"},{"taxonomy":"post_tag","embeddable":true,"href":"https:\/\/revistahubclub.com.br\/portal\/wp-json\/wp\/v2\/tags?post=10466"}],"curies":[{"name":"wp","href":"https:\/\/api.w.org\/{rel}","templated":true}]}}