{"id":10476,"date":"2025-02-10T11:17:24","date_gmt":"2025-02-10T14:17:24","guid":{"rendered":"https:\/\/revistahubclub.com.br\/portal\/?p=10476"},"modified":"2025-02-10T11:17:24","modified_gmt":"2025-02-10T14:17:24","slug":"governo-de-minas-vai-investir-r-3-milhoes-em-apoio-a-eventos-cientificos-tecnologicos-e-de-inovacao","status":"publish","type":"post","link":"https:\/\/revistahubclub.com.br\/portal\/2025\/02\/10\/governo-de-minas-vai-investir-r-3-milhoes-em-apoio-a-eventos-cientificos-tecnologicos-e-de-inovacao\/","title":{"rendered":"Governo de Minas\u00a0vai investir R$ 3 milh\u00f5es em apoio a\u00a0eventos cient\u00edficos, tecnol\u00f3gicos e de inova\u00e7\u00e3o"},"content":{"rendered":"\n<p>O&nbsp;<a href=\"https:\/\/www.mg.gov.br\/\" rel=\"noreferrer noopener\" target=\"_blank\">Governo de Minas<\/a>, por meio da&nbsp;<a href=\"https:\/\/desenvolvimento.mg.gov.br\/post\/\" rel=\"noreferrer noopener\" target=\"_blank\">Secretaria de Estado de Desenvolvimento Econ\u00f4mico (Sede-MG)<\/a>&nbsp;e da&nbsp;<a href=\"http:\/\/www.fapemig.br\/pt\/\" rel=\"noreferrer noopener\" target=\"_blank\">Funda\u00e7\u00e3o de Amparo \u00e0 Pesquisa do Estado de Minas Gerais (Fapemig)<\/a>, lan\u00e7a o edital in\u00e9dito para investimentos de R$ 3 milh\u00f5es em recursos para organiza\u00e7\u00e3o de eventos cient\u00edficos, tecnol\u00f3gicos e de inova\u00e7\u00e3o em Minas Gerais.<\/p>\n\n\n\n<p>O edital tem como foco a dissemina\u00e7\u00e3o de tecnologia, produ\u00e7\u00e3o cient\u00edfica e de conhecimento junto ao setor produtivo. O objetivo \u00e9 dar destaque a resultados de pesquisas, projetos e a\u00e7\u00f5es que permitam a promo\u00e7\u00e3o de Minas Gerais como um polo de excel\u00eancia em CT&amp;I.<\/p>\n\n\n\n<p>A iniciativa \u00e9 destinada a pessoas f\u00edsicas vinculadas, conforme termos do edital, a&nbsp; Institui\u00e7\u00f5es Cient\u00edficas, Tecnol\u00f3gicas e de Inova\u00e7\u00e3o (ICTMG), Institui\u00e7\u00f5es de Ensino Superior (IESs), ambientes promotores da inova\u00e7\u00e3o ou empresas com hist\u00f3rico de atua\u00e7\u00e3o ou promo\u00e7\u00e3o de ci\u00eancia, tecnologia e\/ou inova\u00e7\u00e3o, localizadas&nbsp;em Minas Gerais.<\/p>\n\n\n\n<p>A chamada, publicada na \u00faltima quarta-feira (5\/2), recebe propostas at\u00e9 \u00e0s 17h do dia 10\/3.&nbsp;<a href=\"https:\/\/www.fapemig.br\/media\/SEI_106775835_FAPEMIG___Chamada_002.pdf\" rel=\"noreferrer noopener\" target=\"_blank\">Acesse a chamada completa.<\/a><\/p>\n\n\n\n<p><strong>Iniciativa in\u00e9dita<\/strong><\/p>\n\n\n\n<p>\u201cEsta chamada visa expandir o rol de eventos que podem captar recursos. \u00c9 um complemento \u00e0 iniciativa cl\u00e1ssica de eventos da Fapemig, oportunizando que eventos de inova\u00e7\u00e3o tamb\u00e9m busquem fomento. Antes, apenas eventos acad\u00eamico-cient\u00edficos eram contemplados. Com essa nova iniciativa, refor\u00e7amos que Minas \u00e9 o melhor lugar para inovar\u201d, destaca o subsecret\u00e1rio de Ci\u00eancia, Tecnologia e Inova\u00e7\u00e3o da Sede-MG, Lucas Mendes.<\/p>\n\n\n\n<p>De acordo com o porte e abrang\u00eancia de cada evento, podem ser investidos de R$ 22,5 mil a R$ 670 mil em cada proposta aprovada.<\/p>\n\n\n\n<p>\u201cUma outra novidade \u00e9 que a Fapemig, em caso de aprova\u00e7\u00e3o de proposta, liberar\u00e1 os recursos financeiros aprovados diretamente para o(a) coordenador(a) do projeto, por meio do Cart\u00e3o Fapemig Pesquisador&#8221;, destaca Cynthia Mendon\u00e7a Barbosa, assessora t\u00e9cnica de Ci\u00eancia e Inova\u00e7\u00e3o da Fapemig.<\/p>\n\n\n\n<p><strong>Eventos cient\u00edfico, tecnol\u00f3gico e de inova\u00e7\u00e3o<\/strong><\/p>\n\n\n\n<p>A chamada considera como evento de CT&amp;I aqueles que contribuam para o desenvolvimento do Sistema Mineiro de Ci\u00eancia, Tecnologia e Inova\u00e7\u00e3o (SMCTI) e para a promo\u00e7\u00e3o da cultura cient\u00edfica, tecnol\u00f3gica e de inova\u00e7\u00e3o no estado.<\/p>\n\n\n\n<p>Refor\u00e7ando atividades que proporcionam oportunidades de difus\u00e3o de tecnologia e conhecimento e fortalecem a transfer\u00eancia tecnol\u00f3gica, aproximando a academia e o setor empresarial. Al\u00e9m de promover o investimento p\u00fablico e privado em CT&amp;I.<\/p>\n\n\n\n<p>Eventos j\u00e1 consolidados \u2014 que j\u00e1 tiveram, no m\u00ednimo, tr\u00eas edi\u00e7\u00f5es realizadas previamente \u2014 tamb\u00e9m podem ser abrangidos pelo edital.&nbsp;<\/p>\n\n\n\n<p><strong><em>Ag\u00eancia Minas<\/em><\/strong><\/p>\n\n\n<figure class=\"wp-block-post-featured-image\"><img loading=\"lazy\" decoding=\"async\" width=\"786\" height=\"418\" src=\"https:\/\/revistahubclub.com.br\/portal\/wp-content\/uploads\/2025\/02\/Captura-de-tela-2025-02-10-104042.png\" class=\"attachment-post-thumbnail size-post-thumbnail wp-post-image\" alt=\"\" style=\"object-fit:cover;\" srcset=\"https:\/\/revistahubclub.com.br\/portal\/wp-content\/uploads\/2025\/02\/Captura-de-tela-2025-02-10-104042.png 786w, https:\/\/revistahubclub.com.br\/portal\/wp-content\/uploads\/2025\/02\/Captura-de-tela-2025-02-10-104042-300x160.png 300w, https:\/\/revistahubclub.com.br\/portal\/wp-content\/uploads\/2025\/02\/Captura-de-tela-2025-02-10-104042-768x408.png 768w\" sizes=\"auto, (max-width: 786px) 100vw, 786px\" \/><\/figure>","protected":false},"excerpt":{"rendered":"<p>O&nbsp;Governo de Minas, por meio da&nbsp;Secretaria de Estado de Desenvolvimento Econ\u00f4mico (Sede-MG)&nbsp;e da&nbsp;Funda\u00e7\u00e3o de Amparo \u00e0 Pesquisa do Estado de Minas Gerais (Fapemig), lan\u00e7a o edital in\u00e9dito para investimentos de<\/p>\n","protected":false},"author":2,"featured_media":10477,"comment_status":"open","ping_status":"open","sticky":false,"template":"","format":"standard","meta":{"footnotes":""},"categories":[1],"tags":[179,176,178,177,180],"class_list":["post-10476","post","type-post","status-publish","format-standard","has-post-thumbnail","hentry","category-noticias","tag-eventos-cientificos","tag-investimento","tag-r-3-milhoes","tag-tecnologia","tag-tecnologicos"],"_links":{"self":[{"href":"https:\/\/revistahubclub.com.br\/portal\/wp-json\/wp\/v2\/posts\/10476","targetHints":{"allow":["GET"]}}],"collection":[{"href":"https:\/\/revistahubclub.com.br\/portal\/wp-json\/wp\/v2\/posts"}],"about":[{"href":"https:\/\/revistahubclub.com.br\/portal\/wp-json\/wp\/v2\/types\/post"}],"author":[{"embeddable":true,"href":"https:\/\/revistahubclub.com.br\/portal\/wp-json\/wp\/v2\/users\/2"}],"replies":[{"embeddable":true,"href":"https:\/\/revistahubclub.com.br\/portal\/wp-json\/wp\/v2\/comments?post=10476"}],"version-history":[{"count":1,"href":"https:\/\/revistahubclub.com.br\/portal\/wp-json\/wp\/v2\/posts\/10476\/revisions"}],"predecessor-version":[{"id":10478,"href":"https:\/\/revistahubclub.com.br\/portal\/wp-json\/wp\/v2\/posts\/10476\/revisions\/10478"}],"wp:featuredmedia":[{"embeddable":true,"href":"https:\/\/revistahubclub.com.br\/portal\/wp-json\/wp\/v2\/media\/10477"}],"wp:attachment":[{"href":"https:\/\/revistahubclub.com.br\/portal\/wp-json\/wp\/v2\/media?parent=10476"}],"wp:term":[{"taxonomy":"category","embeddable":true,"href":"https:\/\/revistahubclub.com.br\/portal\/wp-json\/wp\/v2\/categories?post=10476"},{"taxonomy":"post_tag","embeddable":true,"href":"https:\/\/revistahubclub.com.br\/portal\/wp-json\/wp\/v2\/tags?post=10476"}],"curies":[{"name":"wp","href":"https:\/\/api.w.org\/{rel}","templated":true}]}}