{"id":10487,"date":"2025-02-11T10:34:17","date_gmt":"2025-02-11T13:34:17","guid":{"rendered":"https:\/\/revistahubclub.com.br\/portal\/?p=10487"},"modified":"2025-02-11T10:34:17","modified_gmt":"2025-02-11T13:34:17","slug":"prefeitura-abre-chamamento-publico-para-participacao-de-agroindustrias-rurais-na-femec-2025","status":"publish","type":"post","link":"https:\/\/revistahubclub.com.br\/portal\/2025\/02\/11\/prefeitura-abre-chamamento-publico-para-participacao-de-agroindustrias-rurais-na-femec-2025\/","title":{"rendered":"Prefeitura abre chamamento p\u00fablico para participa\u00e7\u00e3o de agroind\u00fastrias rurais na Femec 2025"},"content":{"rendered":"\n<p>Edital aberto pela Secretaria Municipal de Agroneg\u00f3cio disponibiliza participa\u00e7\u00e3o para at\u00e9 16 agroind\u00fastrias interessadas na exposi\u00e7\u00e3o e comercializa\u00e7\u00e3o de produtos durante a 12\u00aa edi\u00e7\u00e3o da Feira do Agroneg\u00f3cio Mineiro<\/p>\n\n\n<figure class=\"wp-block-post-featured-image\"><img loading=\"lazy\" decoding=\"async\" width=\"569\" height=\"571\" src=\"https:\/\/revistahubclub.com.br\/portal\/wp-content\/uploads\/2025\/02\/Captura-de-tela-2025-02-11-103211.png\" class=\"attachment-post-thumbnail size-post-thumbnail wp-post-image\" alt=\"\" style=\"object-fit:cover;\" srcset=\"https:\/\/revistahubclub.com.br\/portal\/wp-content\/uploads\/2025\/02\/Captura-de-tela-2025-02-11-103211.png 569w, https:\/\/revistahubclub.com.br\/portal\/wp-content\/uploads\/2025\/02\/Captura-de-tela-2025-02-11-103211-300x300.png 300w, https:\/\/revistahubclub.com.br\/portal\/wp-content\/uploads\/2025\/02\/Captura-de-tela-2025-02-11-103211-150x150.png 150w\" sizes=\"auto, (max-width: 569px) 100vw, 569px\" \/><\/figure>\n\n\n<p>A Secretaria Municipal de Agroneg\u00f3cio est\u00e1 com chamamento p\u00fablico aberto para agroind\u00fastrias rurais de pequeno porte interessadas em expor e comercializar produtos durante a Feira do Agroneg\u00f3cio Mineiro (Femec) 2025. Organizada pelo Sindicato Rural de Uberl\u00e2ndia, em parceria com a Prefeitura de Uberl\u00e2ndia, a 12\u00aa edi\u00e7\u00e3o da feira acontecer\u00e1 entre os dias 31 de mar\u00e7o e 4 de abril, no Parque de Exposi\u00e7\u00e3o do Camaru. A Femec contar\u00e1, entre outras atra\u00e7\u00f5es, com a exposi\u00e7\u00e3o de bovinos, m\u00e1quinas, equipamentos, implementos, insumos agr\u00edcolas, ve\u00edculos utilit\u00e1rios e de passeio.<\/p>\n\n\n\n<p>A abertura do edital foi publicada no&nbsp;<a href=\"https:\/\/www.uberlandia.mg.gov.br\/diariooficial\/edicao-7038\/\" target=\"_blank\" rel=\"noreferrer noopener\"><strong>Di\u00e1rio Oficial do Munic\u00edpio<\/strong><\/a>&nbsp;e possibilita a apresenta\u00e7\u00e3o de propostas por agroind\u00fastrias rurais de pequeno porte, com sede em Uberl\u00e2ndia, interessadas na exposi\u00e7\u00e3o e comercializa\u00e7\u00e3o de produtos acabados e prontos para venda. Destaca-se que a manipula\u00e7\u00e3o e preparo dos produtos para degusta\u00e7\u00e3o poder\u00e3o ocorrer no local, desde que atenda aos limites estabelecidos pela Secretaria Municipal de Agroneg\u00f3cio. A Prefeitura de Uberl\u00e2ndia ser\u00e1 respons\u00e1vel pela disponibiliza\u00e7\u00e3o do espa\u00e7o para a participa\u00e7\u00e3o das agroind\u00fastrias.<\/p>\n\n\n\n<p>\u201cA Femec \u00e9 uma feira com destaque reconhecido em toda a regi\u00e3o por atrair diversos investidores, disponibilizar linhas de cr\u00e9dito diferenciadas e gerar emprego e renda. \u00c9 um evento que coloca Uberl\u00e2ndia cada vez mais como um polo consolidado do agroneg\u00f3cio nacional. Esperamos que as agroind\u00fastrias participem deste processo e aproveitem esta grande oportunidade de darem visibilidade aos seus servi\u00e7os e produtos\u201d, destacou o secret\u00e1rio municipal de Agroneg\u00f3cio, Thiago Silveira.<\/p>\n\n\n\n<p><strong>Femec 2025<\/strong><\/p>\n\n\n\n<p>A Feira do Agroneg\u00f3cio Mineiro busca fomentar neg\u00f3cios no setor de m\u00e1quinas, equipamentos, implementos e insumos agr\u00edcolas, ve\u00edculos e outros produtos, consolidando-se como um dos maiores eventos do agroneg\u00f3cio no Brasil, al\u00e9m de fortalecer o desenvolvimento econ\u00f4mico e tecnol\u00f3gico do setor agropecu\u00e1rio. O evento tamb\u00e9m \u00e9 uma oportunidade para agroind\u00fastrias de pequeno porte e startups locais e regionais apresentarem seus produtos e servi\u00e7os, fomentando a inova\u00e7\u00e3o e o empreendedorismo no agroneg\u00f3cio.<\/p>\n\n\n\n<p>Neste ano, o tema da feira \u00e9 \u201cIntelig\u00eancia Artificial no Campo \u2013 Conectando voc\u00ea \u00e0 Produtividade\u201d, objetivando a capacita\u00e7\u00e3o de produtores, t\u00e9cnicos e estudantes para a aplica\u00e7\u00e3o de solu\u00e7\u00f5es tecnol\u00f3gicas no agroneg\u00f3cio. A Femec conta com o apoio da Prefeitura de Uberl\u00e2ndia, por meio das secretarias municipais de Agroneg\u00f3cio e Desenvolvimento Econ\u00f4mico e Inova\u00e7\u00e3o.<\/p>\n\n\n\n<p><strong>Participa\u00e7\u00e3o<\/strong><\/p>\n\n\n\n<p>Ser\u00e3o oferecidas at\u00e9 16 vagas para participa\u00e7\u00e3o das agroind\u00fastrias rurais. As agroind\u00fastrias devem atender aos seguintes requisitos:<\/p>\n\n\n\n<p>\u00b7 Ser de pequeno porte;<br>\u00b7 Estar sediada nas regi\u00f5es do Tri\u00e2ngulo Mineiro e Alto Parana\u00edba;<br>\u00b7 Estar em situa\u00e7\u00e3o regular com os \u00f3rg\u00e3os de fiscaliza\u00e7\u00e3o sanit\u00e1ria;<br>\u00b7 Disponibilizar produtos para venda com a manipula\u00e7\u00e3o ou preparo no local, conforme espa\u00e7o que ser\u00e1 disponibilizado pelo Munic\u00edpio.<\/p>\n\n\n\n<p>As agroind\u00fastrias rurais que se inscreverem e atenderem aos requisitos ser\u00e3o selecionadas atendendo \u00e0 ordem: cadastradas no Programa Novo Agro, seguida das demais agroind\u00fastrias de Uberl\u00e2ndia e, por fim, das agroind\u00fastrias sediadas nas regi\u00f5es do Tri\u00e2ngulo Mineiro e Alto Parana\u00edba, sendo classificadas de acordo com a ordem de inscri\u00e7\u00e3o, respeitando o limite de 16 participantes. O munic\u00edpio se responsabilizar\u00e1 pela disponibiliza\u00e7\u00e3o do espa\u00e7o, infraestrutura b\u00e1sica necess\u00e1ria para a exposi\u00e7\u00e3o e manipula\u00e7\u00e3o dos alimentos, bem como pela divulga\u00e7\u00e3o das agroind\u00fastrias participantes, n\u00e3o incluindo qualquer aporte financeiro.<\/p>\n\n\n\n<p>Para participar, os interessados devem preencher o&nbsp;<a href=\"https:\/\/accounts.google.com\/v3\/signin\/identifier?continue=https%3A%2F%2Fdocs.google.com%2Fforms%2Fd%2F15zzD975T-hqYdFChY2q-GeME0SHD7szpexQxRT092so%2Fviewform%3Fts%3D67a11d90%26edit_requested%3Dtrue&amp;followup=https%3A%2F%2Fdocs.google.com%2Fforms%2Fd%2F15zzD975T-hqYdFChY2q-GeME0SHD7szpexQxRT092so%2Fviewform%3Fts%3D67a11d90%26edit_requested%3Dtrue&amp;ifkv=AVdkyDmwudd7d69J9f46E0t_MI58Vvo8lqgVPD41TojUDa0FiI7KktweVH79rvY92sodpiqp76fY&amp;ltmpl=forms&amp;osid=1&amp;passive=1209600&amp;service=wise&amp;flowName=GlifWebSignIn&amp;flowEntry=ServiceLogin&amp;dsh=S-83331846%3A1738858191251605&amp;ddm=1\" target=\"_blank\" rel=\"noreferrer noopener\"><strong>formul\u00e1rio eletr\u00f4nico<\/strong><\/a>&nbsp;at\u00e9 as 18h do dia 7 de mar\u00e7o. As inscri\u00e7\u00f5es ser\u00e3o feitas mediante apresenta\u00e7\u00e3o dos seguintes documentos: c\u00f3pia do CPF ou CNPJ; registro no SIM, alvar\u00e1 sanit\u00e1rio ou cadastro no MAPA, conforme o tipo de produto; documento de identifica\u00e7\u00e3o do representante legal; e lista dos produtos que ser\u00e3o comercializados.<\/p>\n\n\n\n<p>Ap\u00f3s a an\u00e1lise das propostas, o resultado do chamamento ser\u00e1 publicado no Di\u00e1rio Oficial do Munic\u00edpio. Para mais informa\u00e7\u00f5es acesse o\u00a0<a href=\"https:\/\/www.uberlandia.mg.gov.br\/diariooficial\/edicao-7038\/\" target=\"_blank\" rel=\"noreferrer noopener\"><strong>edital<\/strong><\/a>\u00a0ou ligue: (34) 3239-2737\/2692\/2696.<\/p>\n\n\n\n<p><strong><em>Prefeitura de Uberl\u00e2ndia<\/em><\/strong><\/p>\n","protected":false},"excerpt":{"rendered":"<p>Edital aberto pela Secretaria Municipal de Agroneg\u00f3cio disponibiliza participa\u00e7\u00e3o para at\u00e9 16 agroind\u00fastrias interessadas na exposi\u00e7\u00e3o e comercializa\u00e7\u00e3o de produtos durante a 12\u00aa edi\u00e7\u00e3o da Feira do Agroneg\u00f3cio Mineiro A<\/p>\n","protected":false},"author":2,"featured_media":10488,"comment_status":"open","ping_status":"open","sticky":false,"template":"","format":"standard","meta":{"footnotes":""},"categories":[1],"tags":[185,16,187,186],"class_list":["post-10487","post","type-post","status-publish","format-standard","has-post-thumbnail","hentry","category-noticias","tag-agroindustrias","tag-agronegocio","tag-femec","tag-rurais"],"_links":{"self":[{"href":"https:\/\/revistahubclub.com.br\/portal\/wp-json\/wp\/v2\/posts\/10487","targetHints":{"allow":["GET"]}}],"collection":[{"href":"https:\/\/revistahubclub.com.br\/portal\/wp-json\/wp\/v2\/posts"}],"about":[{"href":"https:\/\/revistahubclub.com.br\/portal\/wp-json\/wp\/v2\/types\/post"}],"author":[{"embeddable":true,"href":"https:\/\/revistahubclub.com.br\/portal\/wp-json\/wp\/v2\/users\/2"}],"replies":[{"embeddable":true,"href":"https:\/\/revistahubclub.com.br\/portal\/wp-json\/wp\/v2\/comments?post=10487"}],"version-history":[{"count":1,"href":"https:\/\/revistahubclub.com.br\/portal\/wp-json\/wp\/v2\/posts\/10487\/revisions"}],"predecessor-version":[{"id":10489,"href":"https:\/\/revistahubclub.com.br\/portal\/wp-json\/wp\/v2\/posts\/10487\/revisions\/10489"}],"wp:featuredmedia":[{"embeddable":true,"href":"https:\/\/revistahubclub.com.br\/portal\/wp-json\/wp\/v2\/media\/10488"}],"wp:attachment":[{"href":"https:\/\/revistahubclub.com.br\/portal\/wp-json\/wp\/v2\/media?parent=10487"}],"wp:term":[{"taxonomy":"category","embeddable":true,"href":"https:\/\/revistahubclub.com.br\/portal\/wp-json\/wp\/v2\/categories?post=10487"},{"taxonomy":"post_tag","embeddable":true,"href":"https:\/\/revistahubclub.com.br\/portal\/wp-json\/wp\/v2\/tags?post=10487"}],"curies":[{"name":"wp","href":"https:\/\/api.w.org\/{rel}","templated":true}]}}