{"id":10494,"date":"2025-02-13T08:24:19","date_gmt":"2025-02-13T11:24:19","guid":{"rendered":"https:\/\/revistahubclub.com.br\/portal\/?p=10494"},"modified":"2025-02-13T08:24:19","modified_gmt":"2025-02-13T11:24:19","slug":"abrasel-promove-eventos-estrategicos-para-o-setor-de-alimentacao-fora-do-lar-em-uberlandia","status":"publish","type":"post","link":"https:\/\/revistahubclub.com.br\/portal\/2025\/02\/13\/abrasel-promove-eventos-estrategicos-para-o-setor-de-alimentacao-fora-do-lar-em-uberlandia\/","title":{"rendered":"Abrasel promove eventos estrat\u00e9gicos para o setor de alimenta\u00e7\u00e3o fora do lar em Uberl\u00e2ndia"},"content":{"rendered":"\n<p><\/p>\n\n\n\n<p><em>Eventos gratuitos e voltados a empres\u00e1rios, gestores e profissionais do segmento em busca de conhecimento.<\/em><\/p>\n\n\n\n<p>A Associa\u00e7\u00e3o Brasileira de Bares e Restaurantes (Abrasel- Tri\u00e2ngulo Mineiro) promove, entre os dias 17 e 19 de fevereiro, uma s\u00e9rie de eventos voltados para o aprimoramento da gest\u00e3o e o fortalecimento do setor de alimenta\u00e7\u00e3o fora do lar em Uberl\u00e2ndia. Com uma programa\u00e7\u00e3o diversificada, os encontros acontecer\u00e3o na sede da Abrasel, no Mercado Municipal, reunindo empres\u00e1rios, gestores e profissionais do segmento em busca de conhecimento.<\/p>\n\n\n\n<p>O primeiro evento ser\u00e1 o Workshop Sabores do Sucesso, no dia 17 de fevereiro, das 18h30 \u00e0s 21h30, com o tema \u201cFundamentos para uma Gest\u00e3o Operacional Eficiente\u201d. O encontro contar\u00e1 com a presen\u00e7a de especialistas renomados, como o CEO da Oliva Consultoria Gastron\u00f4mica, o advogado trabalhista empresarial Frederico Sousa, o advogado especialista em direito tribut\u00e1rio Pedro Vieira, al\u00e9m do F\u00e1bio Bertolucci, presidente da Abrasel no Tri\u00e2ngulo Mineiro, que destaca a import\u00e2ncia de iniciativas como essa para o setor. \u201cQueremos oferecer conte\u00fado pr\u00e1tico que ajude os empres\u00e1rios a enfrentar os desafios do dia a dia, desde a gest\u00e3o operacional at\u00e9 quest\u00f5es jur\u00eddicas e tribut\u00e1rias. O objetivo \u00e9 contribuir para a profissionaliza\u00e7\u00e3o do setor e o crescimento sustent\u00e1vel dos neg\u00f3cios\u201d, afirma F\u00e1bio.<\/p>\n\n\n\n<p>Na ter\u00e7a-feira, 18 de fevereiro, das 8h \u00e0s 10h30, ser\u00e1 realizado o Workshop Pescados, voltado para quem deseja conhecer mais sobre o mercado de frutos do mar e diversificar o card\u00e1pio de seus estabelecimentos. Os participantes ter\u00e3o a oportunidade de explorar o mix de pescados da Dellys, participar de uma degusta\u00e7\u00e3o exclusiva e concorrer a brindes especiais, em um ambiente prop\u00edcio para troca de experi\u00eancias e aprendizado sobre novos produtos.<\/p>\n\n\n\n<p>Encerrando a programa\u00e7\u00e3o, na quarta-feira, dia 19 de fevereiro, a partir das 18h30, acontece o tradicional Encontro Mensal da Abrasel, um espa\u00e7o dedicado \u00e0 conex\u00e3o, networking e troca de experi\u00eancias entre os profissionais do setor. O tema desta edi\u00e7\u00e3o ser\u00e1 \u201cOs Desafios na Contrata\u00e7\u00e3o e Gest\u00e3o de Pessoas\u201d, um t\u00f3pico essencial para o sucesso dos neg\u00f3cios. O debate contar\u00e1 com a participa\u00e7\u00e3o de Jaqueline Prado, perita em perfil comportamental e desenvolvimento humano; Thiago Prado, estrategista empresarial do Sebrae e da Fiemg; e Renato Marcel, propriet\u00e1rio da Chickenria e analista comportamental, que ir\u00e3o compartilhar informa\u00e7\u00f5es sobre gest\u00e3o de equipes, desenvolvimento de talentos e estrat\u00e9gias para lidar com os desafios do mercado de trabalho.<\/p>\n\n\n<figure class=\"wp-block-post-featured-image\"><img loading=\"lazy\" decoding=\"async\" width=\"2560\" height=\"2560\" src=\"https:\/\/revistahubclub.com.br\/portal\/wp-content\/uploads\/2025\/02\/eventos-abra-scaled.jpg\" class=\"attachment-post-thumbnail size-post-thumbnail wp-post-image\" alt=\"\" style=\"object-fit:cover;\" srcset=\"https:\/\/revistahubclub.com.br\/portal\/wp-content\/uploads\/2025\/02\/eventos-abra-scaled.jpg 2560w, https:\/\/revistahubclub.com.br\/portal\/wp-content\/uploads\/2025\/02\/eventos-abra-300x300.jpg 300w, https:\/\/revistahubclub.com.br\/portal\/wp-content\/uploads\/2025\/02\/eventos-abra-1024x1024.jpg 1024w, https:\/\/revistahubclub.com.br\/portal\/wp-content\/uploads\/2025\/02\/eventos-abra-150x150.jpg 150w, https:\/\/revistahubclub.com.br\/portal\/wp-content\/uploads\/2025\/02\/eventos-abra-768x768.jpg 768w, https:\/\/revistahubclub.com.br\/portal\/wp-content\/uploads\/2025\/02\/eventos-abra-1536x1536.jpg 1536w, https:\/\/revistahubclub.com.br\/portal\/wp-content\/uploads\/2025\/02\/eventos-abra-2048x2048.jpg 2048w\" sizes=\"auto, (max-width: 2560px) 100vw, 2560px\" \/><\/figure>","protected":false},"excerpt":{"rendered":"<p>Eventos gratuitos e voltados a empres\u00e1rios, gestores e profissionais do segmento em busca de conhecimento. A Associa\u00e7\u00e3o Brasileira de Bares e Restaurantes (Abrasel- Tri\u00e2ngulo Mineiro) promove, entre os dias 17<\/p>\n","protected":false},"author":2,"featured_media":10495,"comment_status":"open","ping_status":"open","sticky":false,"template":"","format":"standard","meta":{"footnotes":""},"categories":[1],"tags":[],"class_list":["post-10494","post","type-post","status-publish","format-standard","has-post-thumbnail","hentry","category-noticias"],"_links":{"self":[{"href":"https:\/\/revistahubclub.com.br\/portal\/wp-json\/wp\/v2\/posts\/10494","targetHints":{"allow":["GET"]}}],"collection":[{"href":"https:\/\/revistahubclub.com.br\/portal\/wp-json\/wp\/v2\/posts"}],"about":[{"href":"https:\/\/revistahubclub.com.br\/portal\/wp-json\/wp\/v2\/types\/post"}],"author":[{"embeddable":true,"href":"https:\/\/revistahubclub.com.br\/portal\/wp-json\/wp\/v2\/users\/2"}],"replies":[{"embeddable":true,"href":"https:\/\/revistahubclub.com.br\/portal\/wp-json\/wp\/v2\/comments?post=10494"}],"version-history":[{"count":1,"href":"https:\/\/revistahubclub.com.br\/portal\/wp-json\/wp\/v2\/posts\/10494\/revisions"}],"predecessor-version":[{"id":10496,"href":"https:\/\/revistahubclub.com.br\/portal\/wp-json\/wp\/v2\/posts\/10494\/revisions\/10496"}],"wp:featuredmedia":[{"embeddable":true,"href":"https:\/\/revistahubclub.com.br\/portal\/wp-json\/wp\/v2\/media\/10495"}],"wp:attachment":[{"href":"https:\/\/revistahubclub.com.br\/portal\/wp-json\/wp\/v2\/media?parent=10494"}],"wp:term":[{"taxonomy":"category","embeddable":true,"href":"https:\/\/revistahubclub.com.br\/portal\/wp-json\/wp\/v2\/categories?post=10494"},{"taxonomy":"post_tag","embeddable":true,"href":"https:\/\/revistahubclub.com.br\/portal\/wp-json\/wp\/v2\/tags?post=10494"}],"curies":[{"name":"wp","href":"https:\/\/api.w.org\/{rel}","templated":true}]}}