{"id":10497,"date":"2025-02-13T15:36:10","date_gmt":"2025-02-13T18:36:10","guid":{"rendered":"https:\/\/revistahubclub.com.br\/portal\/?p=10497"},"modified":"2025-02-13T15:36:10","modified_gmt":"2025-02-13T18:36:10","slug":"prefeito-se-reune-com-dnit-em-brasilia-para-debater-sobre-obras-em-travessias-viarias-no-perimetro-urbano-de-uberlandia","status":"publish","type":"post","link":"https:\/\/revistahubclub.com.br\/portal\/2025\/02\/13\/prefeito-se-reune-com-dnit-em-brasilia-para-debater-sobre-obras-em-travessias-viarias-no-perimetro-urbano-de-uberlandia\/","title":{"rendered":"Prefeito se re\u00fane com\u00a0Dnit em Bras\u00edlia para debater sobre obras em travessias vi\u00e1rias no per\u00edmetro urbano de Uberl\u00e2ndia"},"content":{"rendered":"<figure class=\"wp-block-post-featured-image\"><img loading=\"lazy\" decoding=\"async\" width=\"1152\" height=\"1536\" src=\"https:\/\/revistahubclub.com.br\/portal\/wp-content\/uploads\/2025\/02\/dnite-uberlandia.jpg\" class=\"attachment-post-thumbnail size-post-thumbnail wp-post-image\" alt=\"\" style=\"object-fit:cover;\" srcset=\"https:\/\/revistahubclub.com.br\/portal\/wp-content\/uploads\/2025\/02\/dnite-uberlandia.jpg 1152w, https:\/\/revistahubclub.com.br\/portal\/wp-content\/uploads\/2025\/02\/dnite-uberlandia-225x300.jpg 225w, https:\/\/revistahubclub.com.br\/portal\/wp-content\/uploads\/2025\/02\/dnite-uberlandia-768x1024.jpg 768w\" sizes=\"auto, (max-width: 1152px) 100vw, 1152px\" \/><\/figure>\n\n\n<p>Em mais uma agenda que teve em Bras\u00edlia (DF) nesta semana, visando a busca por melhorias para beneficiar a popula\u00e7\u00e3o de Uberl\u00e2ndia, o prefeito Paulo S\u00e9rgio (PP) se reuniu, na tarde desta quarta-feira (12), com o diretor-geral do Departamento Nacional de Infraestrutura de Transportes (Dnit), Fabricio de Oliveira Galv\u00e3o. No encontro, realizado no Dnit e que tamb\u00e9m teve a participa\u00e7\u00e3o da deputada federal Ana Paula Junqueira Le\u00e3o, foram abordadas interven\u00e7\u00f5es em travessias situadas em pontos vi\u00e1rios do per\u00edmetro urbano de Uberl\u00e2ndia que s\u00e3o de responsabilidade do Dnit, como o Trevo do Vau e o Anel Vi\u00e1rio Norte.<\/p>\n\n\n\n<p>O prefeito Paulo S\u00e9rgio agradeceu a disponibilidade do Dnit em agilizar o andamento das interven\u00e7\u00f5es. \u201cN\u00f3s tratamos aqui todas as travessias dentro da cidade de Uberl\u00e2ndia que o Dnit \u00e9 respons\u00e1vel. J\u00e1 estamos tratando das provid\u00eancias a serem tomadas em breve para solucionar as quest\u00f5es de mobilidade dentro da cidade. O Dnit \u00e9 nosso parceiro para resolver os problemas de Uberl\u00e2ndia\u201d, afirmou.<\/p>\n\n\n\n<p>Nesta quarta-feira, o chefe do Executivo municipal tamb\u00e9m se reuniu com o Secret\u00e1rio Adjunto da Secretaria de Aten\u00e7\u00e3o Especializada \u00e0 Sa\u00fade (SAES), Nilton Pereira Junior, para discutir o estudo e a viabiliza\u00e7\u00e3o da implanta\u00e7\u00e3o do Servi\u00e7o de Atendimento M\u00f3vel de Urg\u00eancia (Samu) e de Unidades de Pronto Atendimento (UPA) em Uberl\u00e2ndia.<\/p>\n\n\n\n<p>O prefeito Paulo S\u00e9rgio tamb\u00e9m apresentou a proposta de viabiliza\u00e7\u00e3o das UPAs e de viaturas para a cidade, al\u00e9m de outras unidades para garantir a implementa\u00e7\u00e3o.&nbsp; Dentre as unidades propostas pela SAES ao Munic\u00edpio est\u00e3o ainda uma policl\u00ednica com centro de especialidades, al\u00e9m da possibilidade de tr\u00eas novos Centro de Aten\u00e7\u00e3o Psicossocial (Caps) \u2013 dois Infantojuvenil e um \u00c1lcool e Droga (Ad) \u2013 por interm\u00e9dio do novo Programa de Acelera\u00e7\u00e3o do Crescimento (PAC). Al\u00e9m disso, foi debatido a habilita\u00e7\u00e3o de 14 novos leitos para o anexo do Hospital Municipal (antigo Santa Catarina). &nbsp;<\/p>\n\n\n\n<figure class=\"wp-block-image size-full\"><img loading=\"lazy\" decoding=\"async\" width=\"1024\" height=\"768\" src=\"https:\/\/revistahubclub.com.br\/portal\/wp-content\/uploads\/2025\/02\/Dnit-paulo-pref.jpg\" alt=\"\" class=\"wp-image-10499\" srcset=\"https:\/\/revistahubclub.com.br\/portal\/wp-content\/uploads\/2025\/02\/Dnit-paulo-pref.jpg 1024w, https:\/\/revistahubclub.com.br\/portal\/wp-content\/uploads\/2025\/02\/Dnit-paulo-pref-300x225.jpg 300w, https:\/\/revistahubclub.com.br\/portal\/wp-content\/uploads\/2025\/02\/Dnit-paulo-pref-768x576.jpg 768w, https:\/\/revistahubclub.com.br\/portal\/wp-content\/uploads\/2025\/02\/Dnit-paulo-pref-200x150.jpg 200w\" sizes=\"auto, (max-width: 1024px) 100vw, 1024px\" \/><\/figure>\n\n\n\n<p>Nesta ter\u00e7a-feira (11), o prefeito Paulo S\u00e9rgio tamb\u00e9m esteve na Empresa Brasileira de Servi\u00e7os Hospitalares (Ebserh) para garantir que o munic\u00edpio passe a oferecer Servi\u00e7os de Refer\u00eancia em&nbsp;Doen\u00e7as&nbsp;Raras. Foi discutido com o presidente da Ebserh, Arthur Chioro, a habilita\u00e7\u00e3o do Hospital de Cl\u00ednicas da Universidade Federal de Uberl\u00e2ndia (HC-UFU) como Centro de Refer\u00eancia em Doen\u00e7as Raras. Ainda na ter\u00e7a-feira, o chefe do Executivo municipal participou do Encontro Nacional de Prefeitos e Prefeitas em Bras\u00edlia (DF).<\/p>\n","protected":false},"excerpt":{"rendered":"<p>Em mais uma agenda que teve em Bras\u00edlia (DF) nesta semana, visando a busca por melhorias para beneficiar a popula\u00e7\u00e3o de Uberl\u00e2ndia, o prefeito Paulo S\u00e9rgio (PP) se reuniu, na<\/p>\n","protected":false},"author":2,"featured_media":10498,"comment_status":"open","ping_status":"open","sticky":false,"template":"","format":"standard","meta":{"footnotes":""},"categories":[1],"tags":[190,191,188,189,192],"class_list":["post-10497","post","type-post","status-publish","format-standard","has-post-thumbnail","hentry","category-noticias","tag-dnit","tag-obras","tag-paulo-sergio","tag-prefeito-de-uberlandia","tag-viarias"],"_links":{"self":[{"href":"https:\/\/revistahubclub.com.br\/portal\/wp-json\/wp\/v2\/posts\/10497","targetHints":{"allow":["GET"]}}],"collection":[{"href":"https:\/\/revistahubclub.com.br\/portal\/wp-json\/wp\/v2\/posts"}],"about":[{"href":"https:\/\/revistahubclub.com.br\/portal\/wp-json\/wp\/v2\/types\/post"}],"author":[{"embeddable":true,"href":"https:\/\/revistahubclub.com.br\/portal\/wp-json\/wp\/v2\/users\/2"}],"replies":[{"embeddable":true,"href":"https:\/\/revistahubclub.com.br\/portal\/wp-json\/wp\/v2\/comments?post=10497"}],"version-history":[{"count":1,"href":"https:\/\/revistahubclub.com.br\/portal\/wp-json\/wp\/v2\/posts\/10497\/revisions"}],"predecessor-version":[{"id":10500,"href":"https:\/\/revistahubclub.com.br\/portal\/wp-json\/wp\/v2\/posts\/10497\/revisions\/10500"}],"wp:featuredmedia":[{"embeddable":true,"href":"https:\/\/revistahubclub.com.br\/portal\/wp-json\/wp\/v2\/media\/10498"}],"wp:attachment":[{"href":"https:\/\/revistahubclub.com.br\/portal\/wp-json\/wp\/v2\/media?parent=10497"}],"wp:term":[{"taxonomy":"category","embeddable":true,"href":"https:\/\/revistahubclub.com.br\/portal\/wp-json\/wp\/v2\/categories?post=10497"},{"taxonomy":"post_tag","embeddable":true,"href":"https:\/\/revistahubclub.com.br\/portal\/wp-json\/wp\/v2\/tags?post=10497"}],"curies":[{"name":"wp","href":"https:\/\/api.w.org\/{rel}","templated":true}]}}