{"id":10501,"date":"2025-02-13T15:39:12","date_gmt":"2025-02-13T18:39:12","guid":{"rendered":"https:\/\/revistahubclub.com.br\/portal\/?p=10501"},"modified":"2025-02-13T15:39:12","modified_gmt":"2025-02-13T18:39:12","slug":"prefeito-paulo-sergio-discute-em-brasilia-a-implantacao-do-samu-e-upa-em-uberlandia","status":"publish","type":"post","link":"https:\/\/revistahubclub.com.br\/portal\/2025\/02\/13\/prefeito-paulo-sergio-discute-em-brasilia-a-implantacao-do-samu-e-upa-em-uberlandia\/","title":{"rendered":"Prefeito Paulo S\u00e9rgio discute em Bras\u00edlia a implanta\u00e7\u00e3o do Samu e UPA em Uberl\u00e2ndia"},"content":{"rendered":"<figure class=\"wp-block-post-featured-image\"><img loading=\"lazy\" decoding=\"async\" width=\"768\" height=\"599\" src=\"https:\/\/revistahubclub.com.br\/portal\/wp-content\/uploads\/2025\/02\/Saude-Reuniao-Brasilia-SAMU-e-UPA.png\" class=\"attachment-post-thumbnail size-post-thumbnail wp-post-image\" alt=\"\" style=\"object-fit:cover;\" srcset=\"https:\/\/revistahubclub.com.br\/portal\/wp-content\/uploads\/2025\/02\/Saude-Reuniao-Brasilia-SAMU-e-UPA.png 768w, https:\/\/revistahubclub.com.br\/portal\/wp-content\/uploads\/2025\/02\/Saude-Reuniao-Brasilia-SAMU-e-UPA-300x234.png 300w\" sizes=\"auto, (max-width: 768px) 100vw, 768px\" \/><\/figure>\n\n\n<p>Seguindo a agenda em Bras\u00edlia (DF), o prefeito de Uberl\u00e2ndia, Paulo S\u00e9rgio, e o secret\u00e1rio municipal de Sa\u00fade, Adenilson Lima, estiveram, nesta quarta-feira (12), reunidos no Minist\u00e9rio da Sa\u00fade com o Secret\u00e1rio Adjunto da Secretaria de Aten\u00e7\u00e3o Especializada \u00e0 Sa\u00fade (SAES), Nilton Pereira Junior, para discutir o estudo e a viabiliza\u00e7\u00e3o da implanta\u00e7\u00e3o do Servi\u00e7o de Atendimento M\u00f3vel de Urg\u00eancia (Samu) e de Unidades de Pronto Atendimento (UPA) em Uberl\u00e2ndia.<\/p>\n\n\n\n<p>Recentemente, o prefeito anunciou que autorizou a Secretaria Municipal de Sa\u00fade a&nbsp;<a href=\"https:\/\/www.uberlandia.mg.gov.br\/2025\/01\/27\/prefeitura-autoriza-estudo-para-implantacao-de-samu-e-upa-em-uberlandia\/\" target=\"_blank\" rel=\"noreferrer noopener\"><strong>iniciar estudo de viabilidade t\u00e9cnica<\/strong><\/a>&nbsp;para a implanta\u00e7\u00e3o dos servi\u00e7os em Uberl\u00e2ndia,&nbsp;sem que haja a descontinuidade de qualquer servi\u00e7o de sa\u00fade no munic\u00edpio.<\/p>\n\n\n\n<p>Durante a reuni\u00e3o, o Minist\u00e9rio da Sa\u00fade, por meio da Secretaria de Aten\u00e7\u00e3o Especializada \u00e0 Sa\u00fade, apresentou a proposta de viabiliza\u00e7\u00e3o das UPAs e de viaturas para a cidade, al\u00e9m de outras unidades para garantir a implementa\u00e7\u00e3o. \u201cA reuni\u00e3o foi produtiva na qual demos mais um passo para o estudo da viabiliza\u00e7\u00e3o do projeto. O Minist\u00e9rio da Sa\u00fade informou que disponibilizaria quatro viaturas de suporte avan\u00e7ado e 14 de suporte b\u00e1sico, al\u00e9m de outras estruturas para garantir o atendimento\u201d, detalhou o prefeito Paulo S\u00e9rgio.<\/p>\n\n\n\n<p>Dentre as unidades propostas pela SAES ao Munic\u00edpio est\u00e3o ainda uma policl\u00ednica com centro de especialidades, al\u00e9m da possibilidade de tr\u00eas novos Centro de Aten\u00e7\u00e3o Psicossocial (Caps) \u2013 dois Infantojuvenil e um \u00c1lcool e Droga (Ad) \u2013 por interm\u00e9dio do novo Programa de Acelera\u00e7\u00e3o do Crescimento (PAC).<\/p>\n\n\n\n<p>Ainda durante a reuni\u00e3o, tamb\u00e9m foi debatido a habilita\u00e7\u00e3o de 14 novos leitos para o anexo do Hospital Municipal (antigo Santa Catarina). \u201cEsses leitos est\u00e3o prontos para serem liberados. Estamos aguardando apenas a dota\u00e7\u00e3o or\u00e7ament\u00e1ria para que entrem em funcionamento. A libera\u00e7\u00e3o deste recurso \u00e9 fundamental para garantir que a cidade continue atendendo com excel\u00eancia a popula\u00e7\u00e3o\u201d, finalizou o secret\u00e1rio de Sa\u00fade, Adenilson Lima.<\/p>\n\n\n\n<p><strong><em>Prefeitura de Uberl\u00e2ndia<\/em><\/strong><\/p>\n","protected":false},"excerpt":{"rendered":"<p>Seguindo a agenda em Bras\u00edlia (DF), o prefeito de Uberl\u00e2ndia, Paulo S\u00e9rgio, e o secret\u00e1rio municipal de Sa\u00fade, Adenilson Lima, estiveram, nesta quarta-feira (12), reunidos no Minist\u00e9rio da Sa\u00fade com<\/p>\n","protected":false},"author":2,"featured_media":10502,"comment_status":"open","ping_status":"open","sticky":false,"template":"","format":"standard","meta":{"footnotes":""},"categories":[1],"tags":[193,195,27,194],"class_list":["post-10501","post","type-post","status-publish","format-standard","has-post-thumbnail","hentry","category-noticias","tag-implantacao","tag-samu","tag-uberlandia","tag-upa"],"_links":{"self":[{"href":"https:\/\/revistahubclub.com.br\/portal\/wp-json\/wp\/v2\/posts\/10501","targetHints":{"allow":["GET"]}}],"collection":[{"href":"https:\/\/revistahubclub.com.br\/portal\/wp-json\/wp\/v2\/posts"}],"about":[{"href":"https:\/\/revistahubclub.com.br\/portal\/wp-json\/wp\/v2\/types\/post"}],"author":[{"embeddable":true,"href":"https:\/\/revistahubclub.com.br\/portal\/wp-json\/wp\/v2\/users\/2"}],"replies":[{"embeddable":true,"href":"https:\/\/revistahubclub.com.br\/portal\/wp-json\/wp\/v2\/comments?post=10501"}],"version-history":[{"count":1,"href":"https:\/\/revistahubclub.com.br\/portal\/wp-json\/wp\/v2\/posts\/10501\/revisions"}],"predecessor-version":[{"id":10503,"href":"https:\/\/revistahubclub.com.br\/portal\/wp-json\/wp\/v2\/posts\/10501\/revisions\/10503"}],"wp:featuredmedia":[{"embeddable":true,"href":"https:\/\/revistahubclub.com.br\/portal\/wp-json\/wp\/v2\/media\/10502"}],"wp:attachment":[{"href":"https:\/\/revistahubclub.com.br\/portal\/wp-json\/wp\/v2\/media?parent=10501"}],"wp:term":[{"taxonomy":"category","embeddable":true,"href":"https:\/\/revistahubclub.com.br\/portal\/wp-json\/wp\/v2\/categories?post=10501"},{"taxonomy":"post_tag","embeddable":true,"href":"https:\/\/revistahubclub.com.br\/portal\/wp-json\/wp\/v2\/tags?post=10501"}],"curies":[{"name":"wp","href":"https:\/\/api.w.org\/{rel}","templated":true}]}}