{"id":10519,"date":"2025-02-17T16:15:16","date_gmt":"2025-02-17T19:15:16","guid":{"rendered":"https:\/\/revistahubclub.com.br\/portal\/?p=10519"},"modified":"2025-02-17T16:15:16","modified_gmt":"2025-02-17T19:15:16","slug":"cdl-uberlandia-informa-como-fica-o-horario-de-funcionamento-do-comercio-durante-o-carnaval","status":"publish","type":"post","link":"https:\/\/revistahubclub.com.br\/portal\/2025\/02\/17\/cdl-uberlandia-informa-como-fica-o-horario-de-funcionamento-do-comercio-durante-o-carnaval\/","title":{"rendered":"CDL Uberl\u00e2ndia informa como fica o hor\u00e1rio de funcionamento do com\u00e9rcio durante o carnaval"},"content":{"rendered":"\n<p><\/p>\n\n\n\n<p>A CDL Uberl\u00e2ndia esclarece que, com base na Lei Federal n\u00b0. 662\/49 e na Lei n\u00b0. 10.607\/02, o Carnaval n\u00e3o \u00e9 considerado feriado nacional, no entanto, \u00e9 de praxe no Brasil que as empresas n\u00e3o funcionem nas segundas e ter\u00e7as-feiras de carnaval, como tradi\u00e7\u00e3o.<\/p>\n\n\n\n<p>Conforme cl\u00e1usula Vig\u00e9sima Sexta e Par\u00e1grafos Primeiro e Segundo da Conven\u00e7\u00e3o Coletiva 2024\/2025, firmada entre os sindicatos SECUA e SINDICOM\u00c9RCIO, os funcion\u00e1rios n\u00e3o trabalham na segunda-feira, dia 3 de mar\u00e7o, sem preju\u00edzo do sal\u00e1rio, os empregados abrangidos pela categoria do Com\u00e9rcio Varejista de Bens e Servi\u00e7os, Com\u00e9rcio Atacadista e Varejista de G\u00eaneros Aliment\u00edcios e Afins, para comemorar o \u201cDia do Comerci\u00e1rio\u201d, transferido para esta data.<\/p>\n\n\n\n<p>A CDL informa ainda que&nbsp;nos termos do \u00a7 1\u00ba,&nbsp;fica facultado ao Com\u00e9rcio varejista (lojista de rua) e Shopping Centers, Atacadista e ao Com\u00e9rcio Varejista de G\u00eaneros Aliment\u00edcios e Afins, flexibilizar a data de que se trata a presente cl\u00e1usula, para a ter\u00e7a-feira, quarta-feira, quinta-feira, sexta-feira ou s\u00e1bado, da mesma semana do carnaval, ou seja, at\u00e9 o dia 8 de mar\u00e7o, ou pagar a dobra do dia respectivo, na folha de pagamento do m\u00eas de mar\u00e7o\/2025.<\/p>\n\n\n\n<p>Vale ressaltar que caso o empregador optar em dar a folga&nbsp;nos dias de semana acima mencionadas no&nbsp;Par\u00e1grafo Primeiro desta Cl\u00e1usula, n\u00e3o poder\u00e1 coincidir com o dia de folga ou com o dia de jornada reduzida na semana de carnaval.<\/p>\n\n\n<figure class=\"wp-block-post-featured-image\"><img loading=\"lazy\" decoding=\"async\" width=\"2000\" height=\"1674\" src=\"https:\/\/revistahubclub.com.br\/portal\/wp-content\/uploads\/2025\/02\/Fachada-nova-1.jpg\" class=\"attachment-post-thumbnail size-post-thumbnail wp-post-image\" alt=\"\" style=\"object-fit:cover;\" srcset=\"https:\/\/revistahubclub.com.br\/portal\/wp-content\/uploads\/2025\/02\/Fachada-nova-1.jpg 2000w, https:\/\/revistahubclub.com.br\/portal\/wp-content\/uploads\/2025\/02\/Fachada-nova-1-300x251.jpg 300w, https:\/\/revistahubclub.com.br\/portal\/wp-content\/uploads\/2025\/02\/Fachada-nova-1-1024x857.jpg 1024w, https:\/\/revistahubclub.com.br\/portal\/wp-content\/uploads\/2025\/02\/Fachada-nova-1-768x643.jpg 768w, https:\/\/revistahubclub.com.br\/portal\/wp-content\/uploads\/2025\/02\/Fachada-nova-1-1536x1286.jpg 1536w\" sizes=\"auto, (max-width: 2000px) 100vw, 2000px\" \/><\/figure>","protected":false},"excerpt":{"rendered":"<p>A CDL Uberl\u00e2ndia esclarece que, com base na Lei Federal n\u00b0. 662\/49 e na Lei n\u00b0. 10.607\/02, o Carnaval n\u00e3o \u00e9 considerado feriado nacional, no entanto, \u00e9 de praxe no<\/p>\n","protected":false},"author":2,"featured_media":10520,"comment_status":"open","ping_status":"open","sticky":false,"template":"","format":"standard","meta":{"footnotes":""},"categories":[1],"tags":[],"class_list":["post-10519","post","type-post","status-publish","format-standard","has-post-thumbnail","hentry","category-noticias"],"_links":{"self":[{"href":"https:\/\/revistahubclub.com.br\/portal\/wp-json\/wp\/v2\/posts\/10519","targetHints":{"allow":["GET"]}}],"collection":[{"href":"https:\/\/revistahubclub.com.br\/portal\/wp-json\/wp\/v2\/posts"}],"about":[{"href":"https:\/\/revistahubclub.com.br\/portal\/wp-json\/wp\/v2\/types\/post"}],"author":[{"embeddable":true,"href":"https:\/\/revistahubclub.com.br\/portal\/wp-json\/wp\/v2\/users\/2"}],"replies":[{"embeddable":true,"href":"https:\/\/revistahubclub.com.br\/portal\/wp-json\/wp\/v2\/comments?post=10519"}],"version-history":[{"count":1,"href":"https:\/\/revistahubclub.com.br\/portal\/wp-json\/wp\/v2\/posts\/10519\/revisions"}],"predecessor-version":[{"id":10521,"href":"https:\/\/revistahubclub.com.br\/portal\/wp-json\/wp\/v2\/posts\/10519\/revisions\/10521"}],"wp:featuredmedia":[{"embeddable":true,"href":"https:\/\/revistahubclub.com.br\/portal\/wp-json\/wp\/v2\/media\/10520"}],"wp:attachment":[{"href":"https:\/\/revistahubclub.com.br\/portal\/wp-json\/wp\/v2\/media?parent=10519"}],"wp:term":[{"taxonomy":"category","embeddable":true,"href":"https:\/\/revistahubclub.com.br\/portal\/wp-json\/wp\/v2\/categories?post=10519"},{"taxonomy":"post_tag","embeddable":true,"href":"https:\/\/revistahubclub.com.br\/portal\/wp-json\/wp\/v2\/tags?post=10519"}],"curies":[{"name":"wp","href":"https:\/\/api.w.org\/{rel}","templated":true}]}}