{"id":10529,"date":"2025-02-18T19:05:00","date_gmt":"2025-02-18T22:05:00","guid":{"rendered":"https:\/\/revistahubclub.com.br\/portal\/?p=10529"},"modified":"2025-02-18T19:05:00","modified_gmt":"2025-02-18T22:05:00","slug":"instituto-projeto-de-vida-conquista-selo-doar-a-referencia-em-transparencia-e-governanca","status":"publish","type":"post","link":"https:\/\/revistahubclub.com.br\/portal\/2025\/02\/18\/instituto-projeto-de-vida-conquista-selo-doar-a-referencia-em-transparencia-e-governanca\/","title":{"rendered":"Instituto Projeto de Vida conquista Selo Doar A, refer\u00eancia em transpar\u00eancia e governan\u00e7a"},"content":{"rendered":"\n<p>O Instituto Projeto de Vida (IPV), sediado em Uberl\u00e2ndia (MG), alcan\u00e7ou um marco significativo em sua trajet\u00f3ria: a conquista do Selo Doar A, a mais alta classifica\u00e7\u00e3o concedida pelo Instituto Doar. O reconhecimento, resultado de uma avalia\u00e7\u00e3o rigorosa, chancela a excel\u00eancia do IPV em \u00e1reas como gest\u00e3o financeira, comunica\u00e7\u00e3o e relacionamento com doadores e parceiros.<\/p>\n\n\n\n<p>O Selo Doar \u00e9 uma certifica\u00e7\u00e3o nacional que destaca organiza\u00e7\u00f5es da sociedade civil com pr\u00e1ticas exemplares de transpar\u00eancia e governan\u00e7a. Concedido pelo Instituto Doar, a certifica\u00e7\u00e3o tem como objetivo incentivar e reconhecer o profissionalismo de institui\u00e7\u00f5es do terceiro setor, refor\u00e7ando sua credibilidade junto \u00e0 sociedade e aos financiadores. Para obter o selo, as organiza\u00e7\u00f5es passam por uma rigorosa avalia\u00e7\u00e3o, que inclui um question\u00e1rio detalhado e an\u00e1lise documental. Dependendo do desempenho, podem ser classificadas nas categorias Selo Doar A (34 a 41 pontos) ou Selo Doar A+ (38 a 41 pontos).<\/p>\n\n\n\n<p>De acordo com Raquel Garcia, presidente executiva do IPV, a certifica\u00e7\u00e3o fortalece a rela\u00e7\u00e3o do IPV com doadores e parceiros, que enxergam na organiza\u00e7\u00e3o uma institui\u00e7\u00e3o s\u00f3lida e confi\u00e1vel. &#8220;Este marco representa n\u00e3o apenas um reconhecimento, mas tamb\u00e9m um incentivo para ampliar ainda mais o alcance e a efici\u00eancia das a\u00e7\u00f5es. A conquista do Selo Doar A refor\u00e7a o compromisso do Instituto Projeto de Vida com a transpar\u00eancia, a governan\u00e7a e o impacto social, consolidando sua posi\u00e7\u00e3o como refer\u00eancia em transforma\u00e7\u00e3o social\u201c, afirma.&nbsp;<\/p>\n\n\n\n<p><strong>Homenagem<\/strong><\/p>\n\n\n\n<p>Al\u00e9m do reconhecimento nacional, o IPV recebeu Diploma de Honra ao M\u00e9rito da C\u00e2mara Municipal de Uberl\u00e2ndia, atrav\u00e9s de uma iniciativa da vereadora Gl\u00e1ucia da Sa\u00fade. A homenagem reconhece os sete anos de trabalho do Instituto em prol da transforma\u00e7\u00e3o social.<\/p>\n\n\n\n<p>\u00a0<strong>Sobre o Instituto Projeto de Vida<\/strong><\/p>\n\n\n\n<p>Organiza\u00e7\u00e3o social criada em 2018 como forma pr\u00e1tica de dar oportunidades a pessoas, comunidades e escolas,&nbsp;atrav\u00e9s da&nbsp;educa\u00e7\u00e3o e&nbsp;da&nbsp;disponibilidade de ferramentas e profissionais que auxiliam no desenvolvimento profissional e humano dos beneficiados pelos programas disponibilizados. O IPV tem como foco levar solu\u00e7\u00f5es que gerem impacto por onde passar.&nbsp;A mudan\u00e7a de vida, a cria\u00e7\u00e3o de oportunidades e o desenvolvimento pessoal e comportamental de cada beneficiado s\u00e3o atributos que movem o Instituto.&nbsp;<\/p>\n\n\n\n<p>\u201cNosso objetivo \u00e9 criar oportunidades que transformem vidas e ampliem horizontes. Cada programa \u00e9 pensado para entregar resultados tang\u00edveis e de longo prazo, seja na educa\u00e7\u00e3o, na capacita\u00e7\u00e3o profissional ou no desenvolvimento pessoal. Os projetos do IPV j\u00e1 impactaram mais de 33 mil pessoas\u201d, destaca Raquel Garcia.<\/p>\n\n\n\n<p>Entre as principais iniciativas do Instituto&nbsp;destaca-se o Pacto pela Alfabetiza\u00e7\u00e3o,<strong>&nbsp;<\/strong>uma pol\u00edtica p\u00fablica colaborativa&nbsp;e apartid\u00e1ria&nbsp;para a alfabetiza\u00e7\u00e3o, que&nbsp;integra as dimens\u00f5es pol\u00edtica, social, gerencial, cient\u00edfica, pedag\u00f3gica e financeira, todas necess\u00e1rias para a articula\u00e7\u00e3o das m\u00faltiplas vari\u00e1veis envolvidas no desafio de garantir a alfabetiza\u00e7\u00e3o inicial no 1\u00ba&nbsp;ano e sua consolida\u00e7\u00e3o no 2\u00ba&nbsp;ano, impactando na constru\u00e7\u00e3o de um futuro mais justo e equitativo para milhares de crian\u00e7as da cidade.<\/p>\n\n\n\n<p>Outro destaque \u00e9&nbsp;o Projeto Carreira, voltado \u00e0 prepara\u00e7\u00e3o de profissionais para reinser\u00e7\u00e3o no mercado de trabalho, transi\u00e7\u00e3o de carreira e empreendedorismo. A iniciativa aborda compet\u00eancias essenciais para o contexto atual, promovendo o desenvolvimento de habilidades t\u00e9cnicas e comportamentais.<\/p>\n\n\n\n<p><\/p>\n","protected":false},"excerpt":{"rendered":"<p>O Instituto Projeto de Vida (IPV), sediado em Uberl\u00e2ndia (MG), alcan\u00e7ou um marco significativo em sua trajet\u00f3ria: a conquista do Selo Doar A, a mais alta classifica\u00e7\u00e3o concedida pelo Instituto<\/p>\n","protected":false},"author":3,"featured_media":10530,"comment_status":"open","ping_status":"open","sticky":false,"template":"","format":"standard","meta":{"footnotes":""},"categories":[1],"tags":[],"class_list":["post-10529","post","type-post","status-publish","format-standard","has-post-thumbnail","hentry","category-noticias"],"_links":{"self":[{"href":"https:\/\/revistahubclub.com.br\/portal\/wp-json\/wp\/v2\/posts\/10529","targetHints":{"allow":["GET"]}}],"collection":[{"href":"https:\/\/revistahubclub.com.br\/portal\/wp-json\/wp\/v2\/posts"}],"about":[{"href":"https:\/\/revistahubclub.com.br\/portal\/wp-json\/wp\/v2\/types\/post"}],"author":[{"embeddable":true,"href":"https:\/\/revistahubclub.com.br\/portal\/wp-json\/wp\/v2\/users\/3"}],"replies":[{"embeddable":true,"href":"https:\/\/revistahubclub.com.br\/portal\/wp-json\/wp\/v2\/comments?post=10529"}],"version-history":[{"count":1,"href":"https:\/\/revistahubclub.com.br\/portal\/wp-json\/wp\/v2\/posts\/10529\/revisions"}],"predecessor-version":[{"id":10531,"href":"https:\/\/revistahubclub.com.br\/portal\/wp-json\/wp\/v2\/posts\/10529\/revisions\/10531"}],"wp:featuredmedia":[{"embeddable":true,"href":"https:\/\/revistahubclub.com.br\/portal\/wp-json\/wp\/v2\/media\/10530"}],"wp:attachment":[{"href":"https:\/\/revistahubclub.com.br\/portal\/wp-json\/wp\/v2\/media?parent=10529"}],"wp:term":[{"taxonomy":"category","embeddable":true,"href":"https:\/\/revistahubclub.com.br\/portal\/wp-json\/wp\/v2\/categories?post=10529"},{"taxonomy":"post_tag","embeddable":true,"href":"https:\/\/revistahubclub.com.br\/portal\/wp-json\/wp\/v2\/tags?post=10529"}],"curies":[{"name":"wp","href":"https:\/\/api.w.org\/{rel}","templated":true}]}}