{"id":10532,"date":"2025-02-19T15:45:42","date_gmt":"2025-02-19T18:45:42","guid":{"rendered":"https:\/\/revistahubclub.com.br\/portal\/?p=10532"},"modified":"2025-02-19T15:45:42","modified_gmt":"2025-02-19T18:45:42","slug":"aelo-tap-participa-de-debate-sobre-alteracoes-no-iptu-2025-promovido-pela-oab-uberlandia","status":"publish","type":"post","link":"https:\/\/revistahubclub.com.br\/portal\/2025\/02\/19\/aelo-tap-participa-de-debate-sobre-alteracoes-no-iptu-2025-promovido-pela-oab-uberlandia\/","title":{"rendered":"AELO TAP participa de debate sobre altera\u00e7\u00f5es no IPTU 2025 promovido pela OAB Uberl\u00e2ndia"},"content":{"rendered":"\n<p><\/p>\n\n\n\n<p>O evento ser\u00e1 gratuito, e os interessados devem realizar inscri\u00e7\u00e3o pelo Sympla.<strong><\/strong><\/p>\n\n\n\n<p>Comprometida com as quest\u00f5es que impactam o setor imobili\u00e1rio e urban\u00edstico, a Associa\u00e7\u00e3o das Empresas de Loteamentos e Desenvolvimento Urbano do Tri\u00e2ngulo Mineiro e Alto Parana\u00edba (AELO-TAP) participar\u00e1 como debatedora no evento promovido pela OAB Uberl\u00e2ndia, que discutir\u00e1 as altera\u00e7\u00f5es propostas pelo munic\u00edpio no lan\u00e7amento do IPTU 2025. O debate acontece nesta segunda-feira, 24 de fevereiro, das 8h \u00e0s 11h, na sede da OAB Uberl\u00e2ndia, reunindo os especialistas Diogo Augusto Debs Hemmer, presidente da Comiss\u00e3o de Direito&nbsp;Imobili\u00e1rio na OAB e Pedro de Assis Vieira Filho, Presidente da Comiss\u00e3o de Direito Tribut\u00e1rio para uma an\u00e1lise aprofundada das mudan\u00e7as previstas e seus reflexos no mercado.<\/p>\n\n\n\n<p>Para Rodrigo Sagantini, presidente da AELO TAP, a participa\u00e7\u00e3o da entidade nesse debate \u00e9 essencial para garantir que as propostas estejam alinhadas com os interesses do setor e da sociedade. \u201cNosso compromisso \u00e9 contribuir com um di\u00e1logo t\u00e9cnico e construtivo, buscando solu\u00e7\u00f5es equilibradas que atendam tanto ao desenvolvimento urbano quanto \u00e0 sustentabilidade econ\u00f4mica dos im\u00f3veis. Estar presente nesse debate \u00e9 fundamental para que possamos acompanhar de perto as diretrizes que impactar\u00e3o diretamente os contribuintes e o mercado imobili\u00e1rio\u201d, destaca.<\/p>\n\n\n\n<p>O evento ser\u00e1 gratuito, e os interessados devem realizar inscri\u00e7\u00e3o pelo Sympla. O link de inscri\u00e7\u00e3o \u00e9 <a href=\"https:\/\/www.sympla.com.br\/evento\/dialogos-com-a-sociedade---atualidades-sobre-o-iptu-de-uberlandia-em-2025\/2841772Debate\">https:\/\/www.sympla.com.br\/evento\/dialogos-com-a-sociedade&#8212;atualidades-sobre-o-iptu-de-uberlandia-em-2025\/2841772Debate<\/a>.<\/p>\n\n\n\n<p>Aelo-TAP na OAB<\/p>\n\n\n\n<p>Data: 24\/2\/25<\/p>\n\n\n\n<p>Hor\u00e1rio: 8h \u00e0s 11h<\/p>\n\n\n\n<p>Local: audit\u00f3rio da OAB &#8211; Av. Rondon Pacheco, 980 \u2013 Copacabana.<\/p>\n\n\n<figure class=\"wp-block-post-featured-image\"><img loading=\"lazy\" decoding=\"async\" width=\"323\" height=\"315\" src=\"https:\/\/revistahubclub.com.br\/portal\/wp-content\/uploads\/2025\/02\/oab.png\" class=\"attachment-post-thumbnail size-post-thumbnail wp-post-image\" alt=\"\" style=\"object-fit:cover;\" srcset=\"https:\/\/revistahubclub.com.br\/portal\/wp-content\/uploads\/2025\/02\/oab.png 323w, https:\/\/revistahubclub.com.br\/portal\/wp-content\/uploads\/2025\/02\/oab-300x293.png 300w\" sizes=\"auto, (max-width: 323px) 100vw, 323px\" \/><\/figure>","protected":false},"excerpt":{"rendered":"<p>O evento ser\u00e1 gratuito, e os interessados devem realizar inscri\u00e7\u00e3o pelo Sympla. Comprometida com as quest\u00f5es que impactam o setor imobili\u00e1rio e urban\u00edstico, a Associa\u00e7\u00e3o das Empresas de Loteamentos e<\/p>\n","protected":false},"author":2,"featured_media":10533,"comment_status":"open","ping_status":"open","sticky":false,"template":"","format":"standard","meta":{"footnotes":""},"categories":[1],"tags":[],"class_list":["post-10532","post","type-post","status-publish","format-standard","has-post-thumbnail","hentry","category-noticias"],"_links":{"self":[{"href":"https:\/\/revistahubclub.com.br\/portal\/wp-json\/wp\/v2\/posts\/10532","targetHints":{"allow":["GET"]}}],"collection":[{"href":"https:\/\/revistahubclub.com.br\/portal\/wp-json\/wp\/v2\/posts"}],"about":[{"href":"https:\/\/revistahubclub.com.br\/portal\/wp-json\/wp\/v2\/types\/post"}],"author":[{"embeddable":true,"href":"https:\/\/revistahubclub.com.br\/portal\/wp-json\/wp\/v2\/users\/2"}],"replies":[{"embeddable":true,"href":"https:\/\/revistahubclub.com.br\/portal\/wp-json\/wp\/v2\/comments?post=10532"}],"version-history":[{"count":1,"href":"https:\/\/revistahubclub.com.br\/portal\/wp-json\/wp\/v2\/posts\/10532\/revisions"}],"predecessor-version":[{"id":10534,"href":"https:\/\/revistahubclub.com.br\/portal\/wp-json\/wp\/v2\/posts\/10532\/revisions\/10534"}],"wp:featuredmedia":[{"embeddable":true,"href":"https:\/\/revistahubclub.com.br\/portal\/wp-json\/wp\/v2\/media\/10533"}],"wp:attachment":[{"href":"https:\/\/revistahubclub.com.br\/portal\/wp-json\/wp\/v2\/media?parent=10532"}],"wp:term":[{"taxonomy":"category","embeddable":true,"href":"https:\/\/revistahubclub.com.br\/portal\/wp-json\/wp\/v2\/categories?post=10532"},{"taxonomy":"post_tag","embeddable":true,"href":"https:\/\/revistahubclub.com.br\/portal\/wp-json\/wp\/v2\/tags?post=10532"}],"curies":[{"name":"wp","href":"https:\/\/api.w.org\/{rel}","templated":true}]}}