{"id":10540,"date":"2025-02-20T15:02:22","date_gmt":"2025-02-20T18:02:22","guid":{"rendered":"https:\/\/revistahubclub.com.br\/portal\/?p=10540"},"modified":"2025-02-20T15:02:22","modified_gmt":"2025-02-20T18:02:22","slug":"regiao-do-cerrado-mineiro-reforca-compromisso-social-com-doacoes-e-projetos-transformadores","status":"publish","type":"post","link":"https:\/\/revistahubclub.com.br\/portal\/2025\/02\/20\/regiao-do-cerrado-mineiro-reforca-compromisso-social-com-doacoes-e-projetos-transformadores\/","title":{"rendered":"Regi\u00e3o do Cerrado Mineiro refor\u00e7a compromisso social com doa\u00e7\u00f5es e projetos transformadores"},"content":{"rendered":"\n<p><em>Parte dos recursos do Leil\u00e3o Caf\u00e9 Solid\u00e1rio foram destinados a escolas, causas sociais e projetos de sa\u00fade<\/em><\/p>\n\n\n\n<p>A Regi\u00e3o do Cerrado Mineiro (RCM) reafirmou seu compromisso com a responsabilidade social em fevereiro, ao realizar a entrega de cheques simb\u00f3licos \u00e0s escolas vencedoras do Trof\u00e9u Escola de Atitude, realizado durante o 12\u00ba Pr\u00eamio Regi\u00e3o do Cerrado Mineiro. A cerim\u00f4nia ocorreu em cidades como Carmo do Parana\u00edba, Monte Carmelo, Patroc\u00ednio e S\u00e3o Gotardo, reunindo representantes da Federa\u00e7\u00e3o dos Cafeicultores do Cerrado, cooperativas, autoridades locais, escolas premiadas e cafeicultores.<\/p>\n\n\n\n<p>Al\u00e9m dos projetos premiados no Trof\u00e9u Escola de Atitude, parte dos recursos arrecadados atrav\u00e9s do Leil\u00e3o Caf\u00e9 Solid\u00e1rio, que somaram R$ 557 mil, tamb\u00e9m foi destinada a causas sociais importantes da regi\u00e3o como o Hospital do Amor de Patroc\u00ednio e a campanha \u201cCura para Dudu\u201d, que busca custear o tratamento de Eduardo, uma crian\u00e7a diagnosticada com a rara doen\u00e7a SPG50.<\/p>\n\n\n\n<p><strong>Hospital do Amor e campanha Cura para Dudu<\/strong><br>O Hospital do Amor de Patroc\u00ednio recebeu uma doa\u00e7\u00e3o significativa de R$ 90.050,00, que ser\u00e3o empregados na manuten\u00e7\u00e3o e amplia\u00e7\u00e3o dos atendimentos oncol\u00f3gicos na regi\u00e3o.<br><br>J\u00e1 a campanha Cura para Dudu foi beneficiada com R$ 281.500,00, incluindo contribui\u00e7\u00f5es de produtores rurais. O montante auxiliar\u00e1 no custeio do tratamento de Eduardo, fortalecendo a luta contra a doen\u00e7a.<\/p>\n\n\n\n<p><strong>Trof\u00e9u Escola de Atitude: incentivo \u00e0 educa\u00e7\u00e3o e \u00e0 inova\u00e7\u00e3o<\/strong><br>O Trof\u00e9u Escola de Atitude reconheceu iniciativas educacionais transformadoras, premiando cinco escolas por seus projetos inovadores. Foram distribu\u00eddos R$ 70.050,00 entre as vencedoras, al\u00e9m de trof\u00e9us, certificados e cheques simb\u00f3licos.<\/p>\n\n\n\n<p>A Escola Estadual Sizenando Amaral, de Carmo do Parana\u00edba, conquistou o 1\u00ba lugar com o projeto \u201cSementes de Inclus\u00e3o: Educa\u00e7\u00e3o Especial e o Mundo do Caf\u00e9\u201d, inscrito pela cooperativa Carpec. A iniciativa explora as intera\u00e7\u00f5es entre a educa\u00e7\u00e3o especial e a cultura cafeeira, promovendo um ambiente educacional mais inclusivo e eficaz. O projeto recebeu R$ 35.025,00. Confira as demais escolas premiadas e seus projetos:<\/p>\n\n\n\n<p>&#8211; 2\u00ba lugar: Escola Municipal Dr. J\u00falio do Couto Gontijo, Carpec\/Carmo do Parana\u00edba \u2013 Projeto \u201cEmocinar\u201d \u2013 R$ 14.010,00<br>&#8211; 3\u00ba lugar: Escola Municipal Maria Luzia da Silva Morais, Coopadap\/S\u00e3o Gotardo \u2013 Projeto \u201cAprender a Empreender\u201d \u2013 R$ 10.507,50<br>&#8211; 4\u00ba lugar: Apae de Monte Carmelo, MonteCCer \u2013 Projeto \u201cInclus\u00e3o Escolar: Alfabetiza\u00e7\u00e3o e Reabilita\u00e7\u00e3o de Alunos com Defici\u00eancia Intelectual, M\u00faltipla e Autismo na Escola Comum\/ Regular\u201d \u2013 R$ 7.005,00<br>&#8211; 5\u00ba lugar: Escola Municipal Henriqueta Cassimira de Menezes, Carmocer\/Monte Carmelo \u2013 Projeto \u201cTransforma A\u00e7\u00e3o: Empreender, Aprender e Realizar\u201d \u2013 R$ 3.502,50<\/p>\n\n\n\n<p>Segundo Juliano Tarabal, diretor executivo da Federa\u00e7\u00e3o dos Cafeicultores do Cerrado, as a\u00e7\u00f5es da Regi\u00e3o do Cerrado Mineiro mostram como o setor cafeeiro vai al\u00e9m da produ\u00e7\u00e3o e exporta\u00e7\u00e3o, gerando impacto direto nas comunidades locais. \u201cEssa jun\u00e7\u00e3o de solidariedade e inova\u00e7\u00e3o reafirma o compromisso da regi\u00e3o com o desenvolvimento humano e social, fortalecendo la\u00e7os e inspirando outras regi\u00f5es a seguirem o mesmo caminho\u201d, destaca.<\/p>\n","protected":false},"excerpt":{"rendered":"<p>Parte dos recursos do Leil\u00e3o Caf\u00e9 Solid\u00e1rio foram destinados a escolas, causas sociais e projetos de sa\u00fade A Regi\u00e3o do Cerrado Mineiro (RCM) reafirmou seu compromisso com a responsabilidade social<\/p>\n","protected":false},"author":3,"featured_media":10541,"comment_status":"open","ping_status":"open","sticky":false,"template":"","format":"standard","meta":{"footnotes":""},"categories":[1],"tags":[],"class_list":["post-10540","post","type-post","status-publish","format-standard","has-post-thumbnail","hentry","category-noticias"],"_links":{"self":[{"href":"https:\/\/revistahubclub.com.br\/portal\/wp-json\/wp\/v2\/posts\/10540","targetHints":{"allow":["GET"]}}],"collection":[{"href":"https:\/\/revistahubclub.com.br\/portal\/wp-json\/wp\/v2\/posts"}],"about":[{"href":"https:\/\/revistahubclub.com.br\/portal\/wp-json\/wp\/v2\/types\/post"}],"author":[{"embeddable":true,"href":"https:\/\/revistahubclub.com.br\/portal\/wp-json\/wp\/v2\/users\/3"}],"replies":[{"embeddable":true,"href":"https:\/\/revistahubclub.com.br\/portal\/wp-json\/wp\/v2\/comments?post=10540"}],"version-history":[{"count":1,"href":"https:\/\/revistahubclub.com.br\/portal\/wp-json\/wp\/v2\/posts\/10540\/revisions"}],"predecessor-version":[{"id":10542,"href":"https:\/\/revistahubclub.com.br\/portal\/wp-json\/wp\/v2\/posts\/10540\/revisions\/10542"}],"wp:featuredmedia":[{"embeddable":true,"href":"https:\/\/revistahubclub.com.br\/portal\/wp-json\/wp\/v2\/media\/10541"}],"wp:attachment":[{"href":"https:\/\/revistahubclub.com.br\/portal\/wp-json\/wp\/v2\/media?parent=10540"}],"wp:term":[{"taxonomy":"category","embeddable":true,"href":"https:\/\/revistahubclub.com.br\/portal\/wp-json\/wp\/v2\/categories?post=10540"},{"taxonomy":"post_tag","embeddable":true,"href":"https:\/\/revistahubclub.com.br\/portal\/wp-json\/wp\/v2\/tags?post=10540"}],"curies":[{"name":"wp","href":"https:\/\/api.w.org\/{rel}","templated":true}]}}