{"id":10544,"date":"2025-02-24T12:20:55","date_gmt":"2025-02-24T15:20:55","guid":{"rendered":"https:\/\/revistahubclub.com.br\/portal\/?p=10544"},"modified":"2025-02-24T12:20:55","modified_gmt":"2025-02-24T15:20:55","slug":"casa-thomas-jefferson-realiza-atividades-voltadas-para-historia-e-cultura-americana","status":"publish","type":"post","link":"https:\/\/revistahubclub.com.br\/portal\/2025\/02\/24\/casa-thomas-jefferson-realiza-atividades-voltadas-para-historia-e-cultura-americana\/","title":{"rendered":"Casa Thomas Jefferson realiza atividades voltadas para hist\u00f3ria e cultura americana"},"content":{"rendered":"\n<p><em>&nbsp;Em celebra\u00e7\u00e3o \u00e0 hist\u00f3ria negra nos Estados Unidos, unidade de Uberl\u00e2ndia realiza programa\u00e7\u00e3o especial no dia 25 de fevereiro com atividades gratuitas e abertas \u00e0 comunidade<\/em><\/p>\n\n\n<figure class=\"wp-block-post-featured-image\"><img loading=\"lazy\" decoding=\"async\" width=\"533\" height=\"353\" src=\"https:\/\/revistahubclub.com.br\/portal\/wp-content\/uploads\/2025\/02\/Captura-de-tela-2025-02-24-121947.png\" class=\"attachment-post-thumbnail size-post-thumbnail wp-post-image\" alt=\"\" style=\"object-fit:cover;\" srcset=\"https:\/\/revistahubclub.com.br\/portal\/wp-content\/uploads\/2025\/02\/Captura-de-tela-2025-02-24-121947.png 533w, https:\/\/revistahubclub.com.br\/portal\/wp-content\/uploads\/2025\/02\/Captura-de-tela-2025-02-24-121947-300x199.png 300w\" sizes=\"auto, (max-width: 533px) 100vw, 533px\" \/><\/figure>\n\n\n<p>\u2018History &amp; Culture\u2019 (hist\u00f3ria e cultura) se encontram em mais uma iniciativa da Casa Thomas Jefferson, que traz ao p\u00fablico uma programa\u00e7\u00e3o com experi\u00eancias interativas ao celebrar o Black History Month (m\u00eas da hist\u00f3ria negra). No dia 25 de fevereiro, a unidade da Casa Thomas Jefferson em Uberl\u00e2ndia oferecer\u00e1 oficinas criativas e l\u00fadicas que ensinam a import\u00e2ncia das conquistas afro-americanas. As atividades gratuitas e abertas a toda a popula\u00e7\u00e3o acontecem no Resource Centers da unidade. O local \u00e9 um espa\u00e7o criativo que estimula a descoberta e a colabora\u00e7\u00e3o por meio de v\u00e1rias experi\u00eancias.<\/p>\n\n\n\n<p>O Black History Month prop\u00f5e um olhar sobre trajet\u00f3rias marcantes e express\u00f5es culturais que transformaram a sociedade americana ao longo do tempo. De maneira l\u00fadica e respeitosa, a oficina Black &amp; Beautiful far\u00e1 um passeio pela hist\u00f3ria dos movimentos por direitos civis da popula\u00e7\u00e3o afro-americana, apresentar\u00e1 como o cabelo afro se tornou um s\u00edmbolo de identidade e resist\u00eancia da popula\u00e7\u00e3o negra e convidar\u00e1 os pequenos a colocar a m\u00e3o na massa para criar artefatos art\u00edsticos que honrem o legado hist\u00f3rico e cultural da identidade negra.<\/p>\n\n\n\n<p>S\u00e3o atividades que buscam dar \u00e0s crian\u00e7as e aos adolescentes a oportunidade de explorar narrativas inspiradoras e refletir sobre o impacto da cultura na constru\u00e7\u00e3o do presente. \u201cIncorporar eventos culturais ao ensino do ingl\u00eas \u00e9 uma estrat\u00e9gia poderosa para tornar o aprendizado mais din\u00e2mico e efetivo. Ao oferecer experi\u00eancias reais e imersivas, a Casa Thomas Jefferson ajuda os alunos e a comunidade que participa dos nossos eventos a desenvolverem uma compreens\u00e3o mais ampla do idioma e da cultura americana\u201d, explica a gerente da unidade, Vanessa Faria. \u201cEssa \u00e9 uma oportunidade para que a hist\u00f3ria seja conhecida, divulgada e utilizada como ferramenta de combate ao preconceito, mas tamb\u00e9m de celebra\u00e7\u00e3o por conquistas\u201d, completa a gerente.<\/p>\n\n\n\n<p><strong>Entenda a hist\u00f3ria<\/strong><\/p>\n\n\n\n<p>A bandeira da igualdade torna-se cada vez mais importante e necess\u00e1ria, lembrar e celebrar a hist\u00f3ria e a conquista de pessoas negras \u00e9 urgente. Por isso, fevereiro \u00e9 o m\u00eas escolhido para celebrar, nos Estados Unidos, desde 1962, a mem\u00f3ria das conquistas hist\u00f3ricas da popula\u00e7\u00e3o afro-americana. No Brasil, a data \u00e9 celebrada em todas as unidades da Casa Thomas Jefferson, que por ser um centro binacional busca promover a troca cultural e educacional entre os dois pa\u00edses.<\/p>\n\n\n\n<p><strong>Participe!<\/strong><\/p>\n\n\n\n<p><strong>O que:<\/strong>&nbsp;Oficina: Black &amp; Beautiful<\/p>\n\n\n\n<p><strong>Dia:<\/strong>&nbsp;25\/02<\/p>\n\n\n\n<p><strong>Hor\u00e1rio:<\/strong>&nbsp;das 10h \u00e0s 10h30 e de 16h \u00e0s 16h30<\/p>\n\n\n\n<p><strong>Onde:&nbsp;<\/strong>Casa Thomas Jefferson, R. Ot\u00edlia Souza Oliveira, 75 &#8211; Morada da Colina<\/p>\n\n\n\n<p><strong>Faixa et\u00e1ria:&nbsp;<\/strong>4 a 10 anos<\/p>\n\n\n\n<p><strong>Idioma:<\/strong>&nbsp;sess\u00e3o conduzida em portugu\u00eas<\/p>\n","protected":false},"excerpt":{"rendered":"<p>&nbsp;Em celebra\u00e7\u00e3o \u00e0 hist\u00f3ria negra nos Estados Unidos, unidade de Uberl\u00e2ndia realiza programa\u00e7\u00e3o especial no dia 25 de fevereiro com atividades gratuitas e abertas \u00e0 comunidade \u2018History &amp; Culture\u2019 (hist\u00f3ria<\/p>\n","protected":false},"author":2,"featured_media":10545,"comment_status":"open","ping_status":"open","sticky":false,"template":"","format":"standard","meta":{"footnotes":""},"categories":[1],"tags":[208,27],"class_list":["post-10544","post","type-post","status-publish","format-standard","has-post-thumbnail","hentry","category-noticias","tag-casa-thomas-jefferson","tag-uberlandia"],"_links":{"self":[{"href":"https:\/\/revistahubclub.com.br\/portal\/wp-json\/wp\/v2\/posts\/10544","targetHints":{"allow":["GET"]}}],"collection":[{"href":"https:\/\/revistahubclub.com.br\/portal\/wp-json\/wp\/v2\/posts"}],"about":[{"href":"https:\/\/revistahubclub.com.br\/portal\/wp-json\/wp\/v2\/types\/post"}],"author":[{"embeddable":true,"href":"https:\/\/revistahubclub.com.br\/portal\/wp-json\/wp\/v2\/users\/2"}],"replies":[{"embeddable":true,"href":"https:\/\/revistahubclub.com.br\/portal\/wp-json\/wp\/v2\/comments?post=10544"}],"version-history":[{"count":1,"href":"https:\/\/revistahubclub.com.br\/portal\/wp-json\/wp\/v2\/posts\/10544\/revisions"}],"predecessor-version":[{"id":10546,"href":"https:\/\/revistahubclub.com.br\/portal\/wp-json\/wp\/v2\/posts\/10544\/revisions\/10546"}],"wp:featuredmedia":[{"embeddable":true,"href":"https:\/\/revistahubclub.com.br\/portal\/wp-json\/wp\/v2\/media\/10545"}],"wp:attachment":[{"href":"https:\/\/revistahubclub.com.br\/portal\/wp-json\/wp\/v2\/media?parent=10544"}],"wp:term":[{"taxonomy":"category","embeddable":true,"href":"https:\/\/revistahubclub.com.br\/portal\/wp-json\/wp\/v2\/categories?post=10544"},{"taxonomy":"post_tag","embeddable":true,"href":"https:\/\/revistahubclub.com.br\/portal\/wp-json\/wp\/v2\/tags?post=10544"}],"curies":[{"name":"wp","href":"https:\/\/api.w.org\/{rel}","templated":true}]}}