{"id":10568,"date":"2025-02-27T07:55:11","date_gmt":"2025-02-27T10:55:11","guid":{"rendered":"https:\/\/revistahubclub.com.br\/portal\/?p=10568"},"modified":"2025-02-27T07:55:11","modified_gmt":"2025-02-27T10:55:11","slug":"prefeitura-decreta-situacao-de-emergencia-devido-ao-aumento-de-casos-de-dengue","status":"publish","type":"post","link":"https:\/\/revistahubclub.com.br\/portal\/2025\/02\/27\/prefeitura-decreta-situacao-de-emergencia-devido-ao-aumento-de-casos-de-dengue\/","title":{"rendered":"Prefeitura decreta situa\u00e7\u00e3o de emerg\u00eancia devido ao aumento de casos de Dengue"},"content":{"rendered":"\n<p>Vig\u00eancia do decreto \u00e9 de 180 dias, podendo ser prorrogado caso a situa\u00e7\u00e3o persista; entrada for\u00e7ada em im\u00f3veis p\u00fablicos e particulares para fins de sa\u00fade p\u00fablica, com apoio da autoridade policial, fica autorizada com o decreto.<\/p>\n\n\n\n<p>Diante do atual cen\u00e1rio epidemiol\u00f3gico de aumento significativo da transmiss\u00e3o das arboviroses \u2013 doen\u00e7as transmitidas pelo mosquito Aedes Aegypti, como dengue, chikugunya e outros \u2013 e seguindo os crit\u00e9rios estabelecidos pelo Plano de Conting\u00eancia da Vigil\u00e2ncia Epidemiol\u00f3gica, da Secretaria Municipal de Sa\u00fade, a Prefeitura de Uberl\u00e2ndia declarou situa\u00e7\u00e3o de emerg\u00eancia, no \u00e2mbito da sa\u00fade p\u00fablica. O decreto foi publicado em edi\u00e7\u00e3o suplementar do&nbsp;<a href=\"https:\/\/docs.uberlandia.mg.gov.br\/wp-content\/uploads\/2025\/02\/7053-A.pdf\" target=\"_blank\" rel=\"noreferrer noopener\"><strong>Di\u00e1rio Oficial do Munic\u00edpio (DOM) desta quarta-feira (26)<\/strong><\/a>. A vig\u00eancia do decreto \u00e9 de 180 dias, podendo ser prorrogado caso a situa\u00e7\u00e3o continue.<\/p>\n\n\n\n<p>Para o enfrentamento da situa\u00e7\u00e3o de emerg\u00eancia, a Prefeitura autorizar\u00e1 v\u00e1rias a\u00e7\u00f5es, como:&nbsp; a contrata\u00e7\u00e3o por tempo determinado de profissionais para o sistema municipal de sa\u00fade, especialmente agentes de controle de endemias, a&nbsp;compra de insumos e materiais, al\u00e9m&nbsp;<strong>da entrada for\u00e7ada, com apoio da autoridade policial, em im\u00f3veis p\u00fablicos e particulares, no caso de situa\u00e7\u00e3o de abandono ou recusa de pessoa em permitir o acesso quando a entrada se mostrar fundamental.<\/strong><\/p>\n\n\n\n<p>Al\u00e9m das a\u00e7\u00f5es do decreto, a Prefeitura de Uberl\u00e2ndia tamb\u00e9m segue as diretrizes do Plano de Conting\u00eancia, da Vigil\u00e2ncia Epidemiol\u00f3gica. As linhas de a\u00e7\u00f5es s\u00e3o divididas em quatro n\u00edveis, sendo o \u00faltimo a de situa\u00e7\u00e3o de emerg\u00eancia. Nele tamb\u00e9m entram as estrat\u00e9gias de manuten\u00e7\u00e3o\/amplia\u00e7\u00e3o das salas de hidrata\u00e7\u00e3o para prevenir complica\u00e7\u00f5es e interna\u00e7\u00f5es, intensifica\u00e7\u00e3o da aplica\u00e7\u00e3o de adulticida nas vias p\u00fablicas para eliminar o mosquito, refor\u00e7o das a\u00e7\u00f5es de combate ao Aedes aegypti e mobiliza\u00e7\u00e3o da popula\u00e7\u00e3o para intensifica\u00e7\u00e3o das medidas de prote\u00e7\u00e3o individual, como uso de repelentes e telas de prote\u00e7\u00e3o.&nbsp;<\/p>\n\n\n\n<p>Atualmente, o Munic\u00edpio tem 3.800 casos confirmados de dengue e 2.241 de Chikungunya. Seis \u00f3bitos por dengue est\u00e3o em investiga\u00e7\u00e3o, e outros dois j\u00e1 foram confirmados. &nbsp;&nbsp;Al\u00e9m disso, houve um crescimento expressivo da dengue com sinais de alarme. Em 2023, 1,6% dos casos evolu\u00edram para dengue com sinais de alarme. Em 2024, esse percentual subiu para 3,1%. J\u00e1 em 2025, houve um aumento alarmante para 8,9%, indicando um agravamento do quadro cl\u00ednico dos pacientes.<\/p>\n\n\n\n<p><strong><em>Prefeitura de Uberl\u00e2ndia<\/em><\/strong><\/p>\n\n\n<figure class=\"wp-block-post-featured-image\"><img loading=\"lazy\" decoding=\"async\" width=\"774\" height=\"407\" src=\"https:\/\/revistahubclub.com.br\/portal\/wp-content\/uploads\/2025\/02\/Captura-de-tela-2025-02-27-075418.png\" class=\"attachment-post-thumbnail size-post-thumbnail wp-post-image\" alt=\"\" style=\"object-fit:cover;\" srcset=\"https:\/\/revistahubclub.com.br\/portal\/wp-content\/uploads\/2025\/02\/Captura-de-tela-2025-02-27-075418.png 774w, https:\/\/revistahubclub.com.br\/portal\/wp-content\/uploads\/2025\/02\/Captura-de-tela-2025-02-27-075418-300x158.png 300w, https:\/\/revistahubclub.com.br\/portal\/wp-content\/uploads\/2025\/02\/Captura-de-tela-2025-02-27-075418-768x404.png 768w\" sizes=\"auto, (max-width: 774px) 100vw, 774px\" \/><\/figure>","protected":false},"excerpt":{"rendered":"<p>Vig\u00eancia do decreto \u00e9 de 180 dias, podendo ser prorrogado caso a situa\u00e7\u00e3o persista; entrada for\u00e7ada em im\u00f3veis p\u00fablicos e particulares para fins de sa\u00fade p\u00fablica, com apoio da autoridade<\/p>\n","protected":false},"author":2,"featured_media":10569,"comment_status":"open","ping_status":"open","sticky":false,"template":"","format":"standard","meta":{"footnotes":""},"categories":[1],"tags":[220,163,221,27],"class_list":["post-10568","post","type-post","status-publish","format-standard","has-post-thumbnail","hentry","category-noticias","tag-decreto","tag-dengue","tag-situacao-de-emergencia","tag-uberlandia"],"_links":{"self":[{"href":"https:\/\/revistahubclub.com.br\/portal\/wp-json\/wp\/v2\/posts\/10568","targetHints":{"allow":["GET"]}}],"collection":[{"href":"https:\/\/revistahubclub.com.br\/portal\/wp-json\/wp\/v2\/posts"}],"about":[{"href":"https:\/\/revistahubclub.com.br\/portal\/wp-json\/wp\/v2\/types\/post"}],"author":[{"embeddable":true,"href":"https:\/\/revistahubclub.com.br\/portal\/wp-json\/wp\/v2\/users\/2"}],"replies":[{"embeddable":true,"href":"https:\/\/revistahubclub.com.br\/portal\/wp-json\/wp\/v2\/comments?post=10568"}],"version-history":[{"count":1,"href":"https:\/\/revistahubclub.com.br\/portal\/wp-json\/wp\/v2\/posts\/10568\/revisions"}],"predecessor-version":[{"id":10570,"href":"https:\/\/revistahubclub.com.br\/portal\/wp-json\/wp\/v2\/posts\/10568\/revisions\/10570"}],"wp:featuredmedia":[{"embeddable":true,"href":"https:\/\/revistahubclub.com.br\/portal\/wp-json\/wp\/v2\/media\/10569"}],"wp:attachment":[{"href":"https:\/\/revistahubclub.com.br\/portal\/wp-json\/wp\/v2\/media?parent=10568"}],"wp:term":[{"taxonomy":"category","embeddable":true,"href":"https:\/\/revistahubclub.com.br\/portal\/wp-json\/wp\/v2\/categories?post=10568"},{"taxonomy":"post_tag","embeddable":true,"href":"https:\/\/revistahubclub.com.br\/portal\/wp-json\/wp\/v2\/tags?post=10568"}],"curies":[{"name":"wp","href":"https:\/\/api.w.org\/{rel}","templated":true}]}}