{"id":10580,"date":"2025-03-05T09:49:06","date_gmt":"2025-03-05T12:49:06","guid":{"rendered":"https:\/\/revistahubclub.com.br\/portal\/?p=10580"},"modified":"2025-03-05T09:49:06","modified_gmt":"2025-03-05T12:49:06","slug":"dia-internacional-da-mulher-sera-comemorado-por-mulheres-do-agro-no-parque-camaru","status":"publish","type":"post","link":"https:\/\/revistahubclub.com.br\/portal\/2025\/03\/05\/dia-internacional-da-mulher-sera-comemorado-por-mulheres-do-agro-no-parque-camaru\/","title":{"rendered":"Dia Internacional da Mulher ser\u00e1 comemorado por mulheres do agro no parque Camaru"},"content":{"rendered":"\n<figure class=\"wp-block-image size-full\"><img loading=\"lazy\" decoding=\"async\" width=\"390\" height=\"259\" src=\"https:\/\/revistahubclub.com.br\/portal\/wp-content\/uploads\/2025\/03\/image-1.png\" alt=\"\" class=\"wp-image-10581\" srcset=\"https:\/\/revistahubclub.com.br\/portal\/wp-content\/uploads\/2025\/03\/image-1.png 390w, https:\/\/revistahubclub.com.br\/portal\/wp-content\/uploads\/2025\/03\/image-1-300x199.png 300w\" sizes=\"auto, (max-width: 390px) 100vw, 390px\" \/><\/figure>\n\n\n\n<p>No pr\u00f3ximo 8 de mar\u00e7o, Dia Internacional da Mulher, o agroneg\u00f3cio mineiro celebra a for\u00e7a, a resili\u00eancia e a lideran\u00e7a feminina no campo com um caf\u00e9 da manh\u00e3 especial e o lan\u00e7amento do 5\u00ba Encontro de Mulheres Mineiras do Agroneg\u00f3cio, que ocorrer\u00e1 durante a Femec 2025. O evento ser\u00e1 um momento de conex\u00e3o, aprendizado e valoriza\u00e7\u00e3o do papel essencial das mulheres no setor agropecu\u00e1rio. O caf\u00e9 da manh\u00e3 acontecer\u00e1 no Parque Camaru, em Uberl\u00e2ndia (MG), a partir das 10h para convidados. A programa\u00e7\u00e3o inclui debates, troca de experi\u00eancias e reflex\u00f5es sobre os desafios e oportunidades para as mulheres no agroneg\u00f3cio, al\u00e9m de destacar como a inova\u00e7\u00e3o e a tecnologia est\u00e3o transformando o setor.<\/p>\n\n\n\n<p>A Femec 2025, maior feira do agro de Minas, ser\u00e1 realizada pelo Sindicato Rural de Uberl\u00e2ndia de 31 de mar\u00e7o a 4 de abril no Parque de Exposi\u00e7\u00f5es Camaru. Com o tema central &#8220;Intelig\u00eancia Artificial no Campo \u2013 Conectando voc\u00ea \u00e0 produtividade&#8221;, a feira destacar\u00e1 como a tecnologia est\u00e1 revolucionando a agricultura e a pecu\u00e1ria em todos os n\u00edveis de produ\u00e7\u00e3o. Seu principal papel ser\u00e1 a democratiza\u00e7\u00e3o do acesso \u00e0s tecnologias de IA, que antes eram restritas a grandes propriedades. A feira apresentar\u00e1 solu\u00e7\u00f5es inovadoras que prometem aumentar a efici\u00eancia, reduzir custos e promover uma produ\u00e7\u00e3o mais sustent\u00e1vel, beneficiando pequenos e m\u00e9dios produtores rurais.<\/p>\n\n\n\n<p>Intelig\u00eancia Artificial e o Papel da Mulher no Agro<br>Segundo Cristiane Castro, diretora do Sindicato Rural de Uberl\u00e2ndia e uma das organizadoras do evento, a intelig\u00eancia artificial (IA) est\u00e1 revolucionando o agroneg\u00f3cio, e as mulheres t\u00eam um papel fundamental nesse processo. &#8220;A IA chegou para otimizar processos, aumentar a produtividade e reduzir custos. A sensibilidade e a vis\u00e3o estrat\u00e9gica das mulheres podem colaborar para que essas tecnologias sejam aplicadas de forma sustent\u00e1vel e inclusiva. H\u00e1 tempos, as mulheres demostram sua capacidade de lideran\u00e7a e inova\u00e7\u00e3o no campo, e agora, com o apoio da tecnologia, estamos vendo uma nova era de oportunidades se abrir&#8221;, destaca Cristiane. Ela ainda ressalta que o 5\u00ba Encontro de Mulheres Mineiras do Agroneg\u00f3cio ser\u00e1 um espa\u00e7o para discutir como a IA e outras ferramentas digitais podem ser aliadas das produtoras rurais, al\u00e9m de fortalecer a rede de apoio e colabora\u00e7\u00e3o entre as mulheres do setor. \u201cConvidamos todas as mulheres que fazem a diferen\u00e7a no agroneg\u00f3cio, assim como aqueles que apoiam essa causa, para participar desse momento inspirador. Vamos juntos celebrar as conquistas e construir um futuro ainda mais promissor para o agro brasileiro\u201d, conclui Cristiane de Castro.<\/p>\n\n\n\n<p>Entre as aplica\u00e7\u00f5es de IA no campo, destacam-se:<\/p>\n\n\n\n<ul class=\"wp-block-list\">\n<li>Agricultura de Precis\u00e3o: Demonstra\u00e7\u00f5es de drones, sensores e sistemas que monitoram lavouras em tempo real, otimizando recursos como irriga\u00e7\u00e3o, fertiliza\u00e7\u00e3o e controle de pragas.<\/li>\n\n\n\n<li>Sistemas de IA para Identifica\u00e7\u00e3o de Doen\u00e7as e Pragas: Solu\u00e7\u00f5es que utilizam algoritmos para detectar problemas nas culturas antes que causem danos significativos, integradas a plataformas que oferecem recomenda\u00e7\u00f5es de manejo.<\/li>\n\n\n\n<li>Tecnologias para Pecu\u00e1ria: Coleiras inteligentes, sensores implant\u00e1veis e sistemas de IA para monitorar a sa\u00fade animal, prever ciclos reprodutivos e melhorar a gest\u00e3o nutricional dos rebanhos.<br>Servi\u00e7o<br>Caf\u00e9 da Manh\u00e3 dia Internacional da Mulher<br>Data: 8 de mar\u00e7o de 2025 (s\u00e1bado)<br>Hor\u00e1rio: 10h<br>Local: Parque Camaru, Uberl\u00e2ndia (MG)<br>Confirma\u00e7\u00e3o de presen\u00e7a: cerimonial@camaru.org.br<\/li>\n<\/ul>\n\n\n<figure class=\"wp-block-post-featured-image\"><img loading=\"lazy\" decoding=\"async\" width=\"390\" height=\"259\" src=\"https:\/\/revistahubclub.com.br\/portal\/wp-content\/uploads\/2025\/03\/image-1.png\" class=\"attachment-post-thumbnail size-post-thumbnail wp-post-image\" alt=\"\" style=\"object-fit:cover;\" srcset=\"https:\/\/revistahubclub.com.br\/portal\/wp-content\/uploads\/2025\/03\/image-1.png 390w, https:\/\/revistahubclub.com.br\/portal\/wp-content\/uploads\/2025\/03\/image-1-300x199.png 300w\" sizes=\"auto, (max-width: 390px) 100vw, 390px\" \/><\/figure>","protected":false},"excerpt":{"rendered":"<p>No pr\u00f3ximo 8 de mar\u00e7o, Dia Internacional da Mulher, o agroneg\u00f3cio mineiro celebra a for\u00e7a, a resili\u00eancia e a lideran\u00e7a feminina no campo com um caf\u00e9 da manh\u00e3 especial e<\/p>\n","protected":false},"author":2,"featured_media":10581,"comment_status":"open","ping_status":"open","sticky":false,"template":"","format":"standard","meta":{"footnotes":""},"categories":[1],"tags":[228,226,227,229,27],"class_list":["post-10580","post","type-post","status-publish","format-standard","has-post-thumbnail","hentry","category-noticias","tag-camaru","tag-dia-internacional-das-mulheres","tag-mulheres-do-agro","tag-sindicato-rural","tag-uberlandia"],"_links":{"self":[{"href":"https:\/\/revistahubclub.com.br\/portal\/wp-json\/wp\/v2\/posts\/10580","targetHints":{"allow":["GET"]}}],"collection":[{"href":"https:\/\/revistahubclub.com.br\/portal\/wp-json\/wp\/v2\/posts"}],"about":[{"href":"https:\/\/revistahubclub.com.br\/portal\/wp-json\/wp\/v2\/types\/post"}],"author":[{"embeddable":true,"href":"https:\/\/revistahubclub.com.br\/portal\/wp-json\/wp\/v2\/users\/2"}],"replies":[{"embeddable":true,"href":"https:\/\/revistahubclub.com.br\/portal\/wp-json\/wp\/v2\/comments?post=10580"}],"version-history":[{"count":1,"href":"https:\/\/revistahubclub.com.br\/portal\/wp-json\/wp\/v2\/posts\/10580\/revisions"}],"predecessor-version":[{"id":10582,"href":"https:\/\/revistahubclub.com.br\/portal\/wp-json\/wp\/v2\/posts\/10580\/revisions\/10582"}],"wp:featuredmedia":[{"embeddable":true,"href":"https:\/\/revistahubclub.com.br\/portal\/wp-json\/wp\/v2\/media\/10581"}],"wp:attachment":[{"href":"https:\/\/revistahubclub.com.br\/portal\/wp-json\/wp\/v2\/media?parent=10580"}],"wp:term":[{"taxonomy":"category","embeddable":true,"href":"https:\/\/revistahubclub.com.br\/portal\/wp-json\/wp\/v2\/categories?post=10580"},{"taxonomy":"post_tag","embeddable":true,"href":"https:\/\/revistahubclub.com.br\/portal\/wp-json\/wp\/v2\/tags?post=10580"}],"curies":[{"name":"wp","href":"https:\/\/api.w.org\/{rel}","templated":true}]}}