{"id":10590,"date":"2025-03-06T07:35:13","date_gmt":"2025-03-06T10:35:13","guid":{"rendered":"https:\/\/revistahubclub.com.br\/portal\/?p=10590"},"modified":"2025-03-06T07:35:48","modified_gmt":"2025-03-06T10:35:48","slug":"4a-edicao-da-caminhada-do-batom-sera-realizada-neste-sabado-8-no-parque-do-sabia","status":"publish","type":"post","link":"https:\/\/revistahubclub.com.br\/portal\/2025\/03\/06\/4a-edicao-da-caminhada-do-batom-sera-realizada-neste-sabado-8-no-parque-do-sabia\/","title":{"rendered":"4\u00aa edi\u00e7\u00e3o da \u2018Caminhada do Batom\u2019 ser\u00e1 realizada neste s\u00e1bado (8) no Parque do Sabi\u00e1"},"content":{"rendered":"<figure class=\"wp-block-post-featured-image\"><img loading=\"lazy\" decoding=\"async\" width=\"713\" height=\"470\" src=\"https:\/\/revistahubclub.com.br\/portal\/wp-content\/uploads\/2025\/03\/Captura-de-tela-2025-03-06-065503.png\" class=\"attachment-post-thumbnail size-post-thumbnail wp-post-image\" alt=\"\" style=\"object-fit:cover;\" srcset=\"https:\/\/revistahubclub.com.br\/portal\/wp-content\/uploads\/2025\/03\/Captura-de-tela-2025-03-06-065503.png 713w, https:\/\/revistahubclub.com.br\/portal\/wp-content\/uploads\/2025\/03\/Captura-de-tela-2025-03-06-065503-300x198.png 300w\" sizes=\"auto, (max-width: 713px) 100vw, 713px\" \/><\/figure>\n\n\n<p>O Parque do Sabi\u00e1, espa\u00e7o administrado pela Prefeitura de Uberl\u00e2ndia, recebe neste s\u00e1bado (8), a partir das 8h, a 4\u00aa edi\u00e7\u00e3o da Caminhada do Batom. O evento promovido pelo Movimento Marias de Minas, com apoio da Prefeitura de Uberl\u00e2ndia, por meio da Funda\u00e7\u00e3o Uberlandense do Turismo, Esporte e Lazer (Futel), tem como objetivo celebrar o m\u00eas da mulher. A programa\u00e7\u00e3o come\u00e7a \u00e0s 8h, com uma vasta programa\u00e7\u00e3o. As inscri\u00e7\u00f5es s\u00e3o gratuitas e podem ser feitas na plataforma Sympla, pelo endere\u00e7o&nbsp;<a rel=\"noreferrer noopener\" target=\"_blank\" href=\"http:\/\/bit.ly\/CaminhadaBatom\">bit.ly\/CaminhadaBatom<\/a>.&nbsp;<\/p>\n\n\n\n<p>Al\u00e9m da caminhada \u2013 com percurso entre o palco multiuso e o quiosque multiuso (ida e volta) \u2013, o evento ter\u00e1 mix dance, alongamento muscular, mesa de frutas, cuidados de sa\u00fade e beleza, distribui\u00e7\u00e3o de brindes e show com a banda Quinteto do Samba.&nbsp;<\/p>\n\n\n\n<p>As 1 mil primeiras pessoas inscritas receber\u00e3o uma camiseta do evento, com retirada pr\u00f3ximo \u00e0 portaria do bairro Tibery, antes da caminhada, a partir das 7h. A expectativa da organiza\u00e7\u00e3o \u00e9 que a 4\u00aa edi\u00e7\u00e3o da Caminhada do Batom re\u00fana mais de 7 mil participantes.&nbsp;<\/p>\n\n\n\n<p><strong>4\u00aa Caminhada do Batom<\/strong><\/p>\n\n\n\n<p>7h \u2013 Retirada de camisetas das 1.000 primeiras pessoas inscritas \u2013 Pr\u00f3ximo \u00e0 portaria do bairro Tibery<\/p>\n\n\n\n<p>8h \u2013 Mix Dance e alongamento \u2013 Palco multiuso<\/p>\n\n\n\n<p>8h \u2013 Mesa de frutas \u2013 Ponte da represa<\/p>\n\n\n\n<p>9h \u2013 Caminhada \u2013 Percurso do palco multiuso at\u00e9 o quiosque multiuso (ida e volta)<\/p>\n\n\n\n<p>10h30 \u2013 Show \u2013 Banda Quinteto do samba<\/p>\n","protected":false},"excerpt":{"rendered":"<p>O Parque do Sabi\u00e1, espa\u00e7o administrado pela Prefeitura de Uberl\u00e2ndia, recebe neste s\u00e1bado (8), a partir das 8h, a 4\u00aa edi\u00e7\u00e3o da Caminhada do Batom. O evento promovido pelo Movimento<\/p>\n","protected":false},"author":2,"featured_media":10591,"comment_status":"open","ping_status":"open","sticky":false,"template":"","format":"standard","meta":{"footnotes":""},"categories":[1],"tags":[237,236,238,138],"class_list":["post-10590","post","type-post","status-publish","format-standard","has-post-thumbnail","hentry","category-noticias","tag-batom","tag-caminhada","tag-mulheres","tag-parque-do-sabia"],"_links":{"self":[{"href":"https:\/\/revistahubclub.com.br\/portal\/wp-json\/wp\/v2\/posts\/10590","targetHints":{"allow":["GET"]}}],"collection":[{"href":"https:\/\/revistahubclub.com.br\/portal\/wp-json\/wp\/v2\/posts"}],"about":[{"href":"https:\/\/revistahubclub.com.br\/portal\/wp-json\/wp\/v2\/types\/post"}],"author":[{"embeddable":true,"href":"https:\/\/revistahubclub.com.br\/portal\/wp-json\/wp\/v2\/users\/2"}],"replies":[{"embeddable":true,"href":"https:\/\/revistahubclub.com.br\/portal\/wp-json\/wp\/v2\/comments?post=10590"}],"version-history":[{"count":1,"href":"https:\/\/revistahubclub.com.br\/portal\/wp-json\/wp\/v2\/posts\/10590\/revisions"}],"predecessor-version":[{"id":10592,"href":"https:\/\/revistahubclub.com.br\/portal\/wp-json\/wp\/v2\/posts\/10590\/revisions\/10592"}],"wp:featuredmedia":[{"embeddable":true,"href":"https:\/\/revistahubclub.com.br\/portal\/wp-json\/wp\/v2\/media\/10591"}],"wp:attachment":[{"href":"https:\/\/revistahubclub.com.br\/portal\/wp-json\/wp\/v2\/media?parent=10590"}],"wp:term":[{"taxonomy":"category","embeddable":true,"href":"https:\/\/revistahubclub.com.br\/portal\/wp-json\/wp\/v2\/categories?post=10590"},{"taxonomy":"post_tag","embeddable":true,"href":"https:\/\/revistahubclub.com.br\/portal\/wp-json\/wp\/v2\/tags?post=10590"}],"curies":[{"name":"wp","href":"https:\/\/api.w.org\/{rel}","templated":true}]}}