{"id":10624,"date":"2025-03-10T10:43:18","date_gmt":"2025-03-10T13:43:18","guid":{"rendered":"https:\/\/revistahubclub.com.br\/portal\/?p=10624"},"modified":"2025-03-10T10:43:18","modified_gmt":"2025-03-10T13:43:18","slug":"prefeitura-assina-nova-autorizacao-para-garantir-construcao-de-ao-menos-384-apartamentos-pelo-minha-casa-minha-vida-apos-desistencia-de-construtoras","status":"publish","type":"post","link":"https:\/\/revistahubclub.com.br\/portal\/2025\/03\/10\/prefeitura-assina-nova-autorizacao-para-garantir-construcao-de-ao-menos-384-apartamentos-pelo-minha-casa-minha-vida-apos-desistencia-de-construtoras\/","title":{"rendered":"Prefeitura assina nova autoriza\u00e7\u00e3o para garantir constru\u00e7\u00e3o de ao menos 384 apartamentos pelo Minha Casa, Minha Vida ap\u00f3s desist\u00eancia de construtoras"},"content":{"rendered":"\n<p>O prefeito Paulo S\u00e9rgio&nbsp;assinou, nesta sexta-feira (7),&nbsp;um aditivo&nbsp;garantindo&nbsp;nova autoriza\u00e7\u00e3ojunto \u00e0 Caixa&nbsp;para que 384 apartamentos vinculados a um&nbsp;\u00fanico&nbsp;empreendimento&nbsp;possam ser constru\u00eddos&nbsp;nos residenciais&nbsp;Place&nbsp;Tangar\u00e1 I e II,&nbsp;no&nbsp;bairro Jardim Ipanema, por meio&nbsp;do&nbsp;Minha Casa, Minha Vida&nbsp;\u2013 Faixa 1.&nbsp;At\u00e9 o momento,&nbsp;o&nbsp;empreendimento foi&nbsp;o \u00fanico&nbsp;a conseguir, dentre os&nbsp;1.364&nbsp;im\u00f3veis liberados pelo Minist\u00e9rio das&nbsp;Cidades&nbsp;para o programa federal e autorizados no ano passado pelo Munic\u00edpio,&nbsp;reajuste no financiamento&nbsp;oferecido pelo Governo Federal.<\/p>\n\n\n\n<p>Em 2024, ap\u00f3s a consolida\u00e7\u00e3o da permiss\u00e3o dos 1.364 apartamentos pela gest\u00e3o Odelmo Le\u00e3o e Paulo S\u00e9rgio, as construtoras autorizadas n\u00e3o iniciaram as obras&nbsp;dos residenciais&nbsp;liberados&nbsp;com o apontamento de que os&nbsp;valores que seriam repassados&nbsp;pelo banco p\u00fablico&nbsp;estariam&nbsp;desfasadospara concretiza\u00e7\u00e3o das&nbsp;constru\u00e7\u00f5es.&nbsp;<\/p>\n\n\n\n<p>A maior parte delas protocolou&nbsp;na Caixa a&nbsp;desist\u00eancia de participar do programa federal at\u00e9 o dia 31 de dezembro&nbsp;do ano passado. A HTLS, respons\u00e1vel pelos residenciais&nbsp;Place&nbsp;Tangar\u00e1, tamb\u00e9m chegou&nbsp;a&nbsp;formalizar desist\u00eancia neste ano.Entretanto, o Minist\u00e9rio&nbsp;deliberou&nbsp;pela&nbsp;readequa\u00e7\u00e3o de financiamento \u00e0 empresa, permitindo o aditivo assinado.<\/p>\n\n\n\n<p>Devido ao cen\u00e1rio, o prefeito Paulo S\u00e9rgio, ainda em janeiro,\u00a0se antecipou e enviou \u00e0 C\u00e2mara\u00a0projetos que criaram\u00a0a\u00a0Pol\u00edtica Municipal de Habita\u00e7\u00e3o de Interesse Social\u00a0e de\u00a0Facilidade de\u00a0Acesso \u00e0\u00a0Linha de\u00a0Financiamento\u00a0Habitacional. O intuito\u00a0foi\u00a0de propiciar\u00a0mecanismos para que o pr\u00f3prio Munic\u00edpio possa fomentar, com programas pr\u00f3prios\u00a0e recursos a partir da Faixa 2 do Minha Casa, Minha Vida, a constru\u00e7\u00e3o de habita\u00e7\u00f5es sociais.<br><strong><em>Prefeitura de Uberl\u00e2ndia<\/em><\/strong><\/p>\n\n\n\n<figure class=\"wp-block-image size-full\"><img loading=\"lazy\" decoding=\"async\" width=\"804\" height=\"387\" src=\"https:\/\/revistahubclub.com.br\/portal\/wp-content\/uploads\/2025\/03\/Captura-de-tela-2025-03-10-104158.png\" alt=\"\" class=\"wp-image-10626\" srcset=\"https:\/\/revistahubclub.com.br\/portal\/wp-content\/uploads\/2025\/03\/Captura-de-tela-2025-03-10-104158.png 804w, https:\/\/revistahubclub.com.br\/portal\/wp-content\/uploads\/2025\/03\/Captura-de-tela-2025-03-10-104158-300x144.png 300w, https:\/\/revistahubclub.com.br\/portal\/wp-content\/uploads\/2025\/03\/Captura-de-tela-2025-03-10-104158-768x370.png 768w\" sizes=\"auto, (max-width: 804px) 100vw, 804px\" \/><\/figure>\n","protected":false},"excerpt":{"rendered":"<p>O prefeito Paulo S\u00e9rgio&nbsp;assinou, nesta sexta-feira (7),&nbsp;um aditivo&nbsp;garantindo&nbsp;nova autoriza\u00e7\u00e3ojunto \u00e0 Caixa&nbsp;para que 384 apartamentos vinculados a um&nbsp;\u00fanico&nbsp;empreendimento&nbsp;possam ser constru\u00eddos&nbsp;nos residenciais&nbsp;Place&nbsp;Tangar\u00e1 I e II,&nbsp;no&nbsp;bairro Jardim Ipanema, por meio&nbsp;do&nbsp;Minha Casa, Minha Vida&nbsp;\u2013<\/p>\n","protected":false},"author":2,"featured_media":10625,"comment_status":"open","ping_status":"open","sticky":false,"template":"","format":"standard","meta":{"footnotes":""},"categories":[1],"tags":[253,255,254,27],"class_list":["post-10624","post","type-post","status-publish","format-standard","has-post-thumbnail","hentry","category-noticias","tag-casas","tag-construcao","tag-minha-casa-minha-vida","tag-uberlandia"],"_links":{"self":[{"href":"https:\/\/revistahubclub.com.br\/portal\/wp-json\/wp\/v2\/posts\/10624","targetHints":{"allow":["GET"]}}],"collection":[{"href":"https:\/\/revistahubclub.com.br\/portal\/wp-json\/wp\/v2\/posts"}],"about":[{"href":"https:\/\/revistahubclub.com.br\/portal\/wp-json\/wp\/v2\/types\/post"}],"author":[{"embeddable":true,"href":"https:\/\/revistahubclub.com.br\/portal\/wp-json\/wp\/v2\/users\/2"}],"replies":[{"embeddable":true,"href":"https:\/\/revistahubclub.com.br\/portal\/wp-json\/wp\/v2\/comments?post=10624"}],"version-history":[{"count":1,"href":"https:\/\/revistahubclub.com.br\/portal\/wp-json\/wp\/v2\/posts\/10624\/revisions"}],"predecessor-version":[{"id":10627,"href":"https:\/\/revistahubclub.com.br\/portal\/wp-json\/wp\/v2\/posts\/10624\/revisions\/10627"}],"wp:featuredmedia":[{"embeddable":true,"href":"https:\/\/revistahubclub.com.br\/portal\/wp-json\/wp\/v2\/media\/10625"}],"wp:attachment":[{"href":"https:\/\/revistahubclub.com.br\/portal\/wp-json\/wp\/v2\/media?parent=10624"}],"wp:term":[{"taxonomy":"category","embeddable":true,"href":"https:\/\/revistahubclub.com.br\/portal\/wp-json\/wp\/v2\/categories?post=10624"},{"taxonomy":"post_tag","embeddable":true,"href":"https:\/\/revistahubclub.com.br\/portal\/wp-json\/wp\/v2\/tags?post=10624"}],"curies":[{"name":"wp","href":"https:\/\/api.w.org\/{rel}","templated":true}]}}