{"id":10638,"date":"2025-03-11T11:40:23","date_gmt":"2025-03-11T14:40:23","guid":{"rendered":"https:\/\/revistahubclub.com.br\/portal\/?p=10638"},"modified":"2025-03-11T11:40:23","modified_gmt":"2025-03-11T14:40:23","slug":"secretario-estadual-de-saude-visita-uberlandia-e-recurso-para-combate-a-dengue-e-anunciado","status":"publish","type":"post","link":"https:\/\/revistahubclub.com.br\/portal\/2025\/03\/11\/secretario-estadual-de-saude-visita-uberlandia-e-recurso-para-combate-a-dengue-e-anunciado\/","title":{"rendered":"Secret\u00e1rio estadual de sa\u00fade visita Uberl\u00e2ndia e recurso para combate \u00e0 dengue \u00e9 anunciado"},"content":{"rendered":"\n<p>O prefeito de Uberl\u00e2ndia, Paulo S\u00e9rgio Ferreira, recebeu, nesta segunda-feira (10), a visita do secret\u00e1rio de Estado de Sa\u00fade de Minas Gerais, F\u00e1bio Baccheretti, em um encontro para discutir melhorias no setor de sa\u00fade na cidade. Durante o encontro, que aconteceu na sala de reuni\u00f5es do Centro Administrativo, foram abordados temas como investimentos para o combate ao mosquito Aedes Aegypti, o fortalecimento da rede de atendimento e as implanta\u00e7\u00f5es do Servi\u00e7o de Atendimento M\u00f3vel de Urg\u00eancia (Samu), das Unidades de Pronto Atendimento (UPA) e do Servi\u00e7o de Refer\u00eancia em Doen\u00e7as Raras.<\/p>\n\n\n\n<p>Ao lado do prefeito Paulo S\u00e9rgio, o secret\u00e1rio estadual de Sa\u00fade destacou a import\u00e2ncia da colabora\u00e7\u00e3o entre os governos municipal e estadual para enfrentar os desafios do sistema de sa\u00fade e anunciou a antecipa\u00e7\u00e3o dos recursos do combate \u00e0 dengue, no valor de R$ 900 mil. \u201cA uni\u00e3o entre estado e munic\u00edpio neste combate \u00e9 essencial para darmos uma resposta efetiva. Solicitamos R$ 1,4 milh\u00e3o, e o adiantamento dos R$ 900 mil vai contribuir com nosso trabalho, principalmente com o custeio das salas de hidrata\u00e7\u00e3o, que atualmente \u00e9 feito com recurso pr\u00f3prio, e ajudar com as a\u00e7\u00f5es de preven\u00e7\u00e3o e educativas\u201d, pontuou o prefeito de Uberl\u00e2ndia, Paulo S\u00e9rgio.<\/p>\n\n\n\n<p>Durante o encontro, tamb\u00e9m foram discutidos o fortalecimento da rede de atendimento e as implanta\u00e7\u00f5es do Servi\u00e7o de Atendimento M\u00f3vel de Urg\u00eancia (Samu) e das Unidades de Pronto Atendimento (UPA). De acordo com o secret\u00e1rio F\u00e1bio Baccheretti, se Uberl\u00e2ndia fizer parte do cons\u00f3rcio, al\u00e9m de receber o recurso, j\u00e1 que o estado custeia mais de 60% do servi\u00e7o, tamb\u00e9m melhorar\u00e1 o tempo de resposta nos atendimentos pr\u00e9-hospitalares.<\/p>\n\n\n\n<p>Recentemente, o prefeito Paulo S\u00e9rgio anunciou que autorizou a Secretaria Municipal de Sa\u00fade a&nbsp;iniciar estudo de viabilidade t\u00e9cnica&nbsp;para a implanta\u00e7\u00e3o dos servi\u00e7os em Uberl\u00e2ndia,&nbsp;sem que haja a descontinuidade de qualquer servi\u00e7o de sa\u00fade no munic\u00edpio. O secret\u00e1rio municipal de Sa\u00fade, Adenilson Lima, j\u00e1 recebeu o presidente do Cons\u00f3rcio P\u00fablico Intermunicipal de Sa\u00fade Rede de Urg\u00eancia e Emerg\u00eancia da Macrorregi\u00e3o do Tri\u00e2ngulo Norte (Cistri), Oscar Luis Feldner, e nesta semana receber\u00e1 a visita t\u00e9cnica do Minist\u00e9rio da Sa\u00fade para dar seguimento no estudo de viabiliza\u00e7\u00e3o.<\/p>\n\n\n\n<p>Al\u00e9m disso, tamb\u00e9m foi discutido a necessidade da cria\u00e7\u00e3o de um centro de refer\u00eancia de doen\u00e7as raras e a habilita\u00e7\u00e3o do Hospital de Cl\u00ednicas da Universidade Federal de Uberl\u00e2ndia (HC-UFU) para realiza\u00e7\u00e3o do servi\u00e7o. A habilita\u00e7\u00e3o garante que o munic\u00edpio receba os recursos espec\u00edficos para realizar o atendimento, bem como custeio das equipes e procedimentos de diagn\u00f3stico. Para o secret\u00e1rio de Estado de Sa\u00fade, F\u00e1bio Baccheretti, Minas Gerais \u00e9 o \u00fanico estado que oferece a testagem para mais de 60 doen\u00e7as e, por isso, precisa de uma rede mais forte para continuar garantindo o melhor tratamento e atendimento \u00e0s pessoas diagnosticadas, principalmente ainda nos primeiros dias de vida.<\/p>\n\n\n\n<p>No m\u00eas passado, o prefeito Paulo S\u00e9rgio e o secret\u00e1rio municipal de Sa\u00fade, Adenilson Lima, estiveram reunidos em Bras\u00edlia (DF) com o presidente da Empresa Brasileira de Servi\u00e7os Hospitalares (Ebserh), Arthur Chioro, para dar&nbsp;<a href=\"https:\/\/www.uberlandia.mg.gov.br\/2025\/02\/11\/prefeitura-debate-viabilizacao-de-um-centro-de-doencas-raras-em-uberlandia\/\" target=\"_blank\" rel=\"noreferrer noopener\">in\u00edcio \u00e0 discuss\u00e3o da habilita\u00e7\u00e3o.<\/a>&nbsp;\u201cA cria\u00e7\u00e3o de um Centro de Doen\u00e7as Raras em Uberl\u00e2ndia garante um suporte especializado e acess\u00edvel para os pacientes que precisam deste cuidado, que \u00e9 cont\u00ednuo. Temos na cidade estrutura e profissionais capacitados para colocar em funcionamento. Precisamos da habilita\u00e7\u00e3o para que seja poss\u00edvel\u201d, pontuou o secret\u00e1rio municipal de Sa\u00fade, Adenilson Lima.&nbsp;<\/p>\n\n\n<figure class=\"wp-block-post-featured-image\"><img loading=\"lazy\" decoding=\"async\" width=\"708\" height=\"472\" src=\"https:\/\/revistahubclub.com.br\/portal\/wp-content\/uploads\/2025\/03\/Captura-de-tela-2025-03-11-113748.png\" class=\"attachment-post-thumbnail size-post-thumbnail wp-post-image\" alt=\"\" style=\"object-fit:cover;\" srcset=\"https:\/\/revistahubclub.com.br\/portal\/wp-content\/uploads\/2025\/03\/Captura-de-tela-2025-03-11-113748.png 708w, https:\/\/revistahubclub.com.br\/portal\/wp-content\/uploads\/2025\/03\/Captura-de-tela-2025-03-11-113748-300x200.png 300w\" sizes=\"auto, (max-width: 708px) 100vw, 708px\" \/><\/figure>\n\n\n<p><strong><em>Prefeitura de Uberl\u00e2ndia<\/em><\/strong><\/p>\n","protected":false},"excerpt":{"rendered":"<p>O prefeito de Uberl\u00e2ndia, Paulo S\u00e9rgio Ferreira, recebeu, nesta segunda-feira (10), a visita do secret\u00e1rio de Estado de Sa\u00fade de Minas Gerais, F\u00e1bio Baccheretti, em um encontro para discutir melhorias<\/p>\n","protected":false},"author":2,"featured_media":10639,"comment_status":"open","ping_status":"open","sticky":false,"template":"","format":"standard","meta":{"footnotes":""},"categories":[1],"tags":[163,259,58,260,231,27],"class_list":["post-10638","post","type-post","status-publish","format-standard","has-post-thumbnail","hentry","category-noticias","tag-dengue","tag-fabio-baccheretti","tag-medico","tag-recursos","tag-saude","tag-uberlandia"],"_links":{"self":[{"href":"https:\/\/revistahubclub.com.br\/portal\/wp-json\/wp\/v2\/posts\/10638","targetHints":{"allow":["GET"]}}],"collection":[{"href":"https:\/\/revistahubclub.com.br\/portal\/wp-json\/wp\/v2\/posts"}],"about":[{"href":"https:\/\/revistahubclub.com.br\/portal\/wp-json\/wp\/v2\/types\/post"}],"author":[{"embeddable":true,"href":"https:\/\/revistahubclub.com.br\/portal\/wp-json\/wp\/v2\/users\/2"}],"replies":[{"embeddable":true,"href":"https:\/\/revistahubclub.com.br\/portal\/wp-json\/wp\/v2\/comments?post=10638"}],"version-history":[{"count":1,"href":"https:\/\/revistahubclub.com.br\/portal\/wp-json\/wp\/v2\/posts\/10638\/revisions"}],"predecessor-version":[{"id":10640,"href":"https:\/\/revistahubclub.com.br\/portal\/wp-json\/wp\/v2\/posts\/10638\/revisions\/10640"}],"wp:featuredmedia":[{"embeddable":true,"href":"https:\/\/revistahubclub.com.br\/portal\/wp-json\/wp\/v2\/media\/10639"}],"wp:attachment":[{"href":"https:\/\/revistahubclub.com.br\/portal\/wp-json\/wp\/v2\/media?parent=10638"}],"wp:term":[{"taxonomy":"category","embeddable":true,"href":"https:\/\/revistahubclub.com.br\/portal\/wp-json\/wp\/v2\/categories?post=10638"},{"taxonomy":"post_tag","embeddable":true,"href":"https:\/\/revistahubclub.com.br\/portal\/wp-json\/wp\/v2\/tags?post=10638"}],"curies":[{"name":"wp","href":"https:\/\/api.w.org\/{rel}","templated":true}]}}