{"id":10652,"date":"2025-03-12T16:18:35","date_gmt":"2025-03-12T19:18:35","guid":{"rendered":"https:\/\/revistahubclub.com.br\/portal\/?p=10652"},"modified":"2025-03-12T16:18:35","modified_gmt":"2025-03-12T19:18:35","slug":"fundacao-cdl-uberlandia-oferece-cursos-para-impulsionar-carreiras","status":"publish","type":"post","link":"https:\/\/revistahubclub.com.br\/portal\/2025\/03\/12\/fundacao-cdl-uberlandia-oferece-cursos-para-impulsionar-carreiras\/","title":{"rendered":"Funda\u00e7\u00e3o CDL Uberl\u00e2ndia oferece cursos para impulsionar carreiras\u00a0"},"content":{"rendered":"\n<p><\/p>\n\n\n\n<p>A Funda\u00e7\u00e3o CDL Uberl\u00e2ndia est\u00e1 com uma programa\u00e7\u00e3o especial de cursos para os meses de mar\u00e7o e abril, voltada ao desenvolvimento de profissionais que buscam aprimorar suas habilidades em gest\u00e3o, lideran\u00e7a e vendas. Entre as capacita\u00e7\u00f5es oferecidas, est\u00e1 o curso \u201cComo Transformar o RH Tradicional em \u00c1gil\u201d, que acontece entre os dias 17 e 19 de mar\u00e7o, com carga hor\u00e1ria de nove horas e ministrado pela psic\u00f3loga, Especialista em Gest\u00e3o Estrat\u00e9gica de Pessoas e em Design Instrucional para Conte\u00fados de Aprendizagem, Karla Zardini. A especialista tamb\u00e9m conduzir\u00e1 o curso \u201cLideran\u00e7a de Alta Performance\u201d, programado para os dias 24 a 26 de mar\u00e7o, proporcionando aos participantes estrat\u00e9gias eficazes para a gest\u00e3o de equipes e o desenvolvimento de lideran\u00e7as.&nbsp;<\/p>\n\n\n\n<p>Para aqueles que desejam potencializar suas habilidades comerciais, o \u201cWorkshop Vendas\u201d ser\u00e1 realizado no dia 1\u00ba de abril, sob a orienta\u00e7\u00e3o de Marcus Vin\u00edcius, que \u00e9 graduado em Marketing, com MBA em Gest\u00e3o Empresarial. Ele possui especializa\u00e7\u00f5es em Marketing Digital, Publicidade, Branding e Comunica\u00e7\u00e3o Digital. Com dura\u00e7\u00e3o de tr\u00eas horas, a capacita\u00e7\u00e3o trar\u00e1 orienta\u00e7\u00f5es pr\u00e1ticas para impulsionar resultados e melhorar a abordagem no mercado.&nbsp;<\/p>\n\n\n\n<p>Dando continuidade \u00e0 programa\u00e7\u00e3o, entre os dias 7 e 9 de abril, Marcus Vin\u00edcius ainda ministrar\u00e1 o curso \u201cVenda Melhor \u2013 Ferramentas B\u00e1sicas para Tirar Suas Vendas do Zero\u201d, com carga hor\u00e1ria de nove horas, voltado a profissionais que desejam desenvolver t\u00e9cnicas essenciais para aumentar suas vendas. J\u00e1 entre os dias 28 e 30 de abril, ele retorna com a capacita\u00e7\u00e3o \u201cEspecialista de Vendas \u2013 Ferramentas e M\u00e9todos Campe\u00f5es do Comercial!\u201d, um curso avan\u00e7ado que apresenta estrat\u00e9gias para otimizar processos comerciais e elevar a performance dos participantes. Todos os cursos ser\u00e3o realizados na CDL Uberl\u00e2ndia.&nbsp; &nbsp;<\/p>\n\n\n\n<p>As inscri\u00e7\u00f5es j\u00e1 est\u00e3o abertas pelo site <a href=\"https:\/\/chatgpt.com\/c\/www.cdludi.org.br\" target=\"_blank\" rel=\"noreferrer noopener\">www.cdludi.org.br<\/a>.<\/p>\n\n\n<figure class=\"wp-block-post-featured-image\"><img loading=\"lazy\" decoding=\"async\" width=\"2560\" height=\"1707\" src=\"https:\/\/revistahubclub.com.br\/portal\/wp-content\/uploads\/2025\/03\/emprego-no-escritorio-scaled.jpg\" class=\"attachment-post-thumbnail size-post-thumbnail wp-post-image\" alt=\"\" style=\"object-fit:cover;\" srcset=\"https:\/\/revistahubclub.com.br\/portal\/wp-content\/uploads\/2025\/03\/emprego-no-escritorio-scaled.jpg 2560w, https:\/\/revistahubclub.com.br\/portal\/wp-content\/uploads\/2025\/03\/emprego-no-escritorio-300x200.jpg 300w, https:\/\/revistahubclub.com.br\/portal\/wp-content\/uploads\/2025\/03\/emprego-no-escritorio-1024x683.jpg 1024w, https:\/\/revistahubclub.com.br\/portal\/wp-content\/uploads\/2025\/03\/emprego-no-escritorio-768x512.jpg 768w, https:\/\/revistahubclub.com.br\/portal\/wp-content\/uploads\/2025\/03\/emprego-no-escritorio-1536x1024.jpg 1536w, https:\/\/revistahubclub.com.br\/portal\/wp-content\/uploads\/2025\/03\/emprego-no-escritorio-2048x1365.jpg 2048w, https:\/\/revistahubclub.com.br\/portal\/wp-content\/uploads\/2025\/03\/emprego-no-escritorio-900x600.jpg 900w\" sizes=\"auto, (max-width: 2560px) 100vw, 2560px\" \/><\/figure>","protected":false},"excerpt":{"rendered":"<p>A Funda\u00e7\u00e3o CDL Uberl\u00e2ndia est\u00e1 com uma programa\u00e7\u00e3o especial de cursos para os meses de mar\u00e7o e abril, voltada ao desenvolvimento de profissionais que buscam aprimorar suas habilidades em gest\u00e3o,<\/p>\n","protected":false},"author":2,"featured_media":10653,"comment_status":"open","ping_status":"open","sticky":false,"template":"","format":"standard","meta":{"footnotes":""},"categories":[1],"tags":[],"class_list":["post-10652","post","type-post","status-publish","format-standard","has-post-thumbnail","hentry","category-noticias"],"_links":{"self":[{"href":"https:\/\/revistahubclub.com.br\/portal\/wp-json\/wp\/v2\/posts\/10652","targetHints":{"allow":["GET"]}}],"collection":[{"href":"https:\/\/revistahubclub.com.br\/portal\/wp-json\/wp\/v2\/posts"}],"about":[{"href":"https:\/\/revistahubclub.com.br\/portal\/wp-json\/wp\/v2\/types\/post"}],"author":[{"embeddable":true,"href":"https:\/\/revistahubclub.com.br\/portal\/wp-json\/wp\/v2\/users\/2"}],"replies":[{"embeddable":true,"href":"https:\/\/revistahubclub.com.br\/portal\/wp-json\/wp\/v2\/comments?post=10652"}],"version-history":[{"count":1,"href":"https:\/\/revistahubclub.com.br\/portal\/wp-json\/wp\/v2\/posts\/10652\/revisions"}],"predecessor-version":[{"id":10654,"href":"https:\/\/revistahubclub.com.br\/portal\/wp-json\/wp\/v2\/posts\/10652\/revisions\/10654"}],"wp:featuredmedia":[{"embeddable":true,"href":"https:\/\/revistahubclub.com.br\/portal\/wp-json\/wp\/v2\/media\/10653"}],"wp:attachment":[{"href":"https:\/\/revistahubclub.com.br\/portal\/wp-json\/wp\/v2\/media?parent=10652"}],"wp:term":[{"taxonomy":"category","embeddable":true,"href":"https:\/\/revistahubclub.com.br\/portal\/wp-json\/wp\/v2\/categories?post=10652"},{"taxonomy":"post_tag","embeddable":true,"href":"https:\/\/revistahubclub.com.br\/portal\/wp-json\/wp\/v2\/tags?post=10652"}],"curies":[{"name":"wp","href":"https:\/\/api.w.org\/{rel}","templated":true}]}}