{"id":10722,"date":"2025-03-20T06:22:00","date_gmt":"2025-03-20T09:22:00","guid":{"rendered":"https:\/\/revistahubclub.com.br\/portal\/?p=10722"},"modified":"2025-03-14T10:25:03","modified_gmt":"2025-03-14T13:25:03","slug":"empresario-gestor-prefeito-paulo-sergio-ferreira-fala-sobre-o-futuro-de-uberlandia","status":"publish","type":"post","link":"https:\/\/revistahubclub.com.br\/portal\/2025\/03\/20\/empresario-gestor-prefeito-paulo-sergio-ferreira-fala-sobre-o-futuro-de-uberlandia\/","title":{"rendered":"Empres\u00e1rio, gestor, prefeito &#8211; Paulo Sergio Ferreira fala sobre o futuro de Uberl\u00e2ndia"},"content":{"rendered":"\n<p>O empres\u00e1rio Paulo Sergio Ferreira, rec\u00e9m-eleito prefeito de Uberl\u00e2ndia, inicia uma nova fase em sua trajet\u00f3ria p\u00fablica com grandes expectativas e compromissos assumidos perante a popula\u00e7\u00e3o. Com grande experi\u00eancia na gest\u00e3o empresarial, ele traz para a pol\u00edtica uma vis\u00e3o inovadora e pragm\u00e1tica, com foco em resultados e transpar\u00eancia.<\/p>\n\n\n\n<p>Nesta entrevista exclusiva para a revista Hub Club, voc\u00ea vai conhecer melhor o perfil do novo prefeito, suas principais propostas para Uberl\u00e2ndia, como pretende enfrentar os desafios da administra\u00e7\u00e3o p\u00fablica e quais s\u00e3o suas prioridades para os pr\u00f3ximos quatro anos.<\/p>\n\n\n\n<p>Depois de sua experi\u00eancia como secret\u00e1rio e vice-prefeito, quais aprendizados voc\u00ea leva para sua gest\u00e3o como prefeito?<br>Estar na administra\u00e7\u00e3o p\u00fablica \u00e9 uma responsabilidade muito grande e, ao mesmo tempo, gratificante. S\u00e3o mais de 20 anos na vida p\u00fablica. Na condi\u00e7\u00e3o de prefeito, representante maior do munic\u00edpio, tenho buscado um trabalho conjunto entre todas as secretarias e autarquias para que possamos alcan\u00e7ar resultados mais efetivos e de forma harm\u00f4nica em todos os setores. Ao longo desses anos, aprendi que uma boa jornada s\u00f3 \u00e9 poss\u00edvel se constru\u00edda com a uni\u00e3o de esfor\u00e7os. Nosso objetivo \u00e9 gerar qualidade de vida com benef\u00edcios a todas as pessoas e a toda Uberl\u00e2ndia.<\/p>\n\n\n\n<p>Uberl\u00e2ndia \u00e9 a segunda maior cidade de Minas Gerais e uma das melhores do Brasil em qualidade de vida. Como sua gest\u00e3o pretende manter e at\u00e9 mesmo melhorar esse status?<br>Esse \u00e9 um trabalho que vem sendo estruturado desde 2017, quando assumi a Prefeitura de Uberl\u00e2ndia como vice e ao lado do prefeito Odelmo Le\u00e3o. A cidade vivia uma realidade complexa. Depois de muito trabalho, conseguimos fazer com que os servi\u00e7os b\u00e1sicos voltassem a ser oferecidos com dignidade \u00e0 popula\u00e7\u00e3o. Hoje, somos a 4\u00aa melhor cidade para se viver no pa\u00eds, segundo o ranking \u201cDesafios das Gest\u00e3o Municipal\u201d (DGM) da Macroplan. Mas n\u00e3o nos damos por satisfeitos, pois sabemos que os desafios s\u00e3o grandes e vamos continuar trabalhando para seguir oferecendo oportunidades e condi\u00e7\u00f5es necess\u00e1rias para que todos possam viver bem na nossa cidade.<\/p>\n\n\n\n<p>Quais ser\u00e3o as prioridades do seu mandato nos primeiros 100 dias?<br>J\u00e1 temos feito muito nesses primeiros dias de governo. Consolidamos rapidamente a implanta\u00e7\u00e3o da Tarifa Zero no transporte p\u00fablico para todos os estudantes. Prospectamos e anunciamos novos investimentos privados, que gerar\u00e3o emprego e renda. Anunciamos mutir\u00f5es na Sa\u00fade, como o de oftalmologia, bem como a\u00e7\u00f5es diversas para o enfrentamento \u00e0 Dengue. Al\u00e9m disso, implementamos em definitivo o sistema de Defesa Civil Alerta nacional em Uberl\u00e2ndia. S\u00e3o s\u00f3 exemplos e n\u00e3o vamos parar por a\u00ed. At\u00e9 a concretiza\u00e7\u00e3o dos 100 primeiros dias de governo, ainda vamos anunciar novidades e, sobretudo, o que sempre foi um compromisso meu, estamos trabalhando para entregar e inaugurar obras de mobilidade urbana e de saneamento que j\u00e1 estavam em andamento, como a trincheira da Afonso Pena, a ponte do Taiaman e o Centro de Reserva\u00e7\u00e3o do S\u00e3o Jorge, por exemplo. Na Educa\u00e7\u00e3o, uma \u00e1rea que temos de manter a aten\u00e7\u00e3o redobrada, pois \u00e9 um diferencial na transforma\u00e7\u00e3o de vidas e tamb\u00e9m na competitividade da cidade, conseguimos iniciar o ano letivo j\u00e1 distribuindo os uniformes e kits escolares j\u00e1 nos primeiros dias de aula. Nessa \u00e1rea ampliamos o ensino integral de uma para cinco escolas ainda dentro do primeiro bimestre letivo.<br>Uberl\u00e2ndia j\u00e1 se consolidou como um dos principais polos de neg\u00f3cios do Brasil. Quais as estrat\u00e9gias para atrair ainda mais empresas e investimentos para a cidade?<br>Nosso foco est\u00e1 no estimulo cada vez maior ao ambiente prop\u00edcio, que estimule o crescimento econ\u00f4mico e a gera\u00e7\u00e3o de emprego e renda \u00e0s pessoas. Vamos trabalhar no sentido de criar incentivos \u00e0 inova\u00e7\u00e3o e \u00e0 competitividade. Seremos facilitadores para a abertura de novos empreendimentos e neg\u00f3cios em nosso munic\u00edpio. Todos ter\u00e3o oportunidade e apoio da administra\u00e7\u00e3o municipal para exercerem suas atividades. Al\u00e9m disso, vamos atuar de forma intensa na prospec\u00e7\u00e3o, com aux\u00edlio da Secretaria Municipal de Desenvolvimento Econ\u00f4mico, e tamb\u00e9m com viagens estrat\u00e9gicas.<\/p>\n\n\n\n<p>O setor de tecnologia e inova\u00e7\u00e3o tem crescido na cidade, com iniciativas como o UberHub. Como a sua gest\u00e3o vai apoiar startups e fomentar a economia digital?<br>Um dos compromissos firmados pela nossa gest\u00e3o \u00e9 o de fortalecer o ecossistema de inova\u00e7\u00e3o de Uberl\u00e2ndia. Queremos fazer isso unindo empresas de tecnologia e startups para favorecer a economia criativa. Estabeleceremos parcerias e apoiaremos empresas de tecnologia e startups para favorecer a realiza\u00e7\u00e3o de eventos. Vamos tamb\u00e9m continuar com implementa\u00e7\u00e3o do Polo Tecnol\u00f3gico Sul, cujas primeiras empresas j\u00e1 est\u00e3o construindo suas sedes.<\/p>\n\n\n\n<p>Quais incentivos fiscais ou estruturais est\u00e3o nos seus planos para fortalecer a ind\u00fastria, o com\u00e9rcio e o setor de servi\u00e7os locais?<br>Nosso principal foco \u00e9 promover os atributos j\u00e1 conhecidos do Munic\u00edpio, como cidade com infraestrutura, saneamento para todos, f\u00e1cil acesso \u00e0 sa\u00fade e educa\u00e7\u00e3o, bem como facilitadora para todos que querem aqui empreender ou trabalhar. Muitas vezes, s\u00e3o essas caracter\u00edsticas que definem os planos de investimento ou expans\u00e3o de empresas, e n\u00e3o a quest\u00e3o tribut\u00e1ria, que deve ser vista caso a caso.<\/p>\n\n\n\n<p>Para sustentar o crescimento dos neg\u00f3cios, a infraestrutura \u00e9 essencial. Quais projetos est\u00e3o nos planos para melhorar a mobilidade urbana e a log\u00edstica?<br>Seguiremos investindo na infraestrutura urbana ligada \u00e0 mobilidade urbana. Hoje, temos a segunda maior frota de ve\u00edculos do estado de Minas Gerais. As obras de mobilidade urbana s\u00e3o fundamentais, precisamos nos adequar \u00e0 nova realidade do tr\u00e1fego gerada pelo crescimento exponencial da cidade e popula\u00e7\u00e3o. Vamos qualificar as a\u00e7\u00f5es e servi\u00e7os de sinaliza\u00e7\u00e3o de tr\u00e2nsito (vertical e horizontal), em todas as regi\u00f5es. Implantar mais tecnologia e seguran\u00e7a no tr\u00e2nsito com a conclus\u00e3o da instala\u00e7\u00e3o de fibra \u00f3tica em toda a rede semaf\u00f3rica, com c\u00e2meras de intelig\u00eancia artificial em sem\u00e1foros, controlando o tempo de abertura e fechamento com mais seguran\u00e7a e efici\u00eancia. Ampliaremos as a\u00e7\u00f5es educativas nas escolas e de conscientiza\u00e7\u00e3o com foco no respeito e cultura de paz no tr\u00e2nsito. Por fim, vamos entregar as obras de mobilidade que iniciamos na gest\u00e3o Odelmo e Paulo S\u00e9rgio, como a trincheira da Afonso Pena, da Haia e ponte do Taiaman, por exemplo, al\u00e9m de buscarmos outras possibilidades de continuarmos investindo em obras para eliminar gargalos.<\/p>\n\n\n\n<p>H\u00e1 planos de novas obras para o Distrito Industrial ou outros polos de desenvolvimento econ\u00f4mico?<br>Vamos trabalhar para readequar o Distrito Industrial. Est\u00e3o entre as nossas propostas estabelecer parcerias com a entidades como a UNEDI, ACIUB, FIEMG e CODEMGE para firmarmos a\u00e7\u00f5es que possam favorecer a infraestrutura, log\u00edstica e seguran\u00e7a, atraindo mais investimentos privados para a gera\u00e7\u00e3o de novos empregos.<\/p>\n\n\n\n<p>A quest\u00e3o do transporte p\u00fablico \u00e9 frequentemente discutida como um gargalo para a m\u00e3o de obra. Existe algum projeto de melhoria previsto para o sistema de transporte coletivo?<br>Estamos atentos \u00e0s necessidades e demandas apresentadas pelos usu\u00e1rios do transporte p\u00fablico em nossa cidade. Uma das primeiras a\u00e7\u00f5es do nosso governo foi implementar a Tarifa Zero para todos os estudantes do munic\u00edpio. Temos viabilizado novas frotas de \u00f4nibus, equipados com ar-condicionado para possibilitar mais conforto aos passageiros. Estamos estudando a implementa\u00e7\u00e3o do programa de integra\u00e7\u00e3o temporal nos \u00f4nibus, permitindo aos usu\u00e1rios a troca de linha, fora dos terminais, sem pagar outra passagem por per\u00edodo. Implantaremos internet gratuita em 100% da frota e tamb\u00e9m temos o intuito de criar um programa de integra\u00e7\u00e3o por modal, envolvendo \u00f4nibus e ciclovia. Promoveremos, ainda, a instala\u00e7\u00e3o de c\u00e2meras nos \u00f4nibus para aumentar a seguran\u00e7a dos passageiros.<\/p>\n\n\n\n<p>O crescimento econ\u00f4mico precisa estar alinhado com a sustentabilidade. Como sua gest\u00e3o pretende equilibrar o desenvolvimento urbano com a preserva\u00e7\u00e3o ambiental?<br>Pensar num futuro pr\u00f3spero passa diretamente pelas a\u00e7\u00f5es e cuidados que adotamos com o meio ambiente. A quest\u00e3o da sustentabilidade ser\u00e1 uma das prioridades da nossa gest\u00e3o. Entre as metas previstas est\u00e3o a implanta\u00e7\u00e3o de projeto para garantir esgoto tratado diante da expans\u00e3o da cidade at\u00e9 2060, o desenvolvimento do Plano Municipal de Drenagem para combater o impacto das mudan\u00e7as clim\u00e1ticas e alagamentos, a cria\u00e7\u00e3o do Plano Municipal de Arboriza\u00e7\u00e3o e do Selo Verde, que ser\u00e1 fornecido \u00e0queles que desenvolverem a\u00e7\u00f5es de preserva\u00e7\u00e3o ambiental em nosso munic\u00edpio, sejam pessoas f\u00edsicas ou jur\u00eddicas.<\/p>\n\n\n\n<p>Com a expans\u00e3o da cidade, como voc\u00ea planeja garantir que os novos empreendimentos sejam ordenados e respeitem as necessidades de mobilidade, saneamento e qualidade de vida?<br>Por meio da revis\u00e3o do Plano Diretor, que foi, em discuss\u00e3o ampla com a popula\u00e7\u00e3o, totalmente modernizado durante o ano de 2024, conduzido pela Secretaria Municipal de Planejamento Urbano. Em breve, enviaremos o projeto de lei que prev\u00ea a aprova\u00e7\u00e3o dessa revis\u00e3o \u00e0 aprecia\u00e7\u00e3o dos vereadores na C\u00e2mara Municipal. Assim que o fizermos, for apreciado e aprovado, teremos um arcabou\u00e7o legal extremamente l\u00facido em rela\u00e7\u00e3o \u00e0s necessidades da cidade e parametrizado com tudo que se espera mundialmente de uma cidade que tem de se desenvolver com sustentabilidade.<br>Um dos grandes desafios de empresas \u00e9 encontrar m\u00e3o de obra qualificada. Como sua gest\u00e3o pretende trabalhar para formar profissionais preparados para as demandas do mercado local?<br>Continuaremos oferecendo e qualificando os cursos profissionalizantes em nossa cidade. Ampliaremos os cursos profissionalizantes, com abertura de novas unidades e novos cursos, sobretudo, na \u00e1rea de tecnologia para atrair os jovens. Por meio da unidade local do Sine, que agora est\u00e1 em nova sede, no centro da cidade, promovemos o acesso a diversas vagas de emprego \u00e0 nossa popula\u00e7\u00e3o. Vamos continuar oferecendo a estrutura adequada para atender a todos que buscam por oportunidades no mercado de trabalho.<\/p>\n\n\n\n<p>Quais ser\u00e3o as iniciativas para incentivar jovens empreendedores e apoiar pequenos neg\u00f3cios?<br>Promoveremos a\u00e7\u00f5es de educa\u00e7\u00e3o empreendedora e financeira para nossas crian\u00e7as e jovens. Para o p\u00fablico feminino, especificamente, implantaremos programas de fomento ao empreendedorismo, tanto na cidade quanto no campo, com a\u00e7\u00f5es de qualifica\u00e7\u00e3o profissional e apoio para gera\u00e7\u00e3o de renda, sobretudo, para mulheres em situa\u00e7\u00e3o de risco ou v\u00edtimas de viol\u00eancia. Vamos aprimorar o apoio ao microempreendedor, fomentando parcerias para presta\u00e7\u00e3o de servi\u00e7os como assessorias para abertura de empresas, \u00e1rea cont\u00e1bil, marketing e gest\u00e3o do neg\u00f3cio. Tudo isso, sem deixar de lado a realiza\u00e7\u00e3o do Mega Feir\u00e3o de Empregos, que j\u00e1 se tornou um marco em nossa cidade na oferta de oportunidades para quem busca um emprego.<\/p>\n\n\n\n<p>Sendo voc\u00ea oriundo do setor empresarial, como pretende construir uma ponte entre a gest\u00e3o p\u00fablica e os empres\u00e1rios da cidade?<br>Continuarei trabalhando, neste sentido, da forma que sempre trabalhei: dialogando e articulando com todos. Esse trabalho contribuiu para que Uberl\u00e2ndia fosse reconhecida como cidade acolhedora e como uma das melhores pra se viver do Brasil. Al\u00e9m disso, daremos sequ\u00eancia ao processo de aprimoramento e digitaliza\u00e7\u00e3o dos servi\u00e7os e processos da Prefeitura, com objetivo de facilitar cada vez mais para todos.<\/p>\n\n\n\n<p>Como voc\u00ea enxerga Uberl\u00e2ndia ao final de sua gest\u00e3o? Qual \u00e9 o legado que voc\u00ea gostaria de deixar para a cidade?<br>Um lugar ainda melhor para se viver, empreender e ter qualidade de vida. Uberl\u00e2ndia \u00e9 um polo log\u00edstico e econ\u00f4mico, que \u00e9 refer\u00eancia para muitas pessoas que buscam melhores oportunidades e crescimento. Quando voc\u00ea pensa ou fala em Uberl\u00e2ndia, desenvolvimento \u00e9 a defini\u00e7\u00e3o que vem \u00e0 mente de todos. Trabalharemos muito para continuar construindo uma cidade rica sob todos os aspectos, sejam eles culturais, econ\u00f4micos ou sociais. Pretendo deixar um legado de trabalho e de resultados que impactem positivamente na vida de todos.<\/p>\n\n\n\n<p>Qual sua mensagem para os empres\u00e1rios e investidores que veem Uberl\u00e2ndia como uma terra de oportunidades?<br>Quero que todos saibam que podem contar com o apoio da Prefeitura de Uberl\u00e2ndia no que precisarem e pudermos contribuir. Seremos sempre um agente facilitador para que novos neg\u00f3cios possam chegar e prosperar em nossa cidade. Estamos abertos a todos. Invista, empreenda e more em Uberl\u00e2ndia!<\/p>\n\n\n<figure class=\"wp-block-post-featured-image\"><img loading=\"lazy\" decoding=\"async\" width=\"458\" height=\"398\" src=\"https:\/\/revistahubclub.com.br\/portal\/wp-content\/uploads\/2025\/03\/Captura-de-tela-2025-03-14-102321.png\" class=\"attachment-post-thumbnail size-post-thumbnail wp-post-image\" alt=\"\" style=\"object-fit:cover;\" srcset=\"https:\/\/revistahubclub.com.br\/portal\/wp-content\/uploads\/2025\/03\/Captura-de-tela-2025-03-14-102321.png 458w, https:\/\/revistahubclub.com.br\/portal\/wp-content\/uploads\/2025\/03\/Captura-de-tela-2025-03-14-102321-300x261.png 300w\" sizes=\"auto, (max-width: 458px) 100vw, 458px\" \/><\/figure>","protected":false},"excerpt":{"rendered":"<p>O empres\u00e1rio Paulo Sergio Ferreira, rec\u00e9m-eleito prefeito de Uberl\u00e2ndia, inicia uma nova fase em sua trajet\u00f3ria p\u00fablica com grandes expectativas e compromissos assumidos perante a popula\u00e7\u00e3o. Com grande experi\u00eancia na<\/p>\n","protected":false},"author":2,"featured_media":10723,"comment_status":"open","ping_status":"open","sticky":false,"template":"","format":"standard","meta":{"footnotes":""},"categories":[1],"tags":[285,286,284,283,27],"class_list":["post-10722","post","type-post","status-publish","format-standard","has-post-thumbnail","hentry","category-noticias","tag-entrevista","tag-exclusiva-hub-club","tag-paulo-sergio-ferreira","tag-prefeito","tag-uberlandia"],"_links":{"self":[{"href":"https:\/\/revistahubclub.com.br\/portal\/wp-json\/wp\/v2\/posts\/10722","targetHints":{"allow":["GET"]}}],"collection":[{"href":"https:\/\/revistahubclub.com.br\/portal\/wp-json\/wp\/v2\/posts"}],"about":[{"href":"https:\/\/revistahubclub.com.br\/portal\/wp-json\/wp\/v2\/types\/post"}],"author":[{"embeddable":true,"href":"https:\/\/revistahubclub.com.br\/portal\/wp-json\/wp\/v2\/users\/2"}],"replies":[{"embeddable":true,"href":"https:\/\/revistahubclub.com.br\/portal\/wp-json\/wp\/v2\/comments?post=10722"}],"version-history":[{"count":1,"href":"https:\/\/revistahubclub.com.br\/portal\/wp-json\/wp\/v2\/posts\/10722\/revisions"}],"predecessor-version":[{"id":10724,"href":"https:\/\/revistahubclub.com.br\/portal\/wp-json\/wp\/v2\/posts\/10722\/revisions\/10724"}],"wp:featuredmedia":[{"embeddable":true,"href":"https:\/\/revistahubclub.com.br\/portal\/wp-json\/wp\/v2\/media\/10723"}],"wp:attachment":[{"href":"https:\/\/revistahubclub.com.br\/portal\/wp-json\/wp\/v2\/media?parent=10722"}],"wp:term":[{"taxonomy":"category","embeddable":true,"href":"https:\/\/revistahubclub.com.br\/portal\/wp-json\/wp\/v2\/categories?post=10722"},{"taxonomy":"post_tag","embeddable":true,"href":"https:\/\/revistahubclub.com.br\/portal\/wp-json\/wp\/v2\/tags?post=10722"}],"curies":[{"name":"wp","href":"https:\/\/api.w.org\/{rel}","templated":true}]}}