{"id":10781,"date":"2025-03-26T11:40:16","date_gmt":"2025-03-26T14:40:16","guid":{"rendered":"https:\/\/revistahubclub.com.br\/portal\/?p=10781"},"modified":"2025-03-26T11:40:16","modified_gmt":"2025-03-26T14:40:16","slug":"femec-2025-traz-o-tema-inteligencia-artificial-no-campo-conectando-voce-a-produtividade","status":"publish","type":"post","link":"https:\/\/revistahubclub.com.br\/portal\/2025\/03\/26\/femec-2025-traz-o-tema-inteligencia-artificial-no-campo-conectando-voce-a-produtividade\/","title":{"rendered":"Femec 2025 traz o tema Intelig\u00eancia Artificial no Campo: Conectando voc\u00ea \u00e0 produtividade"},"content":{"rendered":"\n<p><\/p>\n\n\n\n<p>A Femec 2025 \u2013 Feira do Agroneg\u00f3cio Mineiro \u2013 ocorrer\u00e1 de 31 de mar\u00e7o a 4 de abril no Parque de Exposi\u00e7\u00f5es Camaru, em Uberl\u00e2ndia, MG. Promovida pelo Sindicato Rural de Uberl\u00e2ndia, com patroc\u00ednio da CAIXA e do Governo Federal, a feira se destaca como uma das maiores plataformas de neg\u00f3cios agropecu\u00e1rios do Brasil, com um hist\u00f3rico de crescimento not\u00e1vel.<\/p>\n\n\n\n<h4 class=\"wp-block-heading\">Tem\u00e1tica e Atra\u00e7\u00f5es<\/h4>\n\n\n\n<p>O tema central da Femec 2025 ser\u00e1 &#8220;Intelig\u00eancia Artificial no Campo&#8221;, evidenciando como a tecnologia est\u00e1 revolucionando a agricultura e a pecu\u00e1ria. A programa\u00e7\u00e3o incluir\u00e1:<\/p>\n\n\n\n<ul class=\"wp-block-list\">\n<li><strong>Abertura Oficial<\/strong>: 31 de mar\u00e7o, \u00e0s 10h.<\/li>\n\n\n\n<li><strong>Campos de Sementes e Insumos<\/strong>: \u00c1rea de 10 mil m\u00b2 apresentando mais de 20 tecnologias em sementes e insumos, com plantio iniciado em dezembro para exibi\u00e7\u00e3o em est\u00e1gio avan\u00e7ado.<\/li>\n<\/ul>\n\n\n\n<h4 class=\"wp-block-heading\">Exposi\u00e7\u00f5es e Eventos<\/h4>\n\n\n\n<ul class=\"wp-block-list\">\n<li><strong>Exposi\u00e7\u00e3o da Ra\u00e7a Gir Leiteiro<\/strong>: De 31 de mar\u00e7o a 4 de abril, incluindo o Torneio Leiteiro com premia\u00e7\u00e3o de R$ 20 mil.<\/li>\n\n\n\n<li><strong>Exposi\u00e7\u00e3o da Ra\u00e7a Nelore<\/strong>: Tamb\u00e9m de 31 de mar\u00e7o a 4 de abril, destacando gen\u00e9tica de corte e leite.<\/li>\n\n\n\n<li><strong>Arena de M\u00e1quinas e Equipamentos Agr\u00edcolas<\/strong>: Demonstra\u00e7\u00f5es de m\u00e1quinas de \u00faltima gera\u00e7\u00e3o.<\/li>\n\n\n\n<li><strong>Arena Automotiva<\/strong>: Lan\u00e7amentos de ve\u00edculos utilit\u00e1rios e de passeio.<\/li>\n<\/ul>\n\n\n\n<h4 class=\"wp-block-heading\">Programa\u00e7\u00e3o T\u00e9cnica<\/h4>\n\n\n\n<p>Diversos semin\u00e1rios e f\u00f3runs sobre inova\u00e7\u00e3o e gest\u00e3o no agro, incluindo:<\/p>\n\n\n\n<ul class=\"wp-block-list\">\n<li><strong>Semin\u00e1rio de Intelig\u00eancia Artificial no Agro<\/strong>: 1\u00ba de abril, \u00e0s 16h.<\/li>\n\n\n\n<li><strong>F\u00f3rum ADM &amp; Produtores<\/strong>: 2 de abril, \u00e0s 10h.<\/li>\n\n\n\n<li><strong>Semin\u00e1rio de Produtividade Agr\u00edcola<\/strong>: 2 de abril, \u00e0s 14h.<\/li>\n\n\n\n<li><strong>5\u00ba Encontro de Mulheres Mineiras do Agroneg\u00f3cio<\/strong>: 3 de abril, \u00e0s 16h, com palestras e simula\u00e7\u00f5es de negocia\u00e7\u00e3o.<\/li>\n<\/ul>\n\n\n\n<h4 class=\"wp-block-heading\">Capacita\u00e7\u00e3o e Networking<\/h4>\n\n\n\n<ul class=\"wp-block-list\">\n<li>Cursos gratuitos oferecidos pelo Sistema FAEMG-SENAR sobre tecnologias agr\u00edcolas, gest\u00e3o e produ\u00e7\u00e3o.<\/li>\n\n\n\n<li>Atividades da Prefeitura de Uberl\u00e2ndia, incluindo rodas de conversa e apresenta\u00e7\u00f5es de startups.<\/li>\n<\/ul>\n\n\n\n<h4 class=\"wp-block-heading\">Expectativas de Crescimento<\/h4>\n\n\n\n<p>A Femec 2025 espera superar os n\u00fameros de 2024, que teve 350 expositores e 150 mil visitantes, movimentando R$ 2,28 bilh\u00f5es em neg\u00f3cios. A participa\u00e7\u00e3o de pequenos e m\u00e9dios produtores ser\u00e1 incentivada, destacando a democratiza\u00e7\u00e3o do acesso a tecnologias inovadoras.<\/p>\n\n\n\n<h4 class=\"wp-block-heading\">Conclus\u00e3o<\/h4>\n\n\n\n<p>A Femec 2025 promete ser um evento crucial para o agroneg\u00f3cio brasileiro, reunindo conhecimento, inova\u00e7\u00e3o e oportunidades de neg\u00f3cios, com entrada e estacionamento gratuitos. O credenciamento pode ser feito antecipadamente pelo site oficial da feira.<\/p>\n\n\n<figure class=\"wp-block-post-featured-image\"><img loading=\"lazy\" decoding=\"async\" width=\"799\" height=\"533\" src=\"https:\/\/revistahubclub.com.br\/portal\/wp-content\/uploads\/2025\/03\/53633678997_424ff9d9e6_c.jpg\" class=\"attachment-post-thumbnail size-post-thumbnail wp-post-image\" alt=\"\" style=\"object-fit:cover;\" srcset=\"https:\/\/revistahubclub.com.br\/portal\/wp-content\/uploads\/2025\/03\/53633678997_424ff9d9e6_c.jpg 799w, https:\/\/revistahubclub.com.br\/portal\/wp-content\/uploads\/2025\/03\/53633678997_424ff9d9e6_c-300x200.jpg 300w, https:\/\/revistahubclub.com.br\/portal\/wp-content\/uploads\/2025\/03\/53633678997_424ff9d9e6_c-768x512.jpg 768w\" sizes=\"auto, (max-width: 799px) 100vw, 799px\" \/><\/figure>","protected":false},"excerpt":{"rendered":"<p>A Femec 2025 \u2013 Feira do Agroneg\u00f3cio Mineiro \u2013 ocorrer\u00e1 de 31 de mar\u00e7o a 4 de abril no Parque de Exposi\u00e7\u00f5es Camaru, em Uberl\u00e2ndia, MG. Promovida pelo Sindicato Rural<\/p>\n","protected":false},"author":2,"featured_media":10782,"comment_status":"open","ping_status":"open","sticky":false,"template":"","format":"standard","meta":{"footnotes":""},"categories":[1],"tags":[16,310,264,311],"class_list":["post-10781","post","type-post","status-publish","format-standard","has-post-thumbnail","hentry","category-noticias","tag-agronegocio","tag-femec-2025","tag-inteligencia-artificial","tag-programacao"],"_links":{"self":[{"href":"https:\/\/revistahubclub.com.br\/portal\/wp-json\/wp\/v2\/posts\/10781","targetHints":{"allow":["GET"]}}],"collection":[{"href":"https:\/\/revistahubclub.com.br\/portal\/wp-json\/wp\/v2\/posts"}],"about":[{"href":"https:\/\/revistahubclub.com.br\/portal\/wp-json\/wp\/v2\/types\/post"}],"author":[{"embeddable":true,"href":"https:\/\/revistahubclub.com.br\/portal\/wp-json\/wp\/v2\/users\/2"}],"replies":[{"embeddable":true,"href":"https:\/\/revistahubclub.com.br\/portal\/wp-json\/wp\/v2\/comments?post=10781"}],"version-history":[{"count":1,"href":"https:\/\/revistahubclub.com.br\/portal\/wp-json\/wp\/v2\/posts\/10781\/revisions"}],"predecessor-version":[{"id":10783,"href":"https:\/\/revistahubclub.com.br\/portal\/wp-json\/wp\/v2\/posts\/10781\/revisions\/10783"}],"wp:featuredmedia":[{"embeddable":true,"href":"https:\/\/revistahubclub.com.br\/portal\/wp-json\/wp\/v2\/media\/10782"}],"wp:attachment":[{"href":"https:\/\/revistahubclub.com.br\/portal\/wp-json\/wp\/v2\/media?parent=10781"}],"wp:term":[{"taxonomy":"category","embeddable":true,"href":"https:\/\/revistahubclub.com.br\/portal\/wp-json\/wp\/v2\/categories?post=10781"},{"taxonomy":"post_tag","embeddable":true,"href":"https:\/\/revistahubclub.com.br\/portal\/wp-json\/wp\/v2\/tags?post=10781"}],"curies":[{"name":"wp","href":"https:\/\/api.w.org\/{rel}","templated":true}]}}