{"id":108,"date":"2024-11-13T12:01:29","date_gmt":"2024-11-13T15:01:29","guid":{"rendered":"https:\/\/revistahubclub.com.br\/portal\/?p=108"},"modified":"2024-12-11T12:02:17","modified_gmt":"2024-12-11T15:02:17","slug":"instituto-projeto-de-vida-lanca-financiamento-coletivo-para-capacitacao-profissional-gratuita-em-todo-brasil","status":"publish","type":"post","link":"https:\/\/revistahubclub.com.br\/portal\/2024\/11\/13\/instituto-projeto-de-vida-lanca-financiamento-coletivo-para-capacitacao-profissional-gratuita-em-todo-brasil\/","title":{"rendered":"Instituto Projeto de Vida lan\u00e7a financiamento coletivo para capacita\u00e7\u00e3o profissional gratuita em todo Brasil"},"content":{"rendered":"\n<p id=\"viewer-gs5o2163\"><em>Objetivo \u00e9 ampliar alcance do Programa Carreira, por meio da plataforma EAD IPV, preparando jovens e adultos para o mercado de trabalho<\/em><\/p>\n\n\n\n<p id=\"viewer-k5l7b43\">&nbsp;<\/p>\n\n\n\n<p id=\"viewer-bvn4t45\">O Instituto Projeto de Vida (IPV) acaba de lan\u00e7ar uma campanha de financiamento coletivo na plataforma Benfeitoria, com o objetivo de expandir o impacto do Programa Carreira por meio do EAD IPV, sua nova plataforma de ensino \u00e0 dist\u00e2ncia. A iniciativa tem como meta final arrecadar R$ 200 mil para transformar o curso presencial em um programa online completo, acess\u00edvel a jovens e adultos de todo o Brasil, promovendo capacita\u00e7\u00e3o profissional gratuita e inclus\u00e3o social.<\/p>\n\n\n\n<p id=\"viewer-x4o4q47\">Nos \u00faltimos seis anos, o Programa Carreira capacitou cerca de 570 pessoas em Uberl\u00e2ndia em 13 turmas presenciais, com o apoio de mais de 120 volunt\u00e1rios.&nbsp;Agora, com a cria\u00e7\u00e3o do EAD IPV, o Instituto pretende alcan\u00e7ar um p\u00fablico bem maior, levando a capacita\u00e7\u00e3o profissional para diferentes regi\u00f5es do pa\u00eds, independentemente da localiza\u00e7\u00e3o dos interessados.&nbsp;<\/p>\n\n\n\n<p id=\"viewer-mupse49\">\u201cNosso compromisso \u00e9 capacitar jovens e adultos, ampliando suas chances de sucesso e conectando-os ao mercado de trabalho para que tenham uma vida digna. Acreditamos que a verdadeira transforma\u00e7\u00e3o acontece quando unimos for\u00e7as em rede \u2014 volunt\u00e1rios, empresas e pessoas que compartilham do nosso prop\u00f3sito. Para colocar este objetivo em pr\u00e1tica, queremos contar com a ajuda de todos para levar essa capacita\u00e7\u00e3o gratuita para todo o Brasil\u201d, destaca Raquel Garcia, presidente executiva do Instituto Projeto de Vida.&nbsp;<\/p>\n\n\n\n<p id=\"viewer-llv2z51\"><strong>&nbsp;<\/strong><\/p>\n\n\n\n<p id=\"viewer-q1m7j53\"><strong>Curr\u00edculo abrangente<\/strong><\/p>\n\n\n\n<p id=\"viewer-iv04655\">O Programa Carreira oferece um curr\u00edculo abrangente que visa preparar profissionais para reinser\u00e7\u00e3o no mercado de trabalho, transi\u00e7\u00e3o de carreira e empreendedorismo, abordando compet\u00eancias relevantes e atuais. Com m\u00f3dulos que v\u00e3o desde Autoconhecimento e Comunica\u00e7\u00e3o at\u00e9 Processos Gerenciais e Metodologias \u00c1geis, o programa aborda temas como Intelig\u00eancia Artificial, Inova\u00e7\u00e3o e Marketing Digital. Ministrado presencialmente por mais de 60 empres\u00e1rios e especialistas do mercado, o curso proporciona uma forma\u00e7\u00e3o rica em habilidades pessoais e profissionais, incluindo CX e UX, visando uma prepara\u00e7\u00e3o integral dos alunos.&nbsp;<\/p>\n\n\n\n<p id=\"viewer-qh8we57\">Gabriela F\u00e9lix, ex-aluna do Projeto Carreira, compartilha o impacto transformador do curso. \u201cTive a oportunidade de aprender com profissionais incr\u00edveis e sa\u00ed do curso preparada para entrar no mercado de trabalho. Hoje, trabalho em uma empresa onde me destaquei gra\u00e7as \u00e0 forma\u00e7\u00e3o no Programa Carreira\u201d, conta.<\/p>\n\n\n\n<p id=\"viewer-ckws459\">O EAD IPV j\u00e1 no ar conta inicialmente com 10 cursos gratuitos \u2014 oito desenvolvidos pelo pr\u00f3prio IPV e dois fornecidos por parceiros \u2014 que servem como ponto de partida e mostram o potencial da plataforma. A meta \u00e9 deixar esta trilha de forma\u00e7\u00e3o mais pr\u00f3xima do que o IPV j\u00e1 faz no presencial e que esses cursos sejam acess\u00edveis a todos, ampliando ainda mais o impacto social do Instituto.<\/p>\n\n\n\n<p id=\"viewer-vl3tg61\"><strong>&nbsp;<\/strong><\/p>\n\n\n\n<p id=\"viewer-iux1p63\"><strong>Recompensas<\/strong><\/p>\n\n\n\n<p id=\"viewer-2lkdy67\">Os apoiadores da campanha n\u00e3o s\u00f3 contribuir\u00e3o para a levar capacita\u00e7\u00e3o e ampliar oportunidades com a expans\u00e3o do EAD IPV, como tamb\u00e9m receber\u00e3o recompensas exclusivas como e-books, networking com CEOs e encontros com especialistas sobre&nbsp;Inova\u00e7\u00e3o, Gest\u00e3o de Pessoas e Tr\u00e1fego Pago, criando uma experi\u00eancia enriquecedora para os doadores.&nbsp;<\/p>\n\n\n\n<p id=\"viewer-65ay869\">Al\u00e9m disso, a campanha na Benfeitoria oferecer\u00e1 para alguns doadores acesso antecipado a dois cursos exclusivos: \u201cIA &amp; ChatGPT Direto ao Ponto\u201d e \u201cFoco, Distra\u00e7\u00f5es e Disciplina\u201d, que ser\u00e3o lan\u00e7ados em dezembro e ap\u00f3s o per\u00edodo de exclusividade estar\u00e3o dispon\u00edveis gratuitamente ao p\u00fablico.<\/p>\n\n\n\n<p id=\"viewer-jakg171\">A campanha adota o modelo \u201ctudo ou nada\u201d, ou seja, o projeto s\u00f3 ser\u00e1 financiado se a meta inicial de pelo menos R$ 35 mil for atingida, refor\u00e7ando a import\u00e2ncia de cada contribui\u00e7\u00e3o. As doa\u00e7\u00f5es podem ser realizadas diretamente na plataforma Benfeitoria, pelo link: <a target=\"_blank\" href=\"http:\/\/benfeitoria.com\/InstitutoProjetoDeVida\" rel=\"noreferrer noopener\">benfeitoria.com\/InstitutoProjetoDeVida<\/a>. Caso a meta n\u00e3o seja atingida, os valores ser\u00e3o devolvidos.<\/p>\n\n\n\n<p id=\"viewer-g1hr875\"><strong>&nbsp;<\/strong><\/p>\n\n\n\n<p id=\"viewer-nk72t77\"><strong>Sobre o Instituto Projeto de Vida<\/strong><\/p>\n\n\n\n<p id=\"viewer-mqegh79\">Organiza\u00e7\u00e3o social criada em 2018 como forma pr\u00e1tica de dar oportunidades a pessoas, comunidades e escolas,&nbsp;atrav\u00e9s da&nbsp;educa\u00e7\u00e3o e&nbsp;da&nbsp;disponibilidade de ferramentas e profissionais que auxiliam no desenvolvimento profissional e humano dos beneficiados pelos programas disponibilizados. O IPV tem como foco levar solu\u00e7\u00f5es que gerem impacto por onde passar.&nbsp;A mudan\u00e7a de vida, a cria\u00e7\u00e3o de oportunidades e o desenvolvimento pessoal e comportamental de cada beneficiado s\u00e3o atributos que movem o Instituto.<\/p>\n","protected":false},"excerpt":{"rendered":"<p>Objetivo \u00e9 ampliar alcance do Programa Carreira, por meio da plataforma EAD IPV, preparando jovens e adultos para o mercado de trabalho &nbsp; O Instituto Projeto de Vida (IPV) acaba<\/p>\n","protected":false},"author":1,"featured_media":109,"comment_status":"open","ping_status":"open","sticky":false,"template":"","format":"standard","meta":{"footnotes":""},"categories":[1],"tags":[],"class_list":["post-108","post","type-post","status-publish","format-standard","has-post-thumbnail","hentry","category-noticias"],"_links":{"self":[{"href":"https:\/\/revistahubclub.com.br\/portal\/wp-json\/wp\/v2\/posts\/108","targetHints":{"allow":["GET"]}}],"collection":[{"href":"https:\/\/revistahubclub.com.br\/portal\/wp-json\/wp\/v2\/posts"}],"about":[{"href":"https:\/\/revistahubclub.com.br\/portal\/wp-json\/wp\/v2\/types\/post"}],"author":[{"embeddable":true,"href":"https:\/\/revistahubclub.com.br\/portal\/wp-json\/wp\/v2\/users\/1"}],"replies":[{"embeddable":true,"href":"https:\/\/revistahubclub.com.br\/portal\/wp-json\/wp\/v2\/comments?post=108"}],"version-history":[{"count":1,"href":"https:\/\/revistahubclub.com.br\/portal\/wp-json\/wp\/v2\/posts\/108\/revisions"}],"predecessor-version":[{"id":110,"href":"https:\/\/revistahubclub.com.br\/portal\/wp-json\/wp\/v2\/posts\/108\/revisions\/110"}],"wp:featuredmedia":[{"embeddable":true,"href":"https:\/\/revistahubclub.com.br\/portal\/wp-json\/wp\/v2\/media\/109"}],"wp:attachment":[{"href":"https:\/\/revistahubclub.com.br\/portal\/wp-json\/wp\/v2\/media?parent=108"}],"wp:term":[{"taxonomy":"category","embeddable":true,"href":"https:\/\/revistahubclub.com.br\/portal\/wp-json\/wp\/v2\/categories?post=108"},{"taxonomy":"post_tag","embeddable":true,"href":"https:\/\/revistahubclub.com.br\/portal\/wp-json\/wp\/v2\/tags?post=108"}],"curies":[{"name":"wp","href":"https:\/\/api.w.org\/{rel}","templated":true}]}}