{"id":10847,"date":"2025-04-02T09:32:29","date_gmt":"2025-04-02T12:32:29","guid":{"rendered":"https:\/\/revistahubclub.com.br\/portal\/?p=10847"},"modified":"2025-04-02T09:32:29","modified_gmt":"2025-04-02T12:32:29","slug":"femec-2025-inovacao-e-debates-estrategicos-impulsionam-o-agronegocio-no-segundo-dia-da-feira","status":"publish","type":"post","link":"https:\/\/revistahubclub.com.br\/portal\/2025\/04\/02\/femec-2025-inovacao-e-debates-estrategicos-impulsionam-o-agronegocio-no-segundo-dia-da-feira\/","title":{"rendered":"FEMEC 2025: Inova\u00e7\u00e3o e debates estrat\u00e9gicos impulsionam o agroneg\u00f3cio no segundo dia da feira"},"content":{"rendered":"\n<p>Com p\u00fablico expressivo, o evento destacou solu\u00e7\u00f5es tecnol\u00f3gicas, oportunidades de neg\u00f3cio e discuss\u00f5es essenciais para o futuro do setor agropecu\u00e1rio<\/p>\n\n\n\n<p>O segundo dia da FEMEC 2025 movimentou o Parque de Exposi\u00e7\u00f5es Camaru, em Uberl\u00e2ndia, nesta ter\u00e7a-feira (1\u00ba), consolidando o evento como um dos mais importantes do setor agropecu\u00e1rio brasileiro. Com corredores lotados, o dia foi marcado por debates, inova\u00e7\u00e3o e oportunidades de neg\u00f3cio, refor\u00e7ando a relev\u00e2ncia da feira para produtores, estudantes e especialistas do campo.<\/p>\n\n\n\n<p><strong>F\u00f3rum permanente de inova\u00e7\u00e3o no agro<\/strong><\/p>\n\n\n\n<p>Dentre as novidades apresentadas, destaca-se o lan\u00e7amento do AIA (Agro Inova\u00e7\u00e3o Avan\u00e7ada), um movimento que busca conectar as potencialidades do agroneg\u00f3cio e da inova\u00e7\u00e3o tecnol\u00f3gica em Uberl\u00e2ndia. Segundo Ferdinando Kun, membro do AIA, a iniciativa tem como objetivo integrar atores dessas duas \u00e1reas econ\u00f4micas, promovendo um ecossistema de colabora\u00e7\u00e3o e desenvolvimento. \u201cEsse f\u00f3rum ser\u00e1 permanente, com reuni\u00f5es mensais em centros de pesquisa, grandes empresas e outros ambientes estrat\u00e9gicos, fortalecendo ainda mais o setor\u201d, explicou Ferdinando.<\/p>\n\n\n\n<p><strong>Agenda do Leite: discuss\u00e3o estrat\u00e9gica para o setor<\/strong><\/p>\n\n\n\n<p>Outro destaque do dia foi a Agenda do Leite, um encontro que reuniu produtores, especialistas e autoridades para discutir os desafios e perspectivas da cadeia leiteira. Thiago Fonseca, presidente do Sindicato Rural de Uberl\u00e2ndia, ressaltou a import\u00e2ncia do evento para o setor. \u201cNossa regi\u00e3o tem uma grande produ\u00e7\u00e3o leiteira, e ter essa discuss\u00e3o dentro da FEMEC \u00e9 essencial para o futuro do segmento. Os expositores est\u00e3o animados e as institui\u00e7\u00f5es financeiras garantiram recursos para novos investimentos\u201d, destacou.<\/p>\n\n\n\n<p>J\u00f4nadan Hsuan Min Ma, presidente da Comiss\u00e3o T\u00e9cnica de Pecu\u00e1ria de Leite, enfatizou que a FEMEC vai al\u00e9m das m\u00e1quinas e equipamentos, sendo um ponto estrat\u00e9gico de encontro para produtores trocarem experi\u00eancias. \u201cO Brasil ainda tem muito espa\u00e7o para crescer na produ\u00e7\u00e3o de leite. Precisamos de incentivos e discuss\u00f5es como essa para garantir um setor mais forte e competitivo\u201d, pontuou.<br>O CEO do Grupo Berrante, Gustavo Ribeiro, tamb\u00e9m refor\u00e7ou a import\u00e2ncia do debate sobre a produ\u00e7\u00e3o leiteira no Brasil, questionando os desafios que impedem o pa\u00eds de se tornar um grande exportador do produto. \u201cSe somos l\u00edderes em carne, soja e milho, por que ainda n\u00e3o conseguimos expandir nosso leite para outros mercados? Esses questionamentos precisam ser debatidos para garantir avan\u00e7os no agroneg\u00f3cio\u201d, afirmou.<\/p>\n\n\n\n<p><strong>Sebrae Agro: apoio direto ao produtor rural<\/strong><\/p>\n\n\n\n<p>O Sebrae tamb\u00e9m marcou presen\u00e7a com a nova marca Sebrae Agro, um projeto voltado para atender de forma mais direta os produtores rurais. Fabiana Queiroz, analista do Sebrae Minas Gerais, explicou que a iniciativa busca aproximar o setor produtivo das solu\u00e7\u00f5es oferecidas pela institui\u00e7\u00e3o. \u201cO Sebrae tamb\u00e9m \u00e9 para o agro, e estamos aqui para capacitar, oferecer consultorias e apoiar o crescimento dos produtores\u201d, disse.<br>Com tr\u00eas frentes de atua\u00e7\u00e3o na feira, o Sebrae Agro trouxe startups com solu\u00e7\u00f5es inovadoras, o Vila Caf\u00e9, que apresentou a trajet\u00f3ria do gr\u00e3o \u00e0 x\u00edcara, e uma s\u00e9rie de palestras sobre inova\u00e7\u00e3o e capacita\u00e7\u00e3o.<\/p>\n\n\n\n<p><strong>Expectativa para os pr\u00f3ximos dias<\/strong><\/p>\n\n\n\n<p>Com um p\u00fablico de aproximadamente 10 mil visitantes apenas no primeiro dia, a FEMEC 2025 segue movimentada e promete mais conte\u00fados relevantes at\u00e9 sexta-feira (4). \u201cEstamos vendo o parque lotado, muitos jovens e caravanas de produtores interessados em aprender e fechar neg\u00f3cios. Os pr\u00f3ximos dias ser\u00e3o ainda mais intensos\u201d, finalizou Thiago Fonseca.<\/p>\n\n\n\n<p><strong>Sobre a FEMEC<br><\/strong>A FEMEC \u00e9 realizada pelo Sindicato Rural de Uberl\u00e2ndia e conta com o patroc\u00ednio do Banco do Brasil, CAIXA e Governo Federal, al\u00e9m do Bradesco, e apoio do Sistema FAEMG SENAR, SEBRAE, Prefeitura de Uberl\u00e2ndia, EMATER Governo de Minas e BAT.<\/p>\n\n\n\n<p>O evento acontece no Parque de Exposi\u00e7\u00f5es Camaru e segue at\u00e9 o dia 4 de abril, reunindo produtores, empresas e especialistas para apresentar inova\u00e7\u00f5es, tend\u00eancias e oportunidades de neg\u00f3cios no setor agropecu\u00e1rio.<\/p>\n\n\n<figure class=\"wp-block-post-featured-image\"><img loading=\"lazy\" decoding=\"async\" width=\"1280\" height=\"853\" src=\"https:\/\/revistahubclub.com.br\/portal\/wp-content\/uploads\/2025\/04\/Femec.jpeg\" class=\"attachment-post-thumbnail size-post-thumbnail wp-post-image\" alt=\"\" style=\"object-fit:cover;\" srcset=\"https:\/\/revistahubclub.com.br\/portal\/wp-content\/uploads\/2025\/04\/Femec.jpeg 1280w, https:\/\/revistahubclub.com.br\/portal\/wp-content\/uploads\/2025\/04\/Femec-300x200.jpeg 300w, https:\/\/revistahubclub.com.br\/portal\/wp-content\/uploads\/2025\/04\/Femec-1024x682.jpeg 1024w, https:\/\/revistahubclub.com.br\/portal\/wp-content\/uploads\/2025\/04\/Femec-768x512.jpeg 768w, https:\/\/revistahubclub.com.br\/portal\/wp-content\/uploads\/2025\/04\/Femec-900x600.jpeg 900w\" sizes=\"auto, (max-width: 1280px) 100vw, 1280px\" \/><\/figure>","protected":false},"excerpt":{"rendered":"<p>Com p\u00fablico expressivo, o evento destacou solu\u00e7\u00f5es tecnol\u00f3gicas, oportunidades de neg\u00f3cio e discuss\u00f5es essenciais para o futuro do setor agropecu\u00e1rio O segundo dia da FEMEC 2025 movimentou o Parque de<\/p>\n","protected":false},"author":2,"featured_media":10848,"comment_status":"open","ping_status":"open","sticky":false,"template":"","format":"standard","meta":{"footnotes":""},"categories":[1],"tags":[16,86,310,264,27],"class_list":["post-10847","post","type-post","status-publish","format-standard","has-post-thumbnail","hentry","category-noticias","tag-agronegocio","tag-economia","tag-femec-2025","tag-inteligencia-artificial","tag-uberlandia"],"_links":{"self":[{"href":"https:\/\/revistahubclub.com.br\/portal\/wp-json\/wp\/v2\/posts\/10847","targetHints":{"allow":["GET"]}}],"collection":[{"href":"https:\/\/revistahubclub.com.br\/portal\/wp-json\/wp\/v2\/posts"}],"about":[{"href":"https:\/\/revistahubclub.com.br\/portal\/wp-json\/wp\/v2\/types\/post"}],"author":[{"embeddable":true,"href":"https:\/\/revistahubclub.com.br\/portal\/wp-json\/wp\/v2\/users\/2"}],"replies":[{"embeddable":true,"href":"https:\/\/revistahubclub.com.br\/portal\/wp-json\/wp\/v2\/comments?post=10847"}],"version-history":[{"count":1,"href":"https:\/\/revistahubclub.com.br\/portal\/wp-json\/wp\/v2\/posts\/10847\/revisions"}],"predecessor-version":[{"id":10849,"href":"https:\/\/revistahubclub.com.br\/portal\/wp-json\/wp\/v2\/posts\/10847\/revisions\/10849"}],"wp:featuredmedia":[{"embeddable":true,"href":"https:\/\/revistahubclub.com.br\/portal\/wp-json\/wp\/v2\/media\/10848"}],"wp:attachment":[{"href":"https:\/\/revistahubclub.com.br\/portal\/wp-json\/wp\/v2\/media?parent=10847"}],"wp:term":[{"taxonomy":"category","embeddable":true,"href":"https:\/\/revistahubclub.com.br\/portal\/wp-json\/wp\/v2\/categories?post=10847"},{"taxonomy":"post_tag","embeddable":true,"href":"https:\/\/revistahubclub.com.br\/portal\/wp-json\/wp\/v2\/tags?post=10847"}],"curies":[{"name":"wp","href":"https:\/\/api.w.org\/{rel}","templated":true}]}}