{"id":10853,"date":"2025-04-07T07:00:00","date_gmt":"2025-04-07T10:00:00","guid":{"rendered":"https:\/\/revistahubclub.com.br\/portal\/?p=10853"},"modified":"2025-04-03T08:33:19","modified_gmt":"2025-04-03T11:33:19","slug":"campanha-nacional-contra-a-influenza-comeca-nesta-segunda-7-em-uberlandia","status":"publish","type":"post","link":"https:\/\/revistahubclub.com.br\/portal\/2025\/04\/07\/campanha-nacional-contra-a-influenza-comeca-nesta-segunda-7-em-uberlandia\/","title":{"rendered":"Campanha Nacional contra a Influenza come\u00e7a nesta segunda (7) em Uberl\u00e2ndia"},"content":{"rendered":"\n<p>Para minimizar as complica\u00e7\u00f5es decorrentes das infec\u00e7\u00f5es causadas&nbsp;pelo&nbsp;v\u00edrus Influenza com a chegada do outono e a aproxima\u00e7\u00e3o do inverno, quando as pessoas est\u00e3o mais prop\u00edcias a algum tipo de infec\u00e7\u00e3o respirat\u00f3rio-viral, a Prefeitura de Uberl\u00e2ndia, por meio da Secretaria Municipal de Sa\u00fade, d\u00e1 in\u00edcio, nesta segunda-feira (7), \u00e0 27\u00aa&nbsp;Campanha Nacional de Vacina\u00e7\u00e3o Contra a Influenza. O Dia D de mobiliza\u00e7\u00e3o nacional est\u00e1 previsto para 10 de maio.<\/p>\n\n\n\n<p>O in\u00edcio da Campanha de Vacina\u00e7\u00e3o na cidade acontece na data da celebra\u00e7\u00e3o ao Dia Mundial da Sa\u00fade. Por isso, a Prefeitura de Uberl\u00e2ndia far\u00e1 uma grande mobiliza\u00e7\u00e3o na Pra\u00e7a Tubal Vilela, na segunda (7), a partir das 8h.&nbsp;Entre as a\u00e7\u00f5es de sa\u00fade previstas est\u00e3o, al\u00e9m da vacina\u00e7\u00e3o no Vacim\u00f3vel, atendimentos oftalmol\u00f3gicos e tamb\u00e9m odontol\u00f3gicos em parceria com o curso de Odontologia da Universidade Federal de Uberl\u00e2ndia (UFU).<\/p>\n\n\n\n<p>A vacina\u00e7\u00e3o que imuniza a popula\u00e7\u00e3o na rede p\u00fablica \u00e9&nbsp;trivalente, ou seja, protege contra tr\u00eas tipos de Influenza:&nbsp;A (H1N1), A (H3N2)&nbsp;e&nbsp;B. A vacina \u00e9&nbsp;segura e&nbsp;reduz as complica\u00e7\u00f5es que podem levar aos casos graves da doen\u00e7a,&nbsp;interna\u00e7\u00f5es ou, at\u00e9 mesmo, \u00f3bitos&nbsp;principalmente nos grupos de alto risco.&nbsp; Por isso,&nbsp;\u00e9 preciso que o p\u00fablico-alvo compare\u00e7a aos postos para receber a dose.<\/p>\n\n\n\n<p>Para facilitar o acesso \u00e0 imuniza\u00e7\u00e3o, al\u00e9m das 75 salas de vacina, incluindo o Cantinho da Sa\u00fade, as equipes estar\u00e3o na Pra\u00e7a Tubal Vilela, no Centro Administrativo Municipal e tamb\u00e9m passar\u00e3o nos Centros Educacionais de Assist\u00eancia Integrada ao Idoso (CEAI\u00b4s), nas Institui\u00e7\u00f5es de Longa Perman\u00eancia (ILPI\u00b4s), nas empresas de transporte coletivo e em outros locais por meio do Vacim\u00f3vel.<\/p>\n\n\n\n<p>Nas Unidades B\u00e1sicas de Sa\u00fade da Fam\u00edlia (UBSFs), as salas funcionam das 7h30 \u00e0s 16h30. Nas Unidades de Atendimento Integrado (UAIs) dos bairros Tibery, Martins, Planalto, Luizote e Pampulha, ocorrer\u00e1 das 8h \u00e0s 21h. J\u00e1 nas&nbsp; Unidades B\u00e1sicas de Sa\u00fade (UBSs), das 8h \u00e0s 18h30, e, nas UBSs dos bairros Roosevelt, Tocantins e Brasil, o atendimento ser\u00e1 das 8h \u00e0s 21h.&nbsp;<a href=\"https:\/\/www.uberlandia.mg.gov.br\/prefeitura\/secretarias\/saude\/vacinacao\/salas-de-vacinacao-geral\/\" target=\"_blank\" rel=\"noreferrer noopener\">Confira os endere\u00e7os das unidades no Portal da Prefeitura.<\/a><\/p>\n\n\n\n<p><br>&nbsp;&nbsp;&nbsp;&nbsp;&nbsp;&nbsp; A expectativa \u00e9 de aplicar cerca de 269 mil doses no p\u00fablico-alvo da campanha. Podem se vacinar:&nbsp;&nbsp;&nbsp;&nbsp;&nbsp;&nbsp;<\/p>\n\n\n\n<p>\u2013 idosos com 60 anos ou mais e crian\u00e7as de seis meses a menores de 5 anos, 11 meses e 29 dias;&nbsp;&nbsp;&nbsp;&nbsp;<br>\u2013 trabalhadores de sa\u00fade (servi\u00e7os p\u00fablicos e privados);&nbsp;&nbsp;&nbsp;<br>\u2013 gestantes;&nbsp;&nbsp;&nbsp;&nbsp;<br>\u2013 pu\u00e9rperas (45 dias ap\u00f3s o parto);<\/p>\n\n\n\n<p>\u2013 professores do ensino b\u00e1sico e superior;<\/p>\n\n\n\n<p>\u2013 profissionais das For\u00e7as Armadas e das for\u00e7as de seguran\u00e7a e salvamento<\/p>\n\n\n\n<p>\u2013 pessoas com doen\u00e7as cr\u00f4nicas e outras comorbidades;<\/p>\n\n\n\n<p>\u2013 pessoas com defici\u00eancia permanente (a partir de 12 anos);<\/p>\n\n\n\n<p>\u2013 caminhoneiros;<\/p>\n\n\n\n<p>\u2013 trabalhadores dos Correios, do transporte coletivo urbano e rodovi\u00e1rio de passageiros;&nbsp;<\/p>\n\n\n<figure class=\"wp-block-post-featured-image\"><img loading=\"lazy\" decoding=\"async\" width=\"768\" height=\"514\" src=\"https:\/\/revistahubclub.com.br\/portal\/wp-content\/uploads\/2025\/04\/vacina-gripe.png\" class=\"attachment-post-thumbnail size-post-thumbnail wp-post-image\" alt=\"\" style=\"object-fit:cover;\" srcset=\"https:\/\/revistahubclub.com.br\/portal\/wp-content\/uploads\/2025\/04\/vacina-gripe.png 768w, https:\/\/revistahubclub.com.br\/portal\/wp-content\/uploads\/2025\/04\/vacina-gripe-300x201.png 300w\" sizes=\"auto, (max-width: 768px) 100vw, 768px\" \/><\/figure>","protected":false},"excerpt":{"rendered":"<p>Para minimizar as complica\u00e7\u00f5es decorrentes das infec\u00e7\u00f5es causadas&nbsp;pelo&nbsp;v\u00edrus Influenza com a chegada do outono e a aproxima\u00e7\u00e3o do inverno, quando as pessoas est\u00e3o mais prop\u00edcias a algum tipo de infec\u00e7\u00e3o<\/p>\n","protected":false},"author":2,"featured_media":10854,"comment_status":"open","ping_status":"open","sticky":false,"template":"","format":"standard","meta":{"footnotes":""},"categories":[1],"tags":[331,333,27,332],"class_list":["post-10853","post","type-post","status-publish","format-standard","has-post-thumbnail","hentry","category-noticias","tag-campanha","tag-influenza","tag-uberlandia","tag-vacinacao"],"_links":{"self":[{"href":"https:\/\/revistahubclub.com.br\/portal\/wp-json\/wp\/v2\/posts\/10853","targetHints":{"allow":["GET"]}}],"collection":[{"href":"https:\/\/revistahubclub.com.br\/portal\/wp-json\/wp\/v2\/posts"}],"about":[{"href":"https:\/\/revistahubclub.com.br\/portal\/wp-json\/wp\/v2\/types\/post"}],"author":[{"embeddable":true,"href":"https:\/\/revistahubclub.com.br\/portal\/wp-json\/wp\/v2\/users\/2"}],"replies":[{"embeddable":true,"href":"https:\/\/revistahubclub.com.br\/portal\/wp-json\/wp\/v2\/comments?post=10853"}],"version-history":[{"count":1,"href":"https:\/\/revistahubclub.com.br\/portal\/wp-json\/wp\/v2\/posts\/10853\/revisions"}],"predecessor-version":[{"id":10855,"href":"https:\/\/revistahubclub.com.br\/portal\/wp-json\/wp\/v2\/posts\/10853\/revisions\/10855"}],"wp:featuredmedia":[{"embeddable":true,"href":"https:\/\/revistahubclub.com.br\/portal\/wp-json\/wp\/v2\/media\/10854"}],"wp:attachment":[{"href":"https:\/\/revistahubclub.com.br\/portal\/wp-json\/wp\/v2\/media?parent=10853"}],"wp:term":[{"taxonomy":"category","embeddable":true,"href":"https:\/\/revistahubclub.com.br\/portal\/wp-json\/wp\/v2\/categories?post=10853"},{"taxonomy":"post_tag","embeddable":true,"href":"https:\/\/revistahubclub.com.br\/portal\/wp-json\/wp\/v2\/tags?post=10853"}],"curies":[{"name":"wp","href":"https:\/\/api.w.org\/{rel}","templated":true}]}}