{"id":10856,"date":"2025-04-07T07:00:00","date_gmt":"2025-04-07T10:00:00","guid":{"rendered":"https:\/\/revistahubclub.com.br\/portal\/?p=10856"},"modified":"2025-04-03T08:40:29","modified_gmt":"2025-04-03T11:40:29","slug":"prefeitura-de-uberlandia-oferece-21-cursos-profissionalizantes-gratuitos-em-abril-com-575-vagas-disponiveis","status":"publish","type":"post","link":"https:\/\/revistahubclub.com.br\/portal\/2025\/04\/07\/prefeitura-de-uberlandia-oferece-21-cursos-profissionalizantes-gratuitos-em-abril-com-575-vagas-disponiveis\/","title":{"rendered":"Prefeitura de Uberl\u00e2ndia oferece 21 Cursos Profissionalizantes gratuitos em abril com 575 vagas dispon\u00edveis"},"content":{"rendered":"\n<p>A Prefeitura de Uberl\u00e2ndia disponibiliza \u00e0 popula\u00e7\u00e3o acesso \u00e0 forma\u00e7\u00e3o profissional de qualidade. Por meio da Secretaria Municipal de Desenvolvimento Social, os Centros Profissionalizantes oferecer\u00e3o, gratuitamente, 21 cursos durante o m\u00eas de abril para quem busca aperfei\u00e7oamento e melhores oportunidades no mercado de trabalho. Ser\u00e3o disponibilizadas 575 vagas, para 38 turmas. Destaque para os cursos de \u201cArgiloterapia\u201d, \u201cInform\u00e1tica Profissional\u201d, \u201cMarketing Digital\u201d e \u201cCorte e Costura\u201d.<\/p>\n\n\n\n<p>Os centros profissionalizantes ficam nos bairros Morumbi, Lagoinha, Campo Alegre, Tocantins, Planalto, Maravilha (Complexo Social na Pra\u00e7a da Juventude) e Luizote de Freitas.<\/p>\n\n\n\n<p>As inscri\u00e7\u00f5es est\u00e3o abertas permanentemente e devem ser feitas no local de realiza\u00e7\u00e3o do curso. Para se inscrever, basta ir at\u00e9 um dos centros profissionalizantes e apresentar documento de identidade com foto e CPF originais e comprovantes de endere\u00e7o e de renda familiar. Os interessados devem ter idade m\u00ednima de 16 anos, n\u00edvel de escolaridade compat\u00edvel com a especificidade de cada curso e renda familiar de, no m\u00e1ximo, tr\u00eas sal\u00e1rios m\u00ednimos.<\/p>\n\n\n\n<p>Abaixo, os cursos oferecidos em cada centro profissionalizante:<\/p>\n\n\n\n<p><strong>Centro Profissionalizante Morumbi<\/strong><\/p>\n\n\n\n<p>Avenida Jos\u00e9 Maria Ribeiro, 897 \u2013 Morumbi \u2013 3232.3060<\/p>\n\n\n\n<p><strong>Depila\u00e7\u00e3o com Linha<\/strong><\/p>\n\n\n\n<p>Per\u00edodo: 14 a 16\/04 (Segunda a Quarta)<\/p>\n\n\n\n<p>13h \u00e0s 17h<\/p>\n\n\n\n<p><strong>Manicure e Pedicure<\/strong><\/p>\n\n\n\n<p>Per\u00edodo: 22 a 25\/04 (Ter\u00e7a a Sexta)<\/p>\n\n\n\n<p>13h \u00e0s 17h<\/p>\n\n\n\n<p><strong>Introdu\u00e7\u00e3o \u00e0 Inform\u00e1tica: dominando o b\u00e1sico<\/strong><\/p>\n\n\n\n<p>Per\u00edodo: 28\/04 a 02\/05 (Segunda a Sexta)<\/p>\n\n\n\n<p>8h \u00e0s 12h<\/p>\n\n\n\n<p><strong>Atendente de Telemarketing<\/strong><\/p>\n\n\n\n<p>Per\u00edodo: 28 a 30\/04 (Segunda a Quarta)<\/p>\n\n\n\n<p>13h \u00e0s 17h<\/p>\n\n\n\n<p><strong>Centro Profissionalizante Lagoinha<\/strong><\/p>\n\n\n\n<p>Rua S\u00e3o Francisco de Assis, 1.070 \u2013 Lagoinha \u2013 3226.6968<\/p>\n\n\n\n<p><strong>Argiloterapia<\/strong><\/p>\n\n\n\n<p>Per\u00edodo: 02 a 04\/04 (Quarta a Sexta)<\/p>\n\n\n\n<p>13h \u00e0s 17h<\/p>\n\n\n\n<p><strong>Design de Sobrancelha Avan\u00e7ado<\/strong><\/p>\n\n\n\n<p>Per\u00edodo: 07 a 11\/04 (Segunda a Sexta)<\/p>\n\n\n\n<p>13h \u00e0s 17h<\/p>\n\n\n\n<p><strong>Auxiliar Administrativo &nbsp;<\/strong><\/p>\n\n\n\n<p>Per\u00edodo: 14 a 30\/04 (Segunda a Sexta)<\/p>\n\n\n\n<p>13h30 \u00e0s 16h30<\/p>\n\n\n\n<p><strong>Workshop de Massagem: t\u00e9cnicas b\u00e1sicas<\/strong><\/p>\n\n\n\n<p>Per\u00edodo: 14 a 16\/04 (Segunda a Quarta)<\/p>\n\n\n\n<p>13h \u00e0s 17h<\/p>\n\n\n\n<p><strong>Depila\u00e7\u00e3o com Linha<\/strong><\/p>\n\n\n\n<p>Per\u00edodo: 28 a 30\/04 (Segunda a Quarta)<\/p>\n\n\n\n<p>13h \u00e0s 17h<\/p>\n\n\n\n<p><strong>Corte e Costura<\/strong><\/p>\n\n\n\n<p>Per\u00edodo: 28\/04 a 26\/05 (Segunda a Sexta)<\/p>\n\n\n\n<p>13h \u00e0s 17h<\/p>\n\n\n\n<p><strong>Centro Profissionalizante Campo Alegre<\/strong><\/p>\n\n\n\n<p>Avenida Cordilheira dos Andes, 1.015 \u2013 Campo Alegre \u2013 3227.3767<\/p>\n\n\n\n<p><strong>Depila\u00e7\u00e3o com Linha<\/strong><\/p>\n\n\n\n<p>Per\u00edodo: 03 e 04\/04 (Quinta e Sexta)<\/p>\n\n\n\n<p>13h \u00e0s 17h<\/p>\n\n\n\n<p><strong>Manicure e Pedicure (manh\u00e3)<\/strong><\/p>\n\n\n\n<p>Per\u00edodo: 07 a 11\/04 (Segunda a Sexta)<\/p>\n\n\n\n<p>8h \u00e0s 12h<\/p>\n\n\n\n<p><strong>Workshop de Spa dos P\u00e9s<\/strong><\/p>\n\n\n\n<p>Per\u00edodo: 07\/04 (Segunda)<\/p>\n\n\n\n<p>13h \u00e0s 17h<\/p>\n\n\n\n<p><strong>Introdu\u00e7\u00e3o \u00e0 Inform\u00e1tica: dominando o b\u00e1sico<\/strong><\/p>\n\n\n\n<p>Per\u00edodo: 22 a 25\/04 (Ter\u00e7a a Sexta)<\/p>\n\n\n\n<p>8h \u00e0s 12h<\/p>\n\n\n\n<p><strong>Atendente de Telemarketing<\/strong><\/p>\n\n\n\n<p>Per\u00edodo: 22 a 24\/04 (Ter\u00e7a a Quinta)<\/p>\n\n\n\n<p>13h \u00e0s 17h<\/p>\n\n\n\n<p><strong>Workshop de Esmalta\u00e7\u00e3o de Gel<\/strong><\/p>\n\n\n\n<p>Per\u00edodo: 28\/04 (Segunda)<\/p>\n\n\n\n<p>13h \u00e0s 17h<\/p>\n\n\n\n<p><strong>Centro Profissionalizante Luizote<\/strong><\/p>\n\n\n\n<p>Rua Roberto Margonari, 50 \u2013 Luizote de Freitas \u2013 3228.7520<\/p>\n\n\n\n<p><strong>Design de Sobrancelha Avan\u00e7ado<\/strong><\/p>\n\n\n\n<p>Per\u00edodo: 07 a 11\/04 (Segunda a Sexta)<\/p>\n\n\n\n<p>13h \u00e0s 17h<\/p>\n\n\n\n<p><strong>T\u00e9cnicas de Confec\u00e7\u00e3o de Cal\u00e7as (manh\u00e3)<\/strong><\/p>\n\n\n\n<p>Per\u00edodo: 07 a 16\/04 (Segunda a Sexta)<\/p>\n\n\n\n<p>8h \u00e0s 12h<\/p>\n\n\n\n<p><strong>Necessaire e Bolsas<\/strong><\/p>\n\n\n\n<p>Per\u00edodo: 07 a 11\/04 (Segunda a Sexta)<\/p>\n\n\n\n<p>13h \u00e0s 17h<\/p>\n\n\n\n<p><strong>Argiloterapia<\/strong><\/p>\n\n\n\n<p>Per\u00edodo: 14 a 16\/04 (Segunda a Quarta)<\/p>\n\n\n\n<p>13h \u00e0s 17h<\/p>\n\n\n\n<p><strong>B\u00e1sico de Reforma de Roupas<\/strong><\/p>\n\n\n\n<p>Per\u00edodo: 14 a 24\/04 (Segunda a Sexta)<\/p>\n\n\n\n<p>13h \u00e0s 17h<\/p>\n\n\n\n<p><strong>Corte e Costura (manh\u00e3)<\/strong><\/p>\n\n\n\n<p>Per\u00edodo: 22\/04 a 20\/05 (Segunda a Sexta)<\/p>\n\n\n\n<p>8h \u00e0s 12h<\/p>\n\n\n\n<p><strong>Manicure e Pedicure (manh\u00e3)<\/strong><\/p>\n\n\n\n<p>Per\u00edodo: 28\/04 a 02\/05 (Segunda a Sexta)<\/p>\n\n\n\n<p>8h \u00e0s 12h<\/p>\n\n\n\n<p><strong>Inform\u00e1tica Profissional<\/strong><\/p>\n\n\n\n<p>Per\u00edodo: 28\/04 a 04\/06 (Segunda a Sexta)<\/p>\n\n\n\n<p>13h \u00e0s 14h30 \/ 14h30 \u00e0s 16h \/ 16h \u00e0s 17h30<\/p>\n\n\n\n<p><strong>Cama, Mesa, Banho e Cozinha<\/strong><\/p>\n\n\n\n<p>Per\u00edodo: 28\/04 a 02\/05 (Segunda a Sexta)<\/p>\n\n\n\n<p>13h \u00e0s 17h<\/p>\n\n\n\n<p><strong>Workshop de Extens\u00e3o de C\u00edlios<\/strong><\/p>\n\n\n\n<p>Per\u00edodo: 28\/04 (Segunda)<\/p>\n\n\n\n<p>13h \u00e0s 17h<\/p>\n\n\n\n<p><strong>Centro Profissionalizante Luizote de Freitas (Constru\u00e7\u00e3o Civil)<\/strong><\/p>\n\n\n\n<p>Rua Ant\u00f4nio Rufino Borges, 165 \u2013 Luizote de Freitas \u2013 3228.7520<\/p>\n\n\n\n<p><strong>Introdu\u00e7\u00e3o \u00e0 Inform\u00e1tica: dominando o b\u00e1sico (manh\u00e3)<\/strong><\/p>\n\n\n\n<p>Per\u00edodo: 07 a 11\/04 (Segunda a Sexta)<\/p>\n\n\n\n<p>8h \u00e0s 12h<\/p>\n\n\n\n<p><strong>Atendente de Telemarketing<\/strong><\/p>\n\n\n\n<p>Per\u00edodo: 07 a 09\/04 (Segunda a Quarta)<\/p>\n\n\n\n<p>13h \u00e0s 17h<\/p>\n\n\n\n<p><strong>Centro Profissionalizante Tocantins<\/strong><\/p>\n\n\n\n<p>Rua Renato Jos\u00e9 Luiz, 90 \u2013 Tocantins \u2013 3217.9462<\/p>\n\n\n\n<p><strong>Gest\u00e3o de Recursos Humanos<\/strong><\/p>\n\n\n\n<p>Per\u00edodo: 07 a 23\/04 (Segunda a Sexta)<\/p>\n\n\n\n<p>14h \u00e0s 17h<\/p>\n\n\n\n<p><strong>Argiloterapia<\/strong><\/p>\n\n\n\n<p>Per\u00edodo: 14 a 16\/04 (Segunda a Quarta)<\/p>\n\n\n\n<p>13h \u00e0s 17h<\/p>\n\n\n\n<p><strong>Marketing Digital<\/strong><\/p>\n\n\n\n<p>Per\u00edodo: 22\/04 a 20\/05 (Segunda a Sexta)<\/p>\n\n\n\n<p>14h \u00e0s 17h<\/p>\n\n\n\n<p><strong>Maquiagem<\/strong><\/p>\n\n\n\n<p>Per\u00edodo: 22\/04 a 02\/05 (Segunda a Sexta)<\/p>\n\n\n\n<p>13h \u00e0s 17h<\/p>\n\n\n\n<p><strong>Centro Profissionalizante Planalto<\/strong><\/p>\n\n\n\n<p>Rua do Jardineiro, 360 \u2013 Planalto \u2013 3257.3795<\/p>\n\n\n\n<p><strong>Diagnose e Regulagem de Motores (tarde)<\/strong><\/p>\n\n\n\n<p>Per\u00edodo: 22\/04 a 30\/05 (Segunda a Sexta)<\/p>\n\n\n\n<p>13h \u00e0s 17h<\/p>\n\n\n\n<p><strong>Diagnose e Regulagem de Motores (noite)<\/strong><\/p>\n\n\n\n<p>Per\u00edodo: 22\/04 a 13\/06 (Segunda a Sexta)<\/p>\n\n\n\n<p>19h \u00e0s 22h<\/p>\n\n\n\n<p><strong>Auxiliar Administrativo<\/strong><\/p>\n\n\n\n<p>Per\u00edodo: 28\/04 a 12\/05 (Segunda a Sexta)<\/p>\n\n\n\n<p>14h \u00e0s 17h<\/p>\n\n\n\n<p><strong>Complexo Social do bairro Maravilha (Pra\u00e7a da Juventude)<\/strong><strong><\/strong><\/p>\n\n\n\n<p>Rua Fernanda Oliveira Prado, esquina com a rua M\u00e1rio Borges \u2013 Maravilha<\/p>\n\n\n\n<p>9-3300.8362<\/p>\n\n\n\n<p><strong>Design de Sobrancelha Avan\u00e7ado<\/strong><\/p>\n\n\n\n<p>Per\u00edodo: 07 a 11\/04 (Segunda a Sexta)<\/p>\n\n\n\n<p>13h \u00e0s 17h<\/p>\n\n\n\n<p><strong>Manicure e Pedicure<\/strong><\/p>\n\n\n\n<p>Per\u00edodo: 22 a 25\/04 (Ter\u00e7a a Sexta)<\/p>\n\n\n\n<p>13h \u00e0s 17h<\/p>\n\n\n\n<p><strong><em>Fonte: Prefeitura de Uberl\u00e2ndia<\/em><\/strong><\/p>\n\n\n<figure class=\"wp-block-post-featured-image\"><img loading=\"lazy\" decoding=\"async\" width=\"1536\" height=\"1025\" src=\"https:\/\/revistahubclub.com.br\/portal\/wp-content\/uploads\/2025\/04\/cursos.jpg\" class=\"attachment-post-thumbnail size-post-thumbnail wp-post-image\" alt=\"\" style=\"object-fit:cover;\" srcset=\"https:\/\/revistahubclub.com.br\/portal\/wp-content\/uploads\/2025\/04\/cursos.jpg 1536w, https:\/\/revistahubclub.com.br\/portal\/wp-content\/uploads\/2025\/04\/cursos-300x200.jpg 300w, https:\/\/revistahubclub.com.br\/portal\/wp-content\/uploads\/2025\/04\/cursos-1024x683.jpg 1024w, https:\/\/revistahubclub.com.br\/portal\/wp-content\/uploads\/2025\/04\/cursos-768x513.jpg 768w, https:\/\/revistahubclub.com.br\/portal\/wp-content\/uploads\/2025\/04\/cursos-900x600.jpg 900w\" sizes=\"auto, (max-width: 1536px) 100vw, 1536px\" \/><\/figure>","protected":false},"excerpt":{"rendered":"<p>A Prefeitura de Uberl\u00e2ndia disponibiliza \u00e0 popula\u00e7\u00e3o acesso \u00e0 forma\u00e7\u00e3o profissional de qualidade. Por meio da Secretaria Municipal de Desenvolvimento Social, os Centros Profissionalizantes oferecer\u00e3o, gratuitamente, 21 cursos durante o<\/p>\n","protected":false},"author":2,"featured_media":10857,"comment_status":"open","ping_status":"open","sticky":false,"template":"","format":"standard","meta":{"footnotes":""},"categories":[1],"tags":[334,335,27],"class_list":["post-10856","post","type-post","status-publish","format-standard","has-post-thumbnail","hentry","category-noticias","tag-cursos","tag-profissinalizantes","tag-uberlandia"],"_links":{"self":[{"href":"https:\/\/revistahubclub.com.br\/portal\/wp-json\/wp\/v2\/posts\/10856","targetHints":{"allow":["GET"]}}],"collection":[{"href":"https:\/\/revistahubclub.com.br\/portal\/wp-json\/wp\/v2\/posts"}],"about":[{"href":"https:\/\/revistahubclub.com.br\/portal\/wp-json\/wp\/v2\/types\/post"}],"author":[{"embeddable":true,"href":"https:\/\/revistahubclub.com.br\/portal\/wp-json\/wp\/v2\/users\/2"}],"replies":[{"embeddable":true,"href":"https:\/\/revistahubclub.com.br\/portal\/wp-json\/wp\/v2\/comments?post=10856"}],"version-history":[{"count":1,"href":"https:\/\/revistahubclub.com.br\/portal\/wp-json\/wp\/v2\/posts\/10856\/revisions"}],"predecessor-version":[{"id":10858,"href":"https:\/\/revistahubclub.com.br\/portal\/wp-json\/wp\/v2\/posts\/10856\/revisions\/10858"}],"wp:featuredmedia":[{"embeddable":true,"href":"https:\/\/revistahubclub.com.br\/portal\/wp-json\/wp\/v2\/media\/10857"}],"wp:attachment":[{"href":"https:\/\/revistahubclub.com.br\/portal\/wp-json\/wp\/v2\/media?parent=10856"}],"wp:term":[{"taxonomy":"category","embeddable":true,"href":"https:\/\/revistahubclub.com.br\/portal\/wp-json\/wp\/v2\/categories?post=10856"},{"taxonomy":"post_tag","embeddable":true,"href":"https:\/\/revistahubclub.com.br\/portal\/wp-json\/wp\/v2\/tags?post=10856"}],"curies":[{"name":"wp","href":"https:\/\/api.w.org\/{rel}","templated":true}]}}