{"id":10862,"date":"2025-04-03T08:46:56","date_gmt":"2025-04-03T11:46:56","guid":{"rendered":"https:\/\/revistahubclub.com.br\/portal\/?p=10862"},"modified":"2025-04-03T08:46:56","modified_gmt":"2025-04-03T11:46:56","slug":"femec-2025-terceiro-dia-da-feira-destaca-inovacao-produtividade-e-reconhecimento-aos-profissionais-do-agro","status":"publish","type":"post","link":"https:\/\/revistahubclub.com.br\/portal\/2025\/04\/03\/femec-2025-terceiro-dia-da-feira-destaca-inovacao-produtividade-e-reconhecimento-aos-profissionais-do-agro\/","title":{"rendered":"FEMEC 2025: Terceiro dia da feira destaca inova\u00e7\u00e3o, produtividade e reconhecimento aos profissionais do agro"},"content":{"rendered":"\n<p>A FEMEC reuniu especialistas, produtores e estudantes para debater inova\u00e7\u00e3o, produtividade agr\u00edcola e homenagear grandes nomes do setor<\/p>\n\n\n\n<p>Uberl\u00e2ndia recebeu mais um dia de intensa programa\u00e7\u00e3o na FEMEC 2025, consolidando a feira como um dos eventos mais importantes para o agroneg\u00f3cio nacional. O terceiro dia foi marcado por debates sobre inova\u00e7\u00e3o e produtividade agr\u00edcola, al\u00e9m de um momento de reconhecimento a profissionais que fizeram hist\u00f3ria no setor.<\/p>\n\n\n\n<p>Inova\u00e7\u00e3o para impulsionar a produtividade<\/p>\n\n\n\n<p>Um dos destaques do dia foi o F\u00f3rum ADM &amp; Produtores, que reuniu especialistas do setor para discutir tend\u00eancias e desafios do mercado. Let\u00edcia Bretas, l\u00edder de inova\u00e7\u00e3o para o cliente da ADM, destacou os investimentos da empresa em tecnologia e log\u00edstica para otimizar a jornada do produtor.<\/p>\n\n\n\n<p>\u201cA ADM tem olhado a jornada do cliente do in\u00edcio ao fim, focando na melhoria do n\u00edvel de servi\u00e7o. Desde a comercializa\u00e7\u00e3o digital de pre\u00e7os at\u00e9 a otimiza\u00e7\u00e3o do cr\u00e9dito e da log\u00edstica, estamos investindo para trazer competitividade e atender melhor os produtores\u201d, afirmou Let\u00edcia.<\/p>\n\n\n\n<p>Produtividade agr\u00edcola no centro das discuss\u00f5es<\/p>\n\n\n\n<p>Na parte da tarde, o semin\u00e1rio de produtividade agr\u00edcola atraiu produtores e estudantes interessados em t\u00e9cnicas para maximizar os resultados no campo. Alexandre Ferigolo Alves, pesquisador da UFSM, abordou os principais fatores que impactam a produtividade das lavouras, enquanto Leandro Carneiro, da AgroBelts, discutiu as lacunas da safra 2024\/25.<\/p>\n\n\n\n<p>Entre os participantes, a estudante de agronomia Brenna Ara\u00fajo destacou a import\u00e2ncia do conte\u00fado apresentado. \u201cCom certeza vai agregar para os meus conhecimentos. Foi fundamental ouvir meu professor falando sobre o que o mercado de trabalho busca nos futuros profissionais\u201d, afirmou.<\/p>\n\n\n\n<p>Ana J\u00falia de Franco, tamb\u00e9m estudante de agronomia, ressaltou o impacto da FEMEC para aqueles que est\u00e3o ingressando no setor. \u201cAqui temos contato com novas tecnologias e conseguimos fazer networking com profissionais experientes. As palestras nos ajudam a entender o que o mercado espera de n\u00f3s\u201d, disse.<\/p>\n\n\n\n<p>Reconhecimento a grandes nomes do agro<\/p>\n\n\n\n<p>O engenheiro agr\u00f4nomo e professor aposentado Joaquim Ant\u00f4nio de Carvalho foi homenageado durante a Mesa Redonda: Produtores &amp; Pesquisadores. Emocionado, ele destacou a import\u00e2ncia do reconhecimento vindo dos ex-alunos. \u201cA maior recompensa para um professor \u00e9 o reconhecimento dos alunos, porque na universidade, do ponto de vista material, n\u00e3o levamos nada. Esse retorno \u00e9 gratificante\u201d, declarou.<\/p>\n\n\n\n<p>Gastronomia e tecnologia tamb\u00e9m foram destaque<\/p>\n\n\n\n<p>Al\u00e9m das discuss\u00f5es t\u00e9cnicas, o terceiro dia da FEMEC contou com atra\u00e7\u00f5es voltadas para a gastronomia e inova\u00e7\u00e3o no campo. A Emater-MG promoveu oficinas sobre produ\u00e7\u00e3o de conservas, processamento de queijos e harmoniza\u00e7\u00e3o com vinhos. J\u00e1 o SENAR apresentou as \u00faltimas novidades em mapeamento agr\u00edcola com drones, GPS e sat\u00e9lites.<\/p>\n\n\n\n<p>Pr\u00f3ximos eventos na FEMEC 2025<\/p>\n\n\n\n<p>A feira continua nesta quinta-feira (3) com uma programa\u00e7\u00e3o intensa. Entre os destaques, a palestra da Bayer sobre solu\u00e7\u00f5es digitais para o campo, \u00e0s 10h, no Pavilh\u00e3o do Agroneg\u00f3cio. \u00c0s 16h, acontece o Encontro de Mulheres Mineiras do Agroneg\u00f3cio, e \u00e0s 18h, o Encontro dos Confinadores no espa\u00e7o da pecu\u00e1ria.<\/p>\n\n\n\n<p>Acontecem ainda nesta quinta-feira, \u00e0s exposi\u00e7\u00f5es das ra\u00e7as Nelore, com o julgamento do Grande Campeonato, e Gir Leiteiro que entra na pista a partir das 9 horas da manh\u00e3.<\/p>\n\n\n\n<p>H\u00e1 tamb\u00e9m atividades voltadas para produtores rurais nos estandes da Emater, Sebrae e Prefeitura de Uberl\u00e2ndia.<\/p>\n\n\n<figure class=\"wp-block-post-featured-image\"><img loading=\"lazy\" decoding=\"async\" width=\"1280\" height=\"720\" src=\"https:\/\/revistahubclub.com.br\/portal\/wp-content\/uploads\/2025\/04\/WhatsApp-Image-2025-04-03-at-07.05.48.jpeg\" class=\"attachment-post-thumbnail size-post-thumbnail wp-post-image\" alt=\"\" style=\"object-fit:cover;\" srcset=\"https:\/\/revistahubclub.com.br\/portal\/wp-content\/uploads\/2025\/04\/WhatsApp-Image-2025-04-03-at-07.05.48.jpeg 1280w, https:\/\/revistahubclub.com.br\/portal\/wp-content\/uploads\/2025\/04\/WhatsApp-Image-2025-04-03-at-07.05.48-300x169.jpeg 300w, https:\/\/revistahubclub.com.br\/portal\/wp-content\/uploads\/2025\/04\/WhatsApp-Image-2025-04-03-at-07.05.48-1024x576.jpeg 1024w, https:\/\/revistahubclub.com.br\/portal\/wp-content\/uploads\/2025\/04\/WhatsApp-Image-2025-04-03-at-07.05.48-768x432.jpeg 768w\" sizes=\"auto, (max-width: 1280px) 100vw, 1280px\" \/><\/figure>","protected":false},"excerpt":{"rendered":"<p>A FEMEC reuniu especialistas, produtores e estudantes para debater inova\u00e7\u00e3o, produtividade agr\u00edcola e homenagear grandes nomes do setor Uberl\u00e2ndia recebeu mais um dia de intensa programa\u00e7\u00e3o na FEMEC 2025, consolidando<\/p>\n","protected":false},"author":2,"featured_media":10863,"comment_status":"open","ping_status":"open","sticky":false,"template":"","format":"standard","meta":{"footnotes":""},"categories":[1],"tags":[16,86,310,27],"class_list":["post-10862","post","type-post","status-publish","format-standard","has-post-thumbnail","hentry","category-noticias","tag-agronegocio","tag-economia","tag-femec-2025","tag-uberlandia"],"_links":{"self":[{"href":"https:\/\/revistahubclub.com.br\/portal\/wp-json\/wp\/v2\/posts\/10862","targetHints":{"allow":["GET"]}}],"collection":[{"href":"https:\/\/revistahubclub.com.br\/portal\/wp-json\/wp\/v2\/posts"}],"about":[{"href":"https:\/\/revistahubclub.com.br\/portal\/wp-json\/wp\/v2\/types\/post"}],"author":[{"embeddable":true,"href":"https:\/\/revistahubclub.com.br\/portal\/wp-json\/wp\/v2\/users\/2"}],"replies":[{"embeddable":true,"href":"https:\/\/revistahubclub.com.br\/portal\/wp-json\/wp\/v2\/comments?post=10862"}],"version-history":[{"count":1,"href":"https:\/\/revistahubclub.com.br\/portal\/wp-json\/wp\/v2\/posts\/10862\/revisions"}],"predecessor-version":[{"id":10864,"href":"https:\/\/revistahubclub.com.br\/portal\/wp-json\/wp\/v2\/posts\/10862\/revisions\/10864"}],"wp:featuredmedia":[{"embeddable":true,"href":"https:\/\/revistahubclub.com.br\/portal\/wp-json\/wp\/v2\/media\/10863"}],"wp:attachment":[{"href":"https:\/\/revistahubclub.com.br\/portal\/wp-json\/wp\/v2\/media?parent=10862"}],"wp:term":[{"taxonomy":"category","embeddable":true,"href":"https:\/\/revistahubclub.com.br\/portal\/wp-json\/wp\/v2\/categories?post=10862"},{"taxonomy":"post_tag","embeddable":true,"href":"https:\/\/revistahubclub.com.br\/portal\/wp-json\/wp\/v2\/tags?post=10862"}],"curies":[{"name":"wp","href":"https:\/\/api.w.org\/{rel}","templated":true}]}}