{"id":10873,"date":"2025-04-03T20:49:07","date_gmt":"2025-04-03T23:49:07","guid":{"rendered":"https:\/\/revistahubclub.com.br\/portal\/?p=10873"},"modified":"2025-04-03T20:49:07","modified_gmt":"2025-04-03T23:49:07","slug":"federacao-dos-cafeicultores-do-cerrado-estara-presente-na-fenicafe-2025","status":"publish","type":"post","link":"https:\/\/revistahubclub.com.br\/portal\/2025\/04\/03\/federacao-dos-cafeicultores-do-cerrado-estara-presente-na-fenicafe-2025\/","title":{"rendered":"Federa\u00e7\u00e3o dos Cafeicultores do Cerrado estar\u00e1 presente na Fenicaf\u00e9 2025"},"content":{"rendered":"\n<p><em>Evento em Araguari destaca a import\u00e2ncia da irriga\u00e7\u00e3o na cafeicultura e re\u00fane especialistas para debater inova\u00e7\u00e3o, mercado e sustentabilidade<\/em><\/p>\n\n\n\n<p>A Federa\u00e7\u00e3o dos Cafeicultores do Cerrado participar\u00e1 da 28\u00aa Feira Nacional de Irriga\u00e7\u00e3o em Cafeicultura &#8211; Fenicaf\u00e9, que acontece de 07 a 10 de abril no Parque de Exposi\u00e7\u00f5es Ministro Rondon Pacheco, em Araguari, no Tri\u00e2ngulo Mineiro. O evento, organizado pela Associa\u00e7\u00e3o dos Cafeicultores de Araguari (ACA), com o apoio da Embrapa Caf\u00e9 e da Prefeitura Municipal de Araguari, \u00e9 considerado o maior do Brasil voltado para a cafeicultura irrigada e uma plataforma estrat\u00e9gica para a dissemina\u00e7\u00e3o de novas tecnologias e oportunidades de neg\u00f3cios.<\/p>\n\n\n\n<p>A abertura oficial da Fenicaf\u00e9 est\u00e1 marcada para o dia 7 de abril, reunindo lideran\u00e7as do setor e autoridades pol\u00edticas. O presidente da Federa\u00e7\u00e3o dos Cafeicultores do Cerrado, Gl\u00e1ucio de Castro, estar\u00e1 presente na solenidade e refor\u00e7a a import\u00e2ncia do evento para a cafeicultura brasileira. \u201cA Fenicaf\u00e9 \u00e9 a principal feira de irriga\u00e7\u00e3o do Brasil. Essa tecnologia se tornou vital para a produ\u00e7\u00e3o de caf\u00e9 diante das mudan\u00e7as clim\u00e1ticas\u201d, destaca.<\/p>\n\n\n\n<p>A programa\u00e7\u00e3o do evento inclui palestras t\u00e9cnicas, pain\u00e9is de discuss\u00e3o, workshops e exposi\u00e7\u00f5es de empresas do setor. O foco estar\u00e1 em temas estrat\u00e9gicos como gest\u00e3o e rentabilidade no campo, tend\u00eancias de mercado, exporta\u00e7\u00e3o e perspectivas econ\u00f4micas para o agroneg\u00f3cio. Ao todo, ser\u00e3o oito palestrantes que trar\u00e3o insights sobre os desafios e oportunidades da cafeicultura irrigada.<\/p>\n\n\n\n<p>Aberta ao p\u00fablico, a Fenicaf\u00e9 se consolida como um espa\u00e7o essencial para a inova\u00e7\u00e3o e o desenvolvimento da cafeicultura no Cerrado Mineiro, uma das regi\u00f5es mais produtivas do Brasil.<\/p>\n\n\n\n<p><\/p>\n","protected":false},"excerpt":{"rendered":"<p>Evento em Araguari destaca a import\u00e2ncia da irriga\u00e7\u00e3o na cafeicultura e re\u00fane especialistas para debater inova\u00e7\u00e3o, mercado e sustentabilidade A Federa\u00e7\u00e3o dos Cafeicultores do Cerrado participar\u00e1 da 28\u00aa Feira Nacional<\/p>\n","protected":false},"author":3,"featured_media":10874,"comment_status":"open","ping_status":"open","sticky":false,"template":"","format":"standard","meta":{"footnotes":""},"categories":[1],"tags":[],"class_list":["post-10873","post","type-post","status-publish","format-standard","has-post-thumbnail","hentry","category-noticias"],"_links":{"self":[{"href":"https:\/\/revistahubclub.com.br\/portal\/wp-json\/wp\/v2\/posts\/10873","targetHints":{"allow":["GET"]}}],"collection":[{"href":"https:\/\/revistahubclub.com.br\/portal\/wp-json\/wp\/v2\/posts"}],"about":[{"href":"https:\/\/revistahubclub.com.br\/portal\/wp-json\/wp\/v2\/types\/post"}],"author":[{"embeddable":true,"href":"https:\/\/revistahubclub.com.br\/portal\/wp-json\/wp\/v2\/users\/3"}],"replies":[{"embeddable":true,"href":"https:\/\/revistahubclub.com.br\/portal\/wp-json\/wp\/v2\/comments?post=10873"}],"version-history":[{"count":1,"href":"https:\/\/revistahubclub.com.br\/portal\/wp-json\/wp\/v2\/posts\/10873\/revisions"}],"predecessor-version":[{"id":10875,"href":"https:\/\/revistahubclub.com.br\/portal\/wp-json\/wp\/v2\/posts\/10873\/revisions\/10875"}],"wp:featuredmedia":[{"embeddable":true,"href":"https:\/\/revistahubclub.com.br\/portal\/wp-json\/wp\/v2\/media\/10874"}],"wp:attachment":[{"href":"https:\/\/revistahubclub.com.br\/portal\/wp-json\/wp\/v2\/media?parent=10873"}],"wp:term":[{"taxonomy":"category","embeddable":true,"href":"https:\/\/revistahubclub.com.br\/portal\/wp-json\/wp\/v2\/categories?post=10873"},{"taxonomy":"post_tag","embeddable":true,"href":"https:\/\/revistahubclub.com.br\/portal\/wp-json\/wp\/v2\/tags?post=10873"}],"curies":[{"name":"wp","href":"https:\/\/api.w.org\/{rel}","templated":true}]}}