{"id":10907,"date":"2025-04-09T12:40:29","date_gmt":"2025-04-09T15:40:29","guid":{"rendered":"https:\/\/revistahubclub.com.br\/portal\/?p=10907"},"modified":"2025-04-09T12:40:29","modified_gmt":"2025-04-09T15:40:29","slug":"a-revolucao-da-jornada-de-trabalho-6x1-beneficios-e-desafios-da-reducao-da-jornada-de-trabalho-menos-horas-mais-vida","status":"publish","type":"post","link":"https:\/\/revistahubclub.com.br\/portal\/2025\/04\/09\/a-revolucao-da-jornada-de-trabalho-6x1-beneficios-e-desafios-da-reducao-da-jornada-de-trabalho-menos-horas-mais-vida\/","title":{"rendered":"A revolu\u00e7\u00e3o da jornada de trabalho 6&#215;1 &#8211; Benef\u00edcios e desafios da redu\u00e7\u00e3o da jornada de trabalho: menos horas, mais vida"},"content":{"rendered":"\n<p>A redu\u00e7\u00e3o da jornada de trabalho de 8 horas para 6 horas, com um dia de folga durante a semana, e\u0301 uma proposta que tem sido discutida em v\u00e1rios pa\u00edses, incluindo o Brasil, cujas semanas passariam de 44 horas para 40 horas trabalhadas.<\/p>\n\n\n\n<p>Vantagens da redu\u00e7\u00e3o da jornada<br>6&#215;1<\/p>\n\n\n\n<ol class=\"wp-block-list\">\n<li>Melhoria da qualidade de vida: a redu\u00e7\u00e3o da jornada de trabalho pode permitir que os trabalhadores tenham mais tempo para se dedicar a atividades pessoais e familiares, bem como lazer e estudos. Al\u00e9m disso, promove a redu\u00e7\u00e3o do estresse e do cansa\u00e7o, levando-se ao aumento da produtividade.<\/li>\n\n\n\n<li>Aumento da produtividade: o aumento da produtividade devido \u00e0 redu\u00e7\u00e3o da jornada de trabalho \u00e9 um fator tamb\u00e9m de melhora do clima organizacional, tanto pessoal quanto da empresa. O trabalhador, por um lado, ao contribuir para a empresa, sente-se mais motivado. A empresa, por outro lado, consegue reter talentos e reduzir o absente\u00edsmo, al\u00e9m de promover atra\u00e7\u00e3o aos cargos com tal redu\u00e7\u00e3o de jornada.<\/li>\n\n\n\n<li>Redu\u00e7\u00e3o do estresse: a redu\u00e7\u00e3o da jornada de trabalho, ao reduzir o estresse e a ansiedade relacionados ao trabalho, fortalece a liga\u00e7\u00e3o entre trabalhador e sua atividade laboral, reduzindo assim o desemprego. Atrav\u00e9s deste fator, observa-se um aumento do consumo e da economia, por conseguinte.<\/li>\n\n\n\n<li>Aumento da flexibilidade: a redu\u00e7\u00e3o da jornada de trabalho pode permitir que os trabalhadores tenham mais flexibilidade para gerenciar suas vidas pessoais e profissionais, aumentando tamb\u00e9m momentos de lazer e estudos e, por consequ\u00eancia, o consumo e a economia.<br>Contudo, h\u00e1 desvantagens em rela\u00e7\u00e3o \u00e0 redu\u00e7\u00e3o da jornada 6&#215;1. S\u00e3o elas:<\/li>\n\n\n\n<li>Redu\u00e7\u00e3o da remunera\u00e7\u00e3o: a redu\u00e7\u00e3o da jornada de trabalho pode levar \u00e0 uma redu\u00e7\u00e3o da remunera\u00e7\u00e3o, afetando negativamente o padr\u00e3o de vida dos trabalhadores. Os trabalhadores podem se sentir sobrecarregados e. com isto, desvalorizados.<\/li>\n\n\n\n<li>Dificuldades para pequenas empresas: a redu\u00e7\u00e3o da jornada de trabalho pode ser dificil para pequenas empresas, que podem n\u00e3o ter os recursos necess\u00e1rios para implementar tal mudan\u00e7a. Cita-se dentre elas a contrata\u00e7\u00e3o de novos funcion\u00e1rios, a fim de suprir a demanda local, gerando com tal quest\u00e3o. custos adicionais. Muitas vezes h\u00e1 necessidade de reestrutura\u00e7\u00e3o do trabalho e de processos, tra\u00e7ando-se dificuldades da adapta\u00e7\u00e3o de novos modelos, tanto por parte dos funcion\u00e1rios, quanto da pr\u00f3pria empresa, al\u00e9m da necessidade de fiscaliza\u00e7\u00e3o e regulamenta\u00e7\u00e3o para os modelos vigentes.<\/li>\n\n\n\n<li>Impacto na economia: a redu\u00e7\u00e3o da jornada de trabalho pode ter um impacto negativo na economia, especialmente se n\u00e3o for acompanhada de um aumento da produtividade, gerando desconforto principalmente por parte das empresas, que talvez tenham maior n\u00famero de funcion\u00e1rios e baixa produtividade.<\/li>\n\n\n\n<li>Dificuldades para certos setores: a redu\u00e7\u00e3o da jornada de trabalho pode ser dif\u00edcil para certos setores, tais como a sa\u00fade e a educa\u00e7\u00e3o, que requerem uma jornada de trabalho mais longa. Al\u00e9m de setores que requerem trabalhadores com alto grau de especializa\u00e7\u00e3o, cuja oferta j\u00e1 se encontra reduzida.<br>Exemplos de pa\u00edses que adotaram a redu\u00e7\u00e3o da jornada 6&#215;1<\/li>\n\n\n\n<li>Isl\u00e2ndia: um dos pa\u00edses que implementaram com sucesso a redu\u00e7\u00e3o da jornada de trabalho para 6 horas por dia, com um dia de folga durante a semana, perfazendo at\u00e9 36 horas semanais. Os modelos adotados s\u00e3o flex\u00edveis, variando de acordo com o tratado entre empregados e empregadores. Tais modelos comprovaram promover a melhora da qualidade de vida, a redu\u00e7\u00e3o do estresse e do absente\u00edsmo, al\u00e9m do ambiente de trabalho se mostrar mais leve e positivo.<\/li>\n\n\n\n<li>Su\u00e9cia: tamb\u00e9m adotou a redu\u00e7\u00e3o da jornada de trabalho para 6 horas por dia, com um dia de folga durante a semana, perfazendo 40 horas semanais. A flexibilidade tamb\u00e9m permitiu uma maior adapta\u00e7\u00e3o dos funcion\u00e1rios \u00e0s suas necessidades, e o aumento da produtividade e da qualidade de vida foram observados.<br>Conquanto \u00e0 organiza\u00e7\u00e3o dos trabalhos e aos custos adicionais, ainda est\u00e3o sendo debatidos elementos particulares de cada setor e empresa.<\/li>\n\n\n\n<li>Dinamarca: adotou a redu\u00e7\u00e3o da jornada de trabalho para 6 horas por dia, com um dia de folga durante a semana, perfazendo 37 horas semanais. Este pais se destaca por ter uma das jornadas mais curtas e flex\u00edveis.<br>Os funcion\u00e1rios possuem autonomia para organizar seu trabalho e seus hor\u00e1rios, visto que a cultura valoriza o equil\u00edbrio entre vida pessoal e profissional. Al\u00e9m da redu\u00e7\u00e3o da jornada, as empresas oferecem benef\u00edcios, tais como f\u00e9rias prolongadas, licen\u00e7a-maternidade e paternidade tamb\u00e9m maiores, bem como programas de sa\u00fade e bem-estar.<br>\u00c9 importante notar que a redu\u00e7\u00e3o da jornada de trabalho \u00e9 uma medida que deve ser cuidadosamente planejada e implementada, levando-se em considera\u00e7\u00e3o as necessidades e os desafios de cada setor e empresa, bem como os impactos na economia, na produtividade e na qualidade de vida dos trabalhadores. Os novos modelos de trabalho devem ser redefinidos de acordo com cada setor, regulamentados e fiscalizados gradualmente, a fim de que o resultado venha a contribuir positivamente para ambos os lados, os funcion\u00e1rios e as empresas.<\/li>\n<\/ol>\n\n\n\n<p><em><strong>Rodrigo Batista \u00e9 advogado, gestor jur\u00eddico, professor universit\u00e1rio, mestre em Direito dos Contratos e doutorando em Processo Civil.<\/strong><\/em><\/p>\n\n\n<figure class=\"wp-block-post-featured-image\"><img loading=\"lazy\" decoding=\"async\" width=\"670\" height=\"461\" src=\"https:\/\/revistahubclub.com.br\/portal\/wp-content\/uploads\/2025\/04\/Captura-de-tela-2025-04-09-123806.png\" class=\"attachment-post-thumbnail size-post-thumbnail wp-post-image\" alt=\"\" style=\"object-fit:cover;\" srcset=\"https:\/\/revistahubclub.com.br\/portal\/wp-content\/uploads\/2025\/04\/Captura-de-tela-2025-04-09-123806.png 670w, https:\/\/revistahubclub.com.br\/portal\/wp-content\/uploads\/2025\/04\/Captura-de-tela-2025-04-09-123806-300x206.png 300w\" sizes=\"auto, (max-width: 670px) 100vw, 670px\" \/><\/figure>","protected":false},"excerpt":{"rendered":"<p>A redu\u00e7\u00e3o da jornada de trabalho de 8 horas para 6 horas, com um dia de folga durante a semana, e\u0301 uma proposta que tem sido discutida em v\u00e1rios pa\u00edses,<\/p>\n","protected":false},"author":2,"featured_media":10908,"comment_status":"open","ping_status":"open","sticky":false,"template":"","format":"standard","meta":{"footnotes":""},"categories":[1],"tags":[355,356,354,358,357],"class_list":["post-10907","post","type-post","status-publish","format-standard","has-post-thumbnail","hentry","category-noticias","tag-beneficios","tag-desafios","tag-jornada-de-trabalho-6x1","tag-menos-horas","tag-pros-e-contras"],"_links":{"self":[{"href":"https:\/\/revistahubclub.com.br\/portal\/wp-json\/wp\/v2\/posts\/10907","targetHints":{"allow":["GET"]}}],"collection":[{"href":"https:\/\/revistahubclub.com.br\/portal\/wp-json\/wp\/v2\/posts"}],"about":[{"href":"https:\/\/revistahubclub.com.br\/portal\/wp-json\/wp\/v2\/types\/post"}],"author":[{"embeddable":true,"href":"https:\/\/revistahubclub.com.br\/portal\/wp-json\/wp\/v2\/users\/2"}],"replies":[{"embeddable":true,"href":"https:\/\/revistahubclub.com.br\/portal\/wp-json\/wp\/v2\/comments?post=10907"}],"version-history":[{"count":1,"href":"https:\/\/revistahubclub.com.br\/portal\/wp-json\/wp\/v2\/posts\/10907\/revisions"}],"predecessor-version":[{"id":10909,"href":"https:\/\/revistahubclub.com.br\/portal\/wp-json\/wp\/v2\/posts\/10907\/revisions\/10909"}],"wp:featuredmedia":[{"embeddable":true,"href":"https:\/\/revistahubclub.com.br\/portal\/wp-json\/wp\/v2\/media\/10908"}],"wp:attachment":[{"href":"https:\/\/revistahubclub.com.br\/portal\/wp-json\/wp\/v2\/media?parent=10907"}],"wp:term":[{"taxonomy":"category","embeddable":true,"href":"https:\/\/revistahubclub.com.br\/portal\/wp-json\/wp\/v2\/categories?post=10907"},{"taxonomy":"post_tag","embeddable":true,"href":"https:\/\/revistahubclub.com.br\/portal\/wp-json\/wp\/v2\/tags?post=10907"}],"curies":[{"name":"wp","href":"https:\/\/api.w.org\/{rel}","templated":true}]}}