{"id":10923,"date":"2025-04-11T11:12:46","date_gmt":"2025-04-11T14:12:46","guid":{"rendered":"https:\/\/revistahubclub.com.br\/portal\/?p=10923"},"modified":"2025-04-11T11:12:46","modified_gmt":"2025-04-11T14:12:46","slug":"economia-criativa-potencializa-negocios-e-valoriza-a-cultura-local","status":"publish","type":"post","link":"https:\/\/revistahubclub.com.br\/portal\/2025\/04\/11\/economia-criativa-potencializa-negocios-e-valoriza-a-cultura-local\/","title":{"rendered":"Economia criativa potencializa neg\u00f3cios e valoriza a cultura local"},"content":{"rendered":"\n<p><strong>Modelo tem ganhado relev\u00e2ncia global<\/strong><\/p>\n\n\n\n<p><strong><em>Alit\u00e9ia Milagres<\/em><\/strong><\/p>\n\n\n\n<p>A economia criativa \u00e9 um modelo econ\u00f4mico baseado na gera\u00e7\u00e3o de valor a partir da criatividade, do capital intelectual e da inova\u00e7\u00e3o. Tem ganhado relev\u00e2ncia global \u00e0 medida que a tecnologia digital expande as possibilidades de cria\u00e7\u00e3o, distribui\u00e7\u00e3o e consumo de bens e servi\u00e7os criativos. Ela \u00e9 impulsionada pela inova\u00e7\u00e3o e originalidade, e se caracteriza pela constante gera\u00e7\u00e3o de novas ideias e abordagens criativas do setor de cultura, moda, design, m\u00fasica e artesanato. Tamb\u00e9m est\u00e3o inclu\u00eddas as atividades de televis\u00e3o, r\u00e1dio, cinema e fotografia, al\u00e9m da expans\u00e3o dos diferentes usos da internet (desde as novas formas de comunica\u00e7\u00e3o at\u00e9 seu uso mercadol\u00f3gico), o setor de tecnologia e inova\u00e7\u00e3o, como o desenvolvimento de softwares, jogos eletr\u00f4nicos e aparelhos de celular, bem como a gastronomia, entre outros.<\/p>\n\n\n\n<p>A economia criativa no Brasil movimentou 7,8 milh\u00f5es de novos postos de trabalho em 2023, o que representa um crescimento de 4% na oferta de empregos. O setor criativo emprega cerca de 7,4 milh\u00f5es de trabalhadores, o que corresponde a 3,11% do Produto Interno Bruto (PIB) do pa\u00eds. Em todo o pa\u00eds, s\u00e3o mais de 935 mil profissionais formalmente empregados nesse setor da economia. Nesse contexto, os mineiros ocupam o terceiro lugar em gera\u00e7\u00e3o de emprego, com cerca de 82 mil profissionais registrados.<\/p>\n\n\n\n<figure class=\"wp-block-image size-full\"><img loading=\"lazy\" decoding=\"async\" width=\"423\" height=\"495\" src=\"https:\/\/revistahubclub.com.br\/portal\/wp-content\/uploads\/2025\/04\/image-3.png\" alt=\"\" class=\"wp-image-10924\" srcset=\"https:\/\/revistahubclub.com.br\/portal\/wp-content\/uploads\/2025\/04\/image-3.png 423w, https:\/\/revistahubclub.com.br\/portal\/wp-content\/uploads\/2025\/04\/image-3-256x300.png 256w\" sizes=\"auto, (max-width: 423px) 100vw, 423px\" \/><\/figure>\n\n\n\n<p><strong>Paludos Espetaria: de Uberaba para novos horizontes gastron\u00f4micos<br><\/strong>Na onda da economia criativa, Fabr\u00edcio Paludos, um apaixonado pelo tradicional churrasco fogo de ch\u00e3o e dono de uma boa prosa, fundou h\u00e1 sete anos, em Uberaba, a Paludos Espetaria. Com um investimento inicial de R$ 20 mil, o empreendimento conquistou o p\u00fablico local com um card\u00e1pio ousado e pratos ex\u00f3ticos que se tornaram sucesso na cidade. Entre os destaques est\u00e3o a costela fogo de ch\u00e3o, o fil\u00e9 de jacar\u00e9, o peixe surubim na brasa com molho de maracuj\u00e1 e a cl\u00e1ssica picanha.<\/p>\n\n\n\n<p>O sucesso consolidado da espetaria n\u00e3o freou os sonhos de Fabr\u00edcio. Ele agora se dedica a outro nicho: a organiza\u00e7\u00e3o de eventos gastron\u00f4micos. \u201cEu gosto de fazer eventos. J\u00e1 realizei em Passos, Piumhi, Catal\u00e3o, Araguari e Uberaba. N\u00e3o paro. Meu pr\u00f3ximo passo \u00e9 levar a Paludos para Uberl\u00e2ndia e seguir com meus eventos, onde preparo churrascos para muita gente\u201d, revela Fabr\u00edcio, mostrando que sua paix\u00e3o pela culin\u00e1ria \u00e9 combust\u00edvel para continuar expandindo.<\/p>\n\n\n\n<p><strong>Mundo Animal: lanchonete tem\u00e1tica<br><\/strong><\/p>\n\n\n\n<figure class=\"wp-block-image size-full\"><img loading=\"lazy\" decoding=\"async\" width=\"406\" height=\"522\" src=\"https:\/\/revistahubclub.com.br\/portal\/wp-content\/uploads\/2025\/04\/image-4.png\" alt=\"\" class=\"wp-image-10925\" srcset=\"https:\/\/revistahubclub.com.br\/portal\/wp-content\/uploads\/2025\/04\/image-4.png 406w, https:\/\/revistahubclub.com.br\/portal\/wp-content\/uploads\/2025\/04\/image-4-233x300.png 233w\" sizes=\"auto, (max-width: 406px) 100vw, 406px\" \/><\/figure>\n\n\n\n<p>Uma tend\u00eancia que tem crescido cada vez mais no Brasil s\u00e3o os neg\u00f3cios tem\u00e1ticos, a exemplo da franquia Mundo Animal Lanchonete Tem\u00e1tica, inaugurada no piso 2 do Uberl\u00e2ndia Shopping.<\/p>\n\n\n\n<p>A nova loja da Mundo Animal ocupa uma \u00e1rea de 750m\u00b2, com uma capacidade m\u00e9dia de 380 lugares e um espa\u00e7o kids de 70m\u00b2.\u202f<\/p>\n\n\n\n<p>Entre t\u00e1buas, hamb\u00fargueres, torres de batata, op\u00e7\u00f5es kids e lanches diversos, o card\u00e1pio da lanchonete conta com op\u00e7\u00f5es variadas de pratos individuais ou para compartilhar, al\u00e9m de drinks e sobremesas que agradam todos os gostos, tanto pelo sabor quanto pelo pre\u00e7o. Ainda, h\u00e1 op\u00e7\u00f5es de combos, como o \u201cAlegria da Selva\u201d, exclusivo para as crian\u00e7as, que inclui brinquedos colecion\u00e1veis.\u202f<\/p>\n\n\n\n<p>A experi\u00eancia tamb\u00e9m envolve o ambiente, todo decorado com o tema da selva e adaptado de acordo com as datas comemorativas. Os m\u00f3veis revestidos com estampas, as estruturas de madeira, folhagens e itens que remetem aos animais da selva deixam todos no clima do local, junto com os tel\u00f5es e trilha sonora.\u202f<\/p>\n\n\n\n<p>A atra\u00e7\u00e3o principal da noite na Mundo Animal \u00e9 o show do Leonel, o le\u00e3o mascote da marca, que faz sua grande entrada e, com os colaboradores da unidade, apresenta um espet\u00e1culo contagiante. Ainda, ap\u00f3s o show, o personagem passa de mesa em mesa para tirar fotos, cantar parab\u00e9ns aos aniversariantes e registrar o momento \u00fanico vivenciado por cada cliente. O primeiro show acontece, geralmente, cerca de 2 horas ap\u00f3s a abertura da unidade e o intervalo entre os shows e\u0301 de 2h a 2h30.<\/p>\n\n\n\n<p><strong>Confeitaria artesanal<br><\/strong><\/p>\n\n\n\n<figure class=\"wp-block-image size-full\"><img loading=\"lazy\" decoding=\"async\" width=\"471\" height=\"493\" src=\"https:\/\/revistahubclub.com.br\/portal\/wp-content\/uploads\/2025\/04\/image-5.png\" alt=\"\" class=\"wp-image-10926\" srcset=\"https:\/\/revistahubclub.com.br\/portal\/wp-content\/uploads\/2025\/04\/image-5.png 471w, https:\/\/revistahubclub.com.br\/portal\/wp-content\/uploads\/2025\/04\/image-5-287x300.png 287w\" sizes=\"auto, (max-width: 471px) 100vw, 471px\" \/><\/figure>\n\n\n\n<p>Enquanto muitos se dedicam \u00e0 gastronomia salgada, h\u00e1 quem encante pelo doce. \u00c9 o caso de Ariele Miola Silva, fundadora da Caseirinhos da Ari, uma confeitaria artesanal que vem conquistando paladares com suas especialidades, como bolos vulc\u00e3o, bolos no pote, cookies e brownies, verdadeiras del\u00edcias de dar \u00e1gua na boca. Ariele \u00e9 um exemplo inspirador de como \u00e9 poss\u00edvel transformar sonhos em realidade, equilibrando maternidade e empreendedorismo com sucesso. O in\u00edcio foi modesto, vendendo pelo Instagram (@caseirinhosdaari_confeitaria), onde rapidamente fidelizou clientes atra\u00eddos pela qualidade e pelo carinho em cada receita. Com o aumento da demanda, seu neg\u00f3cio cresceu, e agora os produtos est\u00e3o dispon\u00edveis tamb\u00e9m pelo iFood, ampliando o alcance da confeitaria. Hoje, a Caseirinhos da Ari \u00e9 sin\u00f4nimo de sabor e dedica\u00e7\u00e3o, mostrando que talento e paix\u00e3o s\u00e3o os principais ingredientes para empreender com sucesso.<\/p>\n\n\n\n<p>\u201cMinha paix\u00e3o pela confeitaria come\u00e7ou como um hobby e uma forma de relaxar. Quando percebi que poderia transformar esse talento em um neg\u00f3cio, n\u00e3o pensei duas vezes. Cada bolo que fa\u00e7o, cada doce que entrego, \u00e9 feito com carinho e dedica\u00e7\u00e3o, porque para mim a confeitaria \u00e9 mais do que trabalho, \u00e9 uma forma de express\u00e3o e de levar felicidade para as pessoas. Em breve vou vender salgados tamb\u00e9m\u201d, conta Ariele Miola Silva.<\/p>\n\n\n\n<p>A analista do Sebrae Minas Nayara Bernardes explica que para impulsionar esses neg\u00f3cios, uma das estrat\u00e9gias \u00e9 usar a identidade e a diversidade cultural. \u201cO empreendedor que trabalha com criatividade nos seus servi\u00e7os ou produtos tem como diferencial a singularidade. Ele imprime o que \u00e9 caracter\u00edstico da sua localidade e da sua viv\u00eancia. Ele cria produtos com caracter\u00edsticas que os tornam \u00fanicos\u201d, destaca.<\/p>\n\n\n\n<p><strong>Economia criativa abre oportunidades para o produtor rural<br><\/strong><\/p>\n\n\n\n<figure class=\"wp-block-image size-full\"><img loading=\"lazy\" decoding=\"async\" width=\"540\" height=\"443\" src=\"https:\/\/revistahubclub.com.br\/portal\/wp-content\/uploads\/2025\/04\/image-6.png\" alt=\"\" class=\"wp-image-10927\" srcset=\"https:\/\/revistahubclub.com.br\/portal\/wp-content\/uploads\/2025\/04\/image-6.png 540w, https:\/\/revistahubclub.com.br\/portal\/wp-content\/uploads\/2025\/04\/image-6-300x246.png 300w\" sizes=\"auto, (max-width: 540px) 100vw, 540px\" \/><\/figure>\n\n\n\n<p>O que muitos desconhecem \u00e9 que a EMATER-MG desempenha um papel essencial no apoio \u00e0s fam\u00edlias rurais que sonham em transformar suas habilidades em neg\u00f3cios rent\u00e1veis e legalizados. Em Uberl\u00e2ndia, a extensionista da institui\u00e7\u00e3o, M\u00e1rcia Barbosa, destaca que a miss\u00e3o principal da EMATER \u00e9 viabilizar e regularizar os sonhos desses empreendedores do campo. \u201c\u00c0s vezes, o produtor faz doces, queijos, artesanato, farinha, polpa de frutas ou charcutaria para vender entre amigos, mas quando recebe orienta\u00e7\u00e3o adequada, percebe o potencial de seu trabalho e aprende como legalizar a produ\u00e7\u00e3o para ampliar a comercializa\u00e7\u00e3o\u201d, explica M\u00e1rcia. Com essa assist\u00eancia, a EMATER n\u00e3o apenas impulsiona a formaliza\u00e7\u00e3o, mas tamb\u00e9m fomenta o crescimento econ\u00f4mico e a valoriza\u00e7\u00e3o do trabalho rural na regi\u00e3o.<br>Em meio \u00e0s conversas com produtores rurais, surgem hist\u00f3rias de criatividade e empreendedorismo que transformam tradi\u00e7\u00f5es em oportunidades de neg\u00f3cio. Um exemplo \u00e9 de uma propriedade rural que produzia bolos \u00e0 base de pequi e outras receitas com o fruto, e com o apoio da EMATER-MG, passou a comercializ\u00e1-las sob encomenda. Outro caso representativo envolve um grupo de artes\u00e3s que, orientadas pela equipe da institui\u00e7\u00e3o, come\u00e7aram a bordar narrativas que retratam a trajet\u00f3ria do queijo artesanal mineiro \u2013 um produto cuja t\u00e9cnica de fabrica\u00e7\u00e3o est\u00e1 em processo de candidatura para ser reconhecida como Patrim\u00f4nio Imaterial da Humanidade pela UNESCO. Essas iniciativas demonstram como a integra\u00e7\u00e3o entre cultura, tradi\u00e7\u00e3o e inova\u00e7\u00e3o pode impulsionar a economia local e preservar a identidade mineira.<\/p>\n\n\n\n<p>Ela explica que a EMATER orienta os produtores de forma assertiva. Uma informa\u00e7\u00e3o importante \u00e9 definir se a venda ser\u00e1 em \u00e2mbito municipal, regional ou federal, pois cada produto tem uma forma de regularizar. \u201cSe \u00e9 um produto animal, por exemplo, o registro se d\u00e1 em tr\u00eas inst\u00e2ncias municipal, estadual e governo federal. Se um produto \u00e9 de origem vegetal, pode regularizar no munic\u00edpio ou na vigil\u00e2ncia sanit\u00e1ria que \u00e9 do governo federal. \u201cDependendo de onde o produtor queira comercializar, ele tem um \u00f3rg\u00e3o espec\u00edfico para registrar o seu produto ou ter o alvar\u00e1 sanit\u00e1rio\u201d, disse.<br>M\u00e1rcia diz que mesmo com as orienta\u00e7\u00f5es espec\u00edficas para cada neg\u00f3cio, h\u00e1 desafios. Os produtores que precisam da flora, do cerrado para produzir por exemplo polpa de frutas, sofreram com as intemp\u00e9ries clim\u00e1ticas, como as queimadas. Tem produtor que t\u00eam dificuldade de construir agroind\u00fastria para comercializar por quest\u00f5es financeiras.<\/p>\n\n\n\n<p>\u201cA Emater lan\u00e7ou, no final do ano passado, a plataforma de comercializa\u00e7\u00e3o online \u00c9 do Campo (www.edocampo.com.br), que permite aos produtores, n\u00e3o apenas de queijo, mas de diversos produtos rurais, possam comercializar seus produtos de forma digital, aumentando as vendas e a abrang\u00eancia\u201d, destaca Patr\u00edcia.<\/p>\n\n\n\n<p>Essa inova\u00e7\u00e3o tem transformado a realidade das fam\u00edlias rurais, que antes comercializavam seus produtos apenas localmente, em feiras ou de porta em porta, e agora alcan\u00e7am consumidores de diversas regi\u00f5es. \u201cN\u00e3o h\u00e1 mais porteiras limitando o trabalho das fam\u00edlias rurais; seus produtos chegam mais facilmente ao consumidor final, gra\u00e7as \u00e0 tecnologia\u201d, refor\u00e7a.<\/p>\n\n\n\n<p>O trabalho da Emater junto \u00e0 agroind\u00fastria tem sido uma importante ferramenta para valorizar as fam\u00edlias rurais, sobretudo as mulheres rurais, e preservar os saberes tradicionais passados de gera\u00e7\u00e3o em gera\u00e7\u00e3o, carregados de mem\u00f3rias afetivas. Segundo Patr\u00edcia Freitas, extensionista da Emater-MG, essa atua\u00e7\u00e3o vai al\u00e9m da tradi\u00e7\u00e3o: busca tamb\u00e9m a melhoria da qualidade de vida no campo. \u201cEsse trabalho gera um aumento significativo da renda familiar, com toda a fam\u00edlia envolvida na propriedade, que se torna uma verdadeira empresa rural, capaz de gerar renda para todos, inclusive para os jovens\u201d, destaca Patr\u00edcia. A iniciativa refor\u00e7a o papel das agroind\u00fastrias como impulsionadoras da economia local, mantendo vivas as tradi\u00e7\u00f5es culturais e promovendo o desenvolvimento sustent\u00e1vel das comunidades rurais.<\/p>\n\n\n<figure class=\"wp-block-post-featured-image\"><img loading=\"lazy\" decoding=\"async\" width=\"423\" height=\"495\" src=\"https:\/\/revistahubclub.com.br\/portal\/wp-content\/uploads\/2025\/04\/image-3.png\" class=\"attachment-post-thumbnail size-post-thumbnail wp-post-image\" alt=\"\" style=\"object-fit:cover;\" srcset=\"https:\/\/revistahubclub.com.br\/portal\/wp-content\/uploads\/2025\/04\/image-3.png 423w, https:\/\/revistahubclub.com.br\/portal\/wp-content\/uploads\/2025\/04\/image-3-256x300.png 256w\" sizes=\"auto, (max-width: 423px) 100vw, 423px\" \/><\/figure>","protected":false},"excerpt":{"rendered":"<p>Modelo tem ganhado relev\u00e2ncia global Alit\u00e9ia Milagres A economia criativa \u00e9 um modelo econ\u00f4mico baseado na gera\u00e7\u00e3o de valor a partir da criatividade, do capital intelectual e da inova\u00e7\u00e3o. Tem<\/p>\n","protected":false},"author":2,"featured_media":10924,"comment_status":"open","ping_status":"open","sticky":false,"template":"","format":"standard","meta":{"footnotes":""},"categories":[1],"tags":[361,362,360,143,27],"class_list":["post-10923","post","type-post","status-publish","format-standard","has-post-thumbnail","hentry","category-noticias","tag-confeitaria","tag-economia-criativa","tag-paludos","tag-produtores-rurais","tag-uberlandia"],"_links":{"self":[{"href":"https:\/\/revistahubclub.com.br\/portal\/wp-json\/wp\/v2\/posts\/10923","targetHints":{"allow":["GET"]}}],"collection":[{"href":"https:\/\/revistahubclub.com.br\/portal\/wp-json\/wp\/v2\/posts"}],"about":[{"href":"https:\/\/revistahubclub.com.br\/portal\/wp-json\/wp\/v2\/types\/post"}],"author":[{"embeddable":true,"href":"https:\/\/revistahubclub.com.br\/portal\/wp-json\/wp\/v2\/users\/2"}],"replies":[{"embeddable":true,"href":"https:\/\/revistahubclub.com.br\/portal\/wp-json\/wp\/v2\/comments?post=10923"}],"version-history":[{"count":1,"href":"https:\/\/revistahubclub.com.br\/portal\/wp-json\/wp\/v2\/posts\/10923\/revisions"}],"predecessor-version":[{"id":10928,"href":"https:\/\/revistahubclub.com.br\/portal\/wp-json\/wp\/v2\/posts\/10923\/revisions\/10928"}],"wp:featuredmedia":[{"embeddable":true,"href":"https:\/\/revistahubclub.com.br\/portal\/wp-json\/wp\/v2\/media\/10924"}],"wp:attachment":[{"href":"https:\/\/revistahubclub.com.br\/portal\/wp-json\/wp\/v2\/media?parent=10923"}],"wp:term":[{"taxonomy":"category","embeddable":true,"href":"https:\/\/revistahubclub.com.br\/portal\/wp-json\/wp\/v2\/categories?post=10923"},{"taxonomy":"post_tag","embeddable":true,"href":"https:\/\/revistahubclub.com.br\/portal\/wp-json\/wp\/v2\/tags?post=10923"}],"curies":[{"name":"wp","href":"https:\/\/api.w.org\/{rel}","templated":true}]}}