{"id":10948,"date":"2025-04-15T08:31:46","date_gmt":"2025-04-15T11:31:46","guid":{"rendered":"https:\/\/revistahubclub.com.br\/portal\/?p=10948"},"modified":"2025-04-15T08:31:46","modified_gmt":"2025-04-15T11:31:46","slug":"regiao-do-cerrado-mineiro-alcanca-cinco-milhoes-de-selos-emitidos-para-cafes-industrializados-e-fortalece-lideranca-global","status":"publish","type":"post","link":"https:\/\/revistahubclub.com.br\/portal\/2025\/04\/15\/regiao-do-cerrado-mineiro-alcanca-cinco-milhoes-de-selos-emitidos-para-cafes-industrializados-e-fortalece-lideranca-global\/","title":{"rendered":"Regi\u00e3o do Cerrado Mineiro alcan\u00e7a cinco milh\u00f5es de selos emitidos para caf\u00e9s industrializados e fortalece lideran\u00e7a global"},"content":{"rendered":"\n<p>O Dia Internacional do Caf\u00e9, comemorado neste 14 de abril, marca um momento especial para a Regi\u00e3o do Cerrado Mineiro, que alcan\u00e7ou um marco in\u00e9dito em 2024: a emiss\u00e3o de cinco milh\u00f5es de selos de Denomina\u00e7\u00e3o de Origem (DO) para caf\u00e9s industrializados. Este n\u00famero reflete n\u00e3o apenas a qualidade e a consist\u00eancia dos gr\u00e3os produzidos na regi\u00e3o, mas tamb\u00e9m a expans\u00e3o de sua presen\u00e7a no mercado global, alcan\u00e7ando mais de 50 pa\u00edses.<\/p>\n\n\n\n<p>Os avan\u00e7os n\u00e3o param por a\u00ed. Em rela\u00e7\u00e3o ao caf\u00e9 verde certificado com o selo DO, a regi\u00e3o registrou um crescimento de 160% em 2024, passando de 115 mil para 300 mil sacas certificadas. Essa evolu\u00e7\u00e3o demonstra a crescente valoriza\u00e7\u00e3o do caf\u00e9 da Regi\u00e3o do Cerrado Mineiro entre torrefadores e consumidores internacionais.<\/p>\n\n\n\n<p>\u201cNossa parceria com a illycaff\u00e8, uma das maiores empresas de caf\u00e9 na It\u00e1lia, foi um divisor de \u00e1guas nesse processo. Ela impulsionou a proje\u00e7\u00e3o internacional do caf\u00e9 da regi\u00e3o, ampliando o volume de selos emitidos e assegurando a chegada do produto a dezenas de pa\u00edses. Antes da colabora\u00e7\u00e3o com a renomada marca italiana, a regi\u00e3o emitia em m\u00e9dia 250 mil selos por ano para caf\u00e9s industrializados. Em 2024, esse n\u00famero atingiu impressionantes cinco milh\u00f5es\u201d, afirma Juliano Tarabal, diretor executivo da Federa\u00e7\u00e3o dos Cafeicultores do Cerrado.<\/p>\n\n\n\n<p>Para promover ainda mais o selo de Denomina\u00e7\u00e3o de Origem (DO), a Federa\u00e7\u00e3o dos Cafeicultores do Cerrado realizou, em outubro passado, um road show em tr\u00eas importantes cidades italianas: Mil\u00e3o, Floren\u00e7a e Roma. A escolha da It\u00e1lia para o evento n\u00e3o foi por acaso. O pa\u00eds \u00e9 um dos maiores importadores de caf\u00e9 brasileiro, especialmente do Cerrado Mineiro, e tamb\u00e9m um dos principais consumidores de produtos com Denomina\u00e7\u00e3o de Origem, fator que agrega valor ao caf\u00e9 da regi\u00e3o.<\/p>\n\n\n\n<p><strong>Denomina\u00e7\u00e3o de Origem: uma certifica\u00e7\u00e3o de excel\u00eancia<\/strong><\/p>\n\n\n\n<p>A Denomina\u00e7\u00e3o de Origem \u00e9 um reconhecimento que atesta a singularidade do caf\u00e9 produzido em 55 munic\u00edpios que comp\u00f5em a Regi\u00e3o do Cerrado Mineiro. Com uma \u00e1rea cultivada de aproximadamente 250 mil hectares, a regi\u00e3o produz, em m\u00e9dia, seis milh\u00f5es de sacas de 60 kg por ano, o que representa 25,4% da produ\u00e7\u00e3o de Minas Gerais e 12,7% da produ\u00e7\u00e3o nacional.<\/p>\n\n\n\n<p>O selo DO garante que o caf\u00e9 atende a padr\u00f5es rigorosos de qualidade e que \u00e9 produzido em condi\u00e7\u00f5es \u00fanicas de terroir, envolvendo altitude, clima e solo caracter\u00edsticos da regi\u00e3o. Essa distin\u00e7\u00e3o tem sido fundamental para conquistar mercados exigentes e fortalecer a marca Cerrado Mineiro no cen\u00e1rio global.<\/p>\n\n\n\n<p>Segundo o presidente da Federa\u00e7\u00e3o dos Cafeicultores do Cerrado, Gl\u00e1ucio de Castro, o sucesso da Regi\u00e3o do Cerrado Mineiro \u00e9 resultado de uma combina\u00e7\u00e3o de fatores: investimento em inova\u00e7\u00e3o tecnol\u00f3gica, gest\u00e3o profissionalizada e compromisso com a sustentabilidade. \u201cOs produtores t\u00eam adotado pr\u00e1ticas de manejo respons\u00e1vel, garantindo n\u00e3o apenas a qualidade do produto final, mas tamb\u00e9m a preserva\u00e7\u00e3o ambiental e o desenvolvimento socioecon\u00f4mico da regi\u00e3o\u201d, ressalta.<\/p>\n\n\n\n<p>Fazem parte da Federa\u00e7\u00e3o seis cooperativas: Carmocer, Carpec, Coocacer Araguari, Coopadap, Expocacer e MonteCCer.<\/p>\n\n\n\n<p><strong>Impacto internacional e perspectivas futuras<\/strong><\/p>\n\n\n\n<p>A proje\u00e7\u00e3o do caf\u00e9 do Cerrado Mineiro em mais de 50 pa\u00edses reflete a consolida\u00e7\u00e3o de sua reputa\u00e7\u00e3o de excel\u00eancia. O aumento exponencial no volume de caf\u00e9s certificados com o selo DO demonstra que o mercado reconhece a regi\u00e3o como uma das principais fornecedoras de caf\u00e9s de alta qualidade no mundo.<\/p>\n\n\n\n<p>\u201cO crescimento que tivemos nos volumes certificados reafirma a import\u00e2ncia do trabalho conjunto entre produtores, cooperativas e parceiros internacionais. Estamos no caminho certo para elevar ainda mais o patamar do caf\u00e9 da Regi\u00e3o do Cerrado Mineiro no cen\u00e1rio global. Com a conquista de cinco milh\u00f5es de selos emitidos e um crescimento expressivo na certifica\u00e7\u00e3o de caf\u00e9 verde, a regi\u00e3o reafirma seu papel como protagonista na produ\u00e7\u00e3o de caf\u00e9s de qualidade\u201d, conclui Juliano Tarabal.<\/p>\n","protected":false},"excerpt":{"rendered":"<p>O Dia Internacional do Caf\u00e9, comemorado neste 14 de abril, marca um momento especial para a Regi\u00e3o do Cerrado Mineiro, que alcan\u00e7ou um marco in\u00e9dito em 2024: a emiss\u00e3o de<\/p>\n","protected":false},"author":3,"featured_media":10949,"comment_status":"open","ping_status":"open","sticky":false,"template":"","format":"standard","meta":{"footnotes":""},"categories":[1],"tags":[],"class_list":["post-10948","post","type-post","status-publish","format-standard","has-post-thumbnail","hentry","category-noticias"],"_links":{"self":[{"href":"https:\/\/revistahubclub.com.br\/portal\/wp-json\/wp\/v2\/posts\/10948","targetHints":{"allow":["GET"]}}],"collection":[{"href":"https:\/\/revistahubclub.com.br\/portal\/wp-json\/wp\/v2\/posts"}],"about":[{"href":"https:\/\/revistahubclub.com.br\/portal\/wp-json\/wp\/v2\/types\/post"}],"author":[{"embeddable":true,"href":"https:\/\/revistahubclub.com.br\/portal\/wp-json\/wp\/v2\/users\/3"}],"replies":[{"embeddable":true,"href":"https:\/\/revistahubclub.com.br\/portal\/wp-json\/wp\/v2\/comments?post=10948"}],"version-history":[{"count":1,"href":"https:\/\/revistahubclub.com.br\/portal\/wp-json\/wp\/v2\/posts\/10948\/revisions"}],"predecessor-version":[{"id":10950,"href":"https:\/\/revistahubclub.com.br\/portal\/wp-json\/wp\/v2\/posts\/10948\/revisions\/10950"}],"wp:featuredmedia":[{"embeddable":true,"href":"https:\/\/revistahubclub.com.br\/portal\/wp-json\/wp\/v2\/media\/10949"}],"wp:attachment":[{"href":"https:\/\/revistahubclub.com.br\/portal\/wp-json\/wp\/v2\/media?parent=10948"}],"wp:term":[{"taxonomy":"category","embeddable":true,"href":"https:\/\/revistahubclub.com.br\/portal\/wp-json\/wp\/v2\/categories?post=10948"},{"taxonomy":"post_tag","embeddable":true,"href":"https:\/\/revistahubclub.com.br\/portal\/wp-json\/wp\/v2\/tags?post=10948"}],"curies":[{"name":"wp","href":"https:\/\/api.w.org\/{rel}","templated":true}]}}