{"id":11000,"date":"2025-04-24T09:00:00","date_gmt":"2025-04-24T12:00:00","guid":{"rendered":"https:\/\/revistahubclub.com.br\/portal\/?p=11000"},"modified":"2025-04-22T11:22:52","modified_gmt":"2025-04-22T14:22:52","slug":"revolucao-demografica-explosao-de-cuidadores-de-pessoas-idosas-no-brasil-envelhecido","status":"publish","type":"post","link":"https:\/\/revistahubclub.com.br\/portal\/2025\/04\/24\/revolucao-demografica-explosao-de-cuidadores-de-pessoas-idosas-no-brasil-envelhecido\/","title":{"rendered":"Revolu\u00e7\u00e3o demogr\u00e1fica: Explos\u00e3o de cuidadores de pessoas idosas no Brasil envelhecido"},"content":{"rendered":"\n<p><strong><em>Geni Costa | Fotos Divulga\u00e7\u00e3o<\/em><\/strong><\/p>\n\n\n\n<p>Brasil, antes considerado um pa\u00eds de jovens, vive hoje, uma revolu\u00e7\u00e3o demogr\u00e1fica sem precedentes.<br>Com o avan\u00e7o da medicina e a melhoria das condi\u00e7\u00f5es, sejam elas ambientais, sociais e econ\u00f4micas, a expectativa de vida da popula\u00e7\u00e3o aumentou, significativamente.<br>De acordo com o Instituto Brasileiro de Geografia e Estat\u00edstica &#8211; IBGE, a popula\u00e7\u00e3o com 60+ j\u00e1 ultrapassou os 15% do total e deve continuar crescendo. O n\u00famero de pessoas idosas no Brasil, pode exceder o de crian\u00e7as e adolescentes at\u00e9 2030. Proje\u00e7\u00f5es indicam que, at\u00e9 2050, aproximadamente, 31,8% dos brasileiros estar\u00e3o nessa faixa et\u00e1ria, o que representa cerca de 70 milh\u00f5es de pessoas idosas. Esse crescimento coloca o Brasil em um cen\u00e1rio de envelhecimento populacional compar\u00e1vel aos pa\u00edses desenvolvidos, os quais, se enriqueceram,<br>e depois envelheceram. N\u00e3o \u00e9 o caso do Brasil, sem estrutura previdenci\u00e1ria e de assist\u00eancia social consolidados, a popula\u00e7\u00e3o ter\u00e1 uma velhice vulner\u00e1vel.<br>Muito se precisa projetar e fazer. Tal fen\u00f4meno impulsiona a crescente demanda por profissionais de sa\u00fade e cuidadores de pessoas idosas capacitados, categorias essenciais para promover e manter a qualidade de vida, o bem-estar f\u00edsico e psicol\u00f3gico; enfim, uma vida longeva com dignidade e aten\u00e7\u00e3o.<br>O cuidador \u00e9 um profissional que presta assist\u00eancia a pessoas que precisam de ajuda, seja por limita\u00e7\u00f5es f\u00edsicas ou mentais, ou por acamamento. Embora o envelhecimento traga desafios, ele tamb\u00e9m representa oportunidades para o desenvolvimento de novos setores econ\u00f4micos, como a economia prateada, que envolve produtos e servi\u00e7os voltados ao p\u00fablico s\u00eanior. Al\u00e9m disso, pol\u00edticas de inclus\u00e3o e bem-estar podem transformar o envelhecimento em um per\u00edodo produtivo, com qualidade de vida e sa\u00fade mental est\u00e1vel.<br>Acreditamos que os cuidadores de idosos desempenham um papel fundamental no suporte di\u00e1rio das pessoas mais velhas, especialmente, aquelas com dificuldade de locomo\u00e7\u00e3o, doen\u00e7as cronicas, ou condi\u00e7\u00f5es neurodegenerativas, como Parkinson-e Alzheimer. Sabemos que a forma\u00e7\u00e3o desses profissionais pode ocorrer de diferentes formas. Existem cursos t\u00e9cnicos e profissionalizantes que oferecem capacita\u00e7\u00e3o espec\u00edfica, e, mesmo assim, h\u00e1 uma grande parcela de cuidadores que aprende na pr\u00e1tica.<br>Essas informa\u00e7\u00f5es evidenciam a necessidade de regulamenta\u00e7\u00e3o e maior reconhecimento da profiss\u00e3o.<br>Ainda que a demanda por cuidadores de pessoas idosas esteja crescendo, a profiss\u00e3o, infelizmente, ainda enfrenta muitos preconceitos. Nem sempre a remunera\u00e7\u00e3o \u00e9 proporcional \u00e0 carga emocional e f\u00edsica da atividade. O desprest\u00edgio desses profissionais reflete uma vis\u00e3o cultural, desprovida de conhecimento da import\u00e2ncia de admitir a velhice como uma fase da vida, que carece de cuidados especializados.<br>Al\u00e9m disso, novos modelos de assist\u00eancia, como o cuidado humanizado e a aten\u00e7\u00e3o integrada \u00e0s pessoas idosas, vem se consolidando, exigindo profissionais com forma\u00e7\u00e3o multidisciplinar. Cursos t\u00e9cnicos, gradua\u00e7\u00f5es e especializa\u00e7\u00f5es na \u00e1rea da gerontologia se tornam cada vez mais relevantes para atender a essa nova demanda.<br>A profiss\u00e3o de cuidador est\u00e1 em processo de regulamenta\u00e7\u00e3o no Brasil. Em dezembro de 2024, a Comiss\u00e3o de Assuntos Econ\u00f4micos (CAE) do Senado aprovou o projeto de lei (PL) 5.178\/2020, que regulamenta a profiss\u00e3o. A regulamenta\u00e7\u00e3o inclui a exig\u00eancia de um curso para exercer a profiss\u00e3o.<\/p>\n\n\n\n<p>Por conseguinte, o Brasil est\u00e1 diante de um desafio e uma oportunidade: estruturar uma rede de profissionais capacitados para atender a popula\u00e7\u00e3o idosa em crescimento. Valorizar a profiss\u00e3o de cuidador de idosos, investir em forma\u00e7\u00e3o e combater estigmas s\u00e3o passos essenciais para garantir um envelhecimento digno e saud\u00e1vel. Com o reconhecimento adequado, esses profissionais ter\u00e3o um papel cada vez mais relevante no cen\u00e1rio social e econ\u00f4mico do pa\u00eds.<br>O pa\u00eds precisa investir em pol\u00edticas p\u00fablicas eficazes, valorizar os profissionais que atuam com a popula\u00e7\u00e3o idosa e, por fim, promover uma cultura de envelhecimento saud\u00e1vel e ativo.<br>CUIDAR \u00e9 mais que uma a\u00e7\u00e3o. \u00c9 AMOR e compaix\u00e3o.<br>E a miss\u00e3o \u00e9\u2026 a todo instante, CUIDAR e fazer de tudo pela vida DIGNA de algu\u00e9m!<\/p>\n\n\n\n<p><strong><em>Profa. Dra. Geni de Ara\u00fajo Costa \u00e9 Professora Titular da Universidade Federal de Uberl\u00e2ndia (UFU): P\u00f3s-graduada (mestrado e doutorado) em Educa\u00e7\u00e3o e Longevidade &#8211; PUC\/SP; Estudiosa sobre o processo de envelhecimento, bem-estar e qualidade de vida.<\/em><\/strong><\/p>\n\n\n<figure class=\"wp-block-post-featured-image\"><img loading=\"lazy\" decoding=\"async\" width=\"544\" height=\"434\" src=\"https:\/\/revistahubclub.com.br\/portal\/wp-content\/uploads\/2025\/04\/Captura-de-tela-2025-04-22-111400.png\" class=\"attachment-post-thumbnail size-post-thumbnail wp-post-image\" alt=\"\" style=\"object-fit:cover;\" srcset=\"https:\/\/revistahubclub.com.br\/portal\/wp-content\/uploads\/2025\/04\/Captura-de-tela-2025-04-22-111400.png 544w, https:\/\/revistahubclub.com.br\/portal\/wp-content\/uploads\/2025\/04\/Captura-de-tela-2025-04-22-111400-300x239.png 300w\" sizes=\"auto, (max-width: 544px) 100vw, 544px\" \/><\/figure>","protected":false},"excerpt":{"rendered":"<p>Geni Costa | Fotos Divulga\u00e7\u00e3o Brasil, antes considerado um pa\u00eds de jovens, vive hoje, uma revolu\u00e7\u00e3o demogr\u00e1fica sem precedentes.Com o avan\u00e7o da medicina e a melhoria das condi\u00e7\u00f5es, sejam elas<\/p>\n","protected":false},"author":2,"featured_media":11001,"comment_status":"open","ping_status":"open","sticky":false,"template":"","format":"standard","meta":{"footnotes":""},"categories":[1],"tags":[394,395],"class_list":["post-11000","post","type-post","status-publish","format-standard","has-post-thumbnail","hentry","category-noticias","tag-cuidadores","tag-envelhecendo"],"_links":{"self":[{"href":"https:\/\/revistahubclub.com.br\/portal\/wp-json\/wp\/v2\/posts\/11000","targetHints":{"allow":["GET"]}}],"collection":[{"href":"https:\/\/revistahubclub.com.br\/portal\/wp-json\/wp\/v2\/posts"}],"about":[{"href":"https:\/\/revistahubclub.com.br\/portal\/wp-json\/wp\/v2\/types\/post"}],"author":[{"embeddable":true,"href":"https:\/\/revistahubclub.com.br\/portal\/wp-json\/wp\/v2\/users\/2"}],"replies":[{"embeddable":true,"href":"https:\/\/revistahubclub.com.br\/portal\/wp-json\/wp\/v2\/comments?post=11000"}],"version-history":[{"count":1,"href":"https:\/\/revistahubclub.com.br\/portal\/wp-json\/wp\/v2\/posts\/11000\/revisions"}],"predecessor-version":[{"id":11002,"href":"https:\/\/revistahubclub.com.br\/portal\/wp-json\/wp\/v2\/posts\/11000\/revisions\/11002"}],"wp:featuredmedia":[{"embeddable":true,"href":"https:\/\/revistahubclub.com.br\/portal\/wp-json\/wp\/v2\/media\/11001"}],"wp:attachment":[{"href":"https:\/\/revistahubclub.com.br\/portal\/wp-json\/wp\/v2\/media?parent=11000"}],"wp:term":[{"taxonomy":"category","embeddable":true,"href":"https:\/\/revistahubclub.com.br\/portal\/wp-json\/wp\/v2\/categories?post=11000"},{"taxonomy":"post_tag","embeddable":true,"href":"https:\/\/revistahubclub.com.br\/portal\/wp-json\/wp\/v2\/tags?post=11000"}],"curies":[{"name":"wp","href":"https:\/\/api.w.org\/{rel}","templated":true}]}}