{"id":11027,"date":"2025-04-28T09:31:00","date_gmt":"2025-04-28T12:31:00","guid":{"rendered":"https:\/\/revistahubclub.com.br\/portal\/?p=11027"},"modified":"2025-04-28T11:37:42","modified_gmt":"2025-04-28T14:37:42","slug":"a-nova-demanda-do-mercado-imobiliario-3","status":"publish","type":"post","link":"https:\/\/revistahubclub.com.br\/portal\/2025\/04\/28\/a-nova-demanda-do-mercado-imobiliario-3\/","title":{"rendered":"A nova demanda do mercado imobili\u00e1rio"},"content":{"rendered":"\n<p>Os olhos est\u00e3o voltados para a gera\u00e7\u00e3o Y, a demanda que tem impulsionado os desenvolvedores a ouvirem para criarem<\/p>\n\n\n\n<p><strong><em>Marco Mello | Fotos Mauro Marques<\/em><\/strong><\/p>\n\n\n\n<p>A Gera\u00e7\u00e3o Y, tamb\u00e9m conhecida como millennials, abrange indiv\u00edduos nascidos entre 1981 e 1996. Caracterizados por sua familiaridade com a tecnologia e conectividade constante, esses jovens adultos t\u00eam redefinido diversos mercados, incluindo o imobili\u00e1rio.<br>Em Uberl\u00e2ndia, Minas Gerais, os millennials representam mais de 32% da popula\u00e7\u00e3o local. Os cinco bairros com a maior concentra\u00e7\u00e3o dessa gera\u00e7\u00e3o s\u00e3o Finotti, Saraiva, Patrim\u00f4nio, Granada e Morumbi.<br>Essa distribui\u00e7\u00e3o demogr\u00e1fica indica \u00e1reas espec\u00edficas onde as demandas e prefer\u00eancias dos millennials podem influenciar significativamente o mercado imobili\u00e1rio local.<br>Diferentemente das gera\u00e7\u00f5es anteriores, os millennials tendem a priorizar a flexibilidade e a mobilidade em suas escolhas residenciais. Um estudo realizado pela Croma consultoria, aponta.<br>que 63% da gera\u00e7\u00e3o Y j\u00e1 planejam comprar um im\u00f3vel.<br>Al\u00e9m disso, os millennials valorizam im\u00f3veis localizados em \u00e1reas urbanas, pr\u00f3ximas ao trabalho e com f\u00e1cil acesso a transporte p\u00fablico e ciclovias. Essa tend\u00eancia reflete uma busca por conveni\u00eancia e qualidade de vida, alinhada a preocupa\u00e7\u00f5es ambientais e pr\u00e1ticas sustent\u00e1veis.<br>Para atender a esse p\u00fablico, \u00e9 essencial que os desenvolvedores de produtos e servi\u00e7os analisem atentamente o comportamento e as necessidades dessa gera\u00e7\u00e3o. Estrat\u00e9gias eficazes incluem a oferta de im\u00f3veis com tipologias ajustadas, espa\u00e7os menores, por\u00e9m bem localizados, e a incorpora\u00e7\u00e3o de tecnologias que facilitem a vida cotidiana. Al\u00e9m disso, a comunica\u00e7\u00e3o transparente e aut\u00eantica, especialmente atrav\u00e9s de plataformas digitais, \u00e9 fundamental para estabelecer uma conex\u00e3o genuina com os millennials.<br>Em resumo, compreender e atender \u00e0s expectativas da Cera\u00e7\u00e3o Y \u00e9 crucial para o sucesso no mercado imobili\u00e1rio atual. Em cidades como Uberl\u00e2ndia, onde uma parcela significativa da popula\u00e7\u00e3o pertence a essa gera\u00e7\u00e3o, adaptar-se \u00e0 essas tend\u00eancias n\u00e3o \u00e9 apenas uma oportunidade, mas uma necessidade para se manter competitivo e relevante.<\/p>\n\n\n\n<p><strong><em>Marco Mello \u00e9 diretor da Arez intelig\u00eancia, especialista em gest\u00e3o imobili\u00e1ria.<\/em><\/strong><\/p>\n\n\n<figure class=\"wp-block-post-featured-image\"><img loading=\"lazy\" decoding=\"async\" width=\"876\" height=\"387\" src=\"https:\/\/revistahubclub.com.br\/portal\/wp-content\/uploads\/2025\/04\/image-15.png\" class=\"attachment-post-thumbnail size-post-thumbnail wp-post-image\" alt=\"\" style=\"object-fit:cover;\" srcset=\"https:\/\/revistahubclub.com.br\/portal\/wp-content\/uploads\/2025\/04\/image-15.png 876w, https:\/\/revistahubclub.com.br\/portal\/wp-content\/uploads\/2025\/04\/image-15-300x133.png 300w, https:\/\/revistahubclub.com.br\/portal\/wp-content\/uploads\/2025\/04\/image-15-768x339.png 768w\" sizes=\"auto, (max-width: 876px) 100vw, 876px\" \/><\/figure>","protected":false},"excerpt":{"rendered":"<p>Os olhos est\u00e3o voltados para a gera\u00e7\u00e3o Y, a demanda que tem impulsionado os desenvolvedores a ouvirem para criarem Marco Mello | Fotos Mauro Marques A Gera\u00e7\u00e3o Y, tamb\u00e9m conhecida<\/p>\n","protected":false},"author":2,"featured_media":11028,"comment_status":"open","ping_status":"open","sticky":false,"template":"","format":"standard","meta":{"footnotes":""},"categories":[1],"tags":[19,27],"class_list":["post-11027","post","type-post","status-publish","format-standard","has-post-thumbnail","hentry","category-noticias","tag-mercado-imobiliario","tag-uberlandia"],"_links":{"self":[{"href":"https:\/\/revistahubclub.com.br\/portal\/wp-json\/wp\/v2\/posts\/11027","targetHints":{"allow":["GET"]}}],"collection":[{"href":"https:\/\/revistahubclub.com.br\/portal\/wp-json\/wp\/v2\/posts"}],"about":[{"href":"https:\/\/revistahubclub.com.br\/portal\/wp-json\/wp\/v2\/types\/post"}],"author":[{"embeddable":true,"href":"https:\/\/revistahubclub.com.br\/portal\/wp-json\/wp\/v2\/users\/2"}],"replies":[{"embeddable":true,"href":"https:\/\/revistahubclub.com.br\/portal\/wp-json\/wp\/v2\/comments?post=11027"}],"version-history":[{"count":1,"href":"https:\/\/revistahubclub.com.br\/portal\/wp-json\/wp\/v2\/posts\/11027\/revisions"}],"predecessor-version":[{"id":11029,"href":"https:\/\/revistahubclub.com.br\/portal\/wp-json\/wp\/v2\/posts\/11027\/revisions\/11029"}],"wp:featuredmedia":[{"embeddable":true,"href":"https:\/\/revistahubclub.com.br\/portal\/wp-json\/wp\/v2\/media\/11028"}],"wp:attachment":[{"href":"https:\/\/revistahubclub.com.br\/portal\/wp-json\/wp\/v2\/media?parent=11027"}],"wp:term":[{"taxonomy":"category","embeddable":true,"href":"https:\/\/revistahubclub.com.br\/portal\/wp-json\/wp\/v2\/categories?post=11027"},{"taxonomy":"post_tag","embeddable":true,"href":"https:\/\/revistahubclub.com.br\/portal\/wp-json\/wp\/v2\/tags?post=11027"}],"curies":[{"name":"wp","href":"https:\/\/api.w.org\/{rel}","templated":true}]}}