{"id":11036,"date":"2025-04-28T17:06:29","date_gmt":"2025-04-28T20:06:29","guid":{"rendered":"https:\/\/revistahubclub.com.br\/portal\/?p=11036"},"modified":"2025-04-28T17:06:29","modified_gmt":"2025-04-28T20:06:29","slug":"empresas-nao-abrirao-no-feriado-de-1o-de-maio","status":"publish","type":"post","link":"https:\/\/revistahubclub.com.br\/portal\/2025\/04\/28\/empresas-nao-abrirao-no-feriado-de-1o-de-maio\/","title":{"rendered":"Empresas n\u00e3o abrir\u00e3o no feriado de 1\u00ba de maio"},"content":{"rendered":"\n<p><\/p>\n\n\n\n<p>A CDL Uberl\u00e2ndia comunica que as empresas do com\u00e9rcio varejista de bens e servi\u00e7os\u00a0e as do com\u00e9rcio de g\u00eaneros aliment\u00edcios e afins,\u00a0n\u00e3o poder\u00e3o funcionar no\u00a0<strong>Dia do Trabalhador<\/strong>, feriado nacional comemorado em 1\u00ba de maio, considerando as cl\u00e1usulas 11\u00aa e 12\u00aa da Conven\u00e7\u00e3o Coletiva de Trabalho 2024\/2025, firmada entre o Sindicato dos Empregados no Com\u00e9rcio de Uberl\u00e2ndia e Araguari \u2013 SECUA e o Sindicato do Com\u00e9rcio de Uberl\u00e2ndia \u2013 SINDICOM\u00c9RCIO.<\/p>\n\n\n\n<p>A CDL de Uberl\u00e2ndia tamb\u00e9m informa que o canal de consulta online ao SPC permanecer\u00e1 dispon\u00edvel durante o feriado, com acesso pelo site oficial da entidade:&nbsp;<a href=\"http:\/\/www.cdludi.org.br\/\" target=\"_blank\" rel=\"noreferrer noopener\">www.cdludi.org.br<\/a>&nbsp;.<\/p>\n\n\n\n<p>Para mais informa\u00e7\u00f5es, a CDL Uberl\u00e2ndia se coloca \u00e0 disposi\u00e7\u00e3o dos associados.<\/p>\n\n\n<figure class=\"wp-block-post-featured-image\"><img loading=\"lazy\" decoding=\"async\" width=\"1536\" height=\"1024\" src=\"https:\/\/revistahubclub.com.br\/portal\/wp-content\/uploads\/2025\/04\/lojas.png\" class=\"attachment-post-thumbnail size-post-thumbnail wp-post-image\" alt=\"\" style=\"object-fit:cover;\" srcset=\"https:\/\/revistahubclub.com.br\/portal\/wp-content\/uploads\/2025\/04\/lojas.png 1536w, https:\/\/revistahubclub.com.br\/portal\/wp-content\/uploads\/2025\/04\/lojas-300x200.png 300w, https:\/\/revistahubclub.com.br\/portal\/wp-content\/uploads\/2025\/04\/lojas-1024x683.png 1024w, https:\/\/revistahubclub.com.br\/portal\/wp-content\/uploads\/2025\/04\/lojas-768x512.png 768w, https:\/\/revistahubclub.com.br\/portal\/wp-content\/uploads\/2025\/04\/lojas-900x600.png 900w\" sizes=\"auto, (max-width: 1536px) 100vw, 1536px\" \/><\/figure>","protected":false},"excerpt":{"rendered":"<p>A CDL Uberl\u00e2ndia comunica que as empresas do com\u00e9rcio varejista de bens e servi\u00e7os\u00a0e as do com\u00e9rcio de g\u00eaneros aliment\u00edcios e afins,\u00a0n\u00e3o poder\u00e3o funcionar no\u00a0Dia do Trabalhador, feriado nacional comemorado<\/p>\n","protected":false},"author":2,"featured_media":11037,"comment_status":"open","ping_status":"open","sticky":false,"template":"","format":"standard","meta":{"footnotes":""},"categories":[1],"tags":[],"class_list":["post-11036","post","type-post","status-publish","format-standard","has-post-thumbnail","hentry","category-noticias"],"_links":{"self":[{"href":"https:\/\/revistahubclub.com.br\/portal\/wp-json\/wp\/v2\/posts\/11036","targetHints":{"allow":["GET"]}}],"collection":[{"href":"https:\/\/revistahubclub.com.br\/portal\/wp-json\/wp\/v2\/posts"}],"about":[{"href":"https:\/\/revistahubclub.com.br\/portal\/wp-json\/wp\/v2\/types\/post"}],"author":[{"embeddable":true,"href":"https:\/\/revistahubclub.com.br\/portal\/wp-json\/wp\/v2\/users\/2"}],"replies":[{"embeddable":true,"href":"https:\/\/revistahubclub.com.br\/portal\/wp-json\/wp\/v2\/comments?post=11036"}],"version-history":[{"count":1,"href":"https:\/\/revistahubclub.com.br\/portal\/wp-json\/wp\/v2\/posts\/11036\/revisions"}],"predecessor-version":[{"id":11038,"href":"https:\/\/revistahubclub.com.br\/portal\/wp-json\/wp\/v2\/posts\/11036\/revisions\/11038"}],"wp:featuredmedia":[{"embeddable":true,"href":"https:\/\/revistahubclub.com.br\/portal\/wp-json\/wp\/v2\/media\/11037"}],"wp:attachment":[{"href":"https:\/\/revistahubclub.com.br\/portal\/wp-json\/wp\/v2\/media?parent=11036"}],"wp:term":[{"taxonomy":"category","embeddable":true,"href":"https:\/\/revistahubclub.com.br\/portal\/wp-json\/wp\/v2\/categories?post=11036"},{"taxonomy":"post_tag","embeddable":true,"href":"https:\/\/revistahubclub.com.br\/portal\/wp-json\/wp\/v2\/tags?post=11036"}],"curies":[{"name":"wp","href":"https:\/\/api.w.org\/{rel}","templated":true}]}}