{"id":11040,"date":"2025-04-29T10:06:36","date_gmt":"2025-04-29T13:06:36","guid":{"rendered":"https:\/\/revistahubclub.com.br\/portal\/?p=11040"},"modified":"2025-04-29T10:06:36","modified_gmt":"2025-04-29T13:06:36","slug":"micropigmentacao-capilar-um-dos-principais-beneficios-e-o-impacto-positivo-na-autoestima-dos-pacientes","status":"publish","type":"post","link":"https:\/\/revistahubclub.com.br\/portal\/2025\/04\/29\/micropigmentacao-capilar-um-dos-principais-beneficios-e-o-impacto-positivo-na-autoestima-dos-pacientes\/","title":{"rendered":"Micropigmenta\u00e7\u00e3o capilar: Um dos principais benef\u00edcios \u00e9 o impacto positivo na autoestima dos pacientes"},"content":{"rendered":"\n<p><strong><em>Publi editorial | Fotos Mauro Marques<\/em><\/strong><\/p>\n\n\n\n<p>A busca por solu\u00e7\u00f5es est\u00e9ticas que elevam a autoestima e proporcionam confian\u00e7a tem ganhado destaque nos \u00faltimos anos.<br>Uma das t\u00e9cnicas que vem conquistando cada vez mais adeptos \u00e9 a micropigmenta\u00e7\u00e3o capilar, especialmente na renomada Cl\u00ednica Clube do Lift Facial. Este procedimento inovador oferece uma alternativa eficaz para quem deseja disfar\u00e7ar a calv\u00edcie, o afinamento dos fios ou as falhas no couro cabeludo.<br>O que \u00e9 a micropigmenta\u00e7\u00e3o capilar?<br>A micropigmenta\u00e7\u00e3o capilar \u00e9 uma t\u00e9cnica est\u00e9tica que simula a apar\u00eancia de fios de cabelo, criando um efeito de densidade e volume. Realizado com pigmentos espec\u00edficos e equipamentos de precis\u00e3o, a micropigmenta\u00e7\u00e3o \u00e9 ideal para homens e mulheres que desejam revitalizar a apar\u00eancia capilar de forma natural e discreta.<br>indica\u00e7\u00f5es da t\u00e9cnica<br>Esta t\u00e9cnica \u00e9 indicada para diversos casos, incluindo:<\/p>\n\n\n\n<ul class=\"wp-block-list\">\n<li>Calv\u00edcie e alop\u00e9cia: disfar\u00e7a \u00e1reas com pouca ou nenhuma densidade capilar.<\/li>\n\n\n\n<li>Cicatrizes: camufla imperfei\u00e7\u00f5es no couro cabeludo, como cicatrizes de transplantes capilares.<\/li>\n\n\n\n<li>Afinamento dos fios: cria a ilus\u00e3o de fios mais espessos, proporcionando um visual mais volumoso.<\/li>\n\n\n\n<li>Homens e mulheres: adequada para todos os g\u00eaneros, respeitando as particularidades de cada um.<br>Aumento da autoestima<br>Um dos principais benef\u00edcios da micropigmenta\u00e7\u00e3o capilar \u00e9 o impacto positivo na autoestima dos pacientes. Ao restaurar a apar\u00eancia capilar, muitos relatam uma transforma\u00e7\u00e3o n\u00e3o apenas est\u00e9tica, mas emocional. A autoconfian\u00e7a renascida reflete em diversas \u00e1reas da vida, desde a vida social at\u00e9 a profissional.<br>Na Cl\u00ednica Clube do Lift Facial, a equipe de profissionais \u00e9 altamente capacitada e utiliza t\u00e9cnicas avan\u00e7adas, garantindo resultados naturais e satisfat\u00f3rios. Cada procedimento \u00e9 personalizado, considerando o estilo do paciente e suas expectativas, o que resulta em um efeito harm\u00f4nico e realista.<br>A micropigmenta\u00e7\u00e3o capilar \u00e9 mais do que uma simples t\u00e9cnica est\u00e9tica; \u00e9 uma verdadeira transforma\u00e7\u00e3o. Na Cl\u00ednica Clube do Lift Facial, voc\u00ea n\u00e3o apenas recupera a apar\u00eancia desejada, mas tamb\u00e9m renova a confian\u00e7a em si mesmo.<br>Agende uma consulta e descubra como esta t\u00e9cnica pode mudar a sua vida!<\/li>\n<\/ul>\n\n\n\n<p><strong><em>Tha\u00eds Oliveira, especialista em micropigmenta\u00e7\u00e3o capilar<\/em><\/strong><\/p>\n\n\n<figure class=\"wp-block-post-featured-image\"><img loading=\"lazy\" decoding=\"async\" width=\"336\" height=\"490\" src=\"https:\/\/revistahubclub.com.br\/portal\/wp-content\/uploads\/2025\/04\/Captura-de-tela-2025-04-29-100421.png\" class=\"attachment-post-thumbnail size-post-thumbnail wp-post-image\" alt=\"\" style=\"object-fit:cover;\" srcset=\"https:\/\/revistahubclub.com.br\/portal\/wp-content\/uploads\/2025\/04\/Captura-de-tela-2025-04-29-100421.png 336w, https:\/\/revistahubclub.com.br\/portal\/wp-content\/uploads\/2025\/04\/Captura-de-tela-2025-04-29-100421-206x300.png 206w\" sizes=\"auto, (max-width: 336px) 100vw, 336px\" \/><\/figure>","protected":false},"excerpt":{"rendered":"<p>Publi editorial | Fotos Mauro Marques A busca por solu\u00e7\u00f5es est\u00e9ticas que elevam a autoestima e proporcionam confian\u00e7a tem ganhado destaque nos \u00faltimos anos.Uma das t\u00e9cnicas que vem conquistando cada<\/p>\n","protected":false},"author":2,"featured_media":11041,"comment_status":"open","ping_status":"open","sticky":false,"template":"","format":"standard","meta":{"footnotes":""},"categories":[1],"tags":[399,398,27],"class_list":["post-11040","post","type-post","status-publish","format-standard","has-post-thumbnail","hentry","category-noticias","tag-capilar","tag-micropigmentacao","tag-uberlandia"],"_links":{"self":[{"href":"https:\/\/revistahubclub.com.br\/portal\/wp-json\/wp\/v2\/posts\/11040","targetHints":{"allow":["GET"]}}],"collection":[{"href":"https:\/\/revistahubclub.com.br\/portal\/wp-json\/wp\/v2\/posts"}],"about":[{"href":"https:\/\/revistahubclub.com.br\/portal\/wp-json\/wp\/v2\/types\/post"}],"author":[{"embeddable":true,"href":"https:\/\/revistahubclub.com.br\/portal\/wp-json\/wp\/v2\/users\/2"}],"replies":[{"embeddable":true,"href":"https:\/\/revistahubclub.com.br\/portal\/wp-json\/wp\/v2\/comments?post=11040"}],"version-history":[{"count":1,"href":"https:\/\/revistahubclub.com.br\/portal\/wp-json\/wp\/v2\/posts\/11040\/revisions"}],"predecessor-version":[{"id":11042,"href":"https:\/\/revistahubclub.com.br\/portal\/wp-json\/wp\/v2\/posts\/11040\/revisions\/11042"}],"wp:featuredmedia":[{"embeddable":true,"href":"https:\/\/revistahubclub.com.br\/portal\/wp-json\/wp\/v2\/media\/11041"}],"wp:attachment":[{"href":"https:\/\/revistahubclub.com.br\/portal\/wp-json\/wp\/v2\/media?parent=11040"}],"wp:term":[{"taxonomy":"category","embeddable":true,"href":"https:\/\/revistahubclub.com.br\/portal\/wp-json\/wp\/v2\/categories?post=11040"},{"taxonomy":"post_tag","embeddable":true,"href":"https:\/\/revistahubclub.com.br\/portal\/wp-json\/wp\/v2\/tags?post=11040"}],"curies":[{"name":"wp","href":"https:\/\/api.w.org\/{rel}","templated":true}]}}