{"id":11053,"date":"2025-04-30T12:26:26","date_gmt":"2025-04-30T15:26:26","guid":{"rendered":"https:\/\/revistahubclub.com.br\/portal\/?p=11053"},"modified":"2025-04-30T12:26:26","modified_gmt":"2025-04-30T15:26:26","slug":"desemprego-de-7-no-1o-trimestre-e-o-menor-ja-registrado-para-o-periodo","status":"publish","type":"post","link":"https:\/\/revistahubclub.com.br\/portal\/2025\/04\/30\/desemprego-de-7-no-1o-trimestre-e-o-menor-ja-registrado-para-o-periodo\/","title":{"rendered":"Desemprego de 7% no 1\u00ba trimestre \u00e9 o menor j\u00e1 registrado para o per\u00edodo"},"content":{"rendered":"\n<p>O Brasil fechou o primeiro trimestre de 2025 com taxa de desocupa\u00e7\u00e3o de 7%. Esse patamar fica acima do registrado no trimestre anterior, encerrado em dezembro (6,2%), no entanto, \u00e9 o menor para os meses de janeiro a mar\u00e7o em toda a s\u00e9rie hist\u00f3rica do&nbsp;<a href=\"https:\/\/agenciabrasil.ebc.com.br\/tags\/ibge\" target=\"_blank\" rel=\"noreferrer noopener\">Instituto Brasileiro de Geografia e Estat\u00edstica<\/a>&nbsp;(IBGE), iniciada em 2012.<img decoding=\"async\" src=\"https:\/\/agenciabrasil.ebc.com.br\/ebc.png?id=1640997&amp;o=node\"><img decoding=\"async\" src=\"https:\/\/agenciabrasil.ebc.com.br\/ebc.gif?id=1640997&amp;o=node\"><\/p>\n\n\n\n<p>O<strong>&nbsp;recorde anterior era&nbsp;de&nbsp;2014, quando a taxa de desocupa\u00e7\u00e3o no per\u00edodo marcou 7,2%. Em 2024, o \u00edndice era de 7,9%.<\/strong><\/p>\n\n\n\n<p><strong>Os dados fazem parte da Pesquisa Nacional por Amostra de Domic\u00edlios (Pnad) Cont\u00ednua, divulgada nesta quarta-feira (30)<\/strong>. O IBGE apura o comportamento no mercado de trabalho para pessoas com 14 anos ou mais e leva em conta todas as formas de ocupa\u00e7\u00e3o, seja emprego com ou sem carteira assinada, tempor\u00e1rio e por conta pr\u00f3pria, por exemplo.<\/p>\n\n\n\n<p>Na metodologia do IBGE, pessoas que n\u00e3o trabalham, mas que tamb\u00e9m n\u00e3o buscam vagas n\u00e3o entram no c\u00e1lculo de desempregados.<\/p>\n\n\n\n<p>De acordo com a pesquisa, a alta da desocupa\u00e7\u00e3o na passagem do quatro trimestre de 2024 para o primeiro de 2025 \u00e9 explicada pelo aumento no n\u00famero de pessoas que buscaram emprego, que cresceu 13,1%, representando 7,7 milh\u00f5es \u00e0 procura de vaga (891 mil a mais que no per\u00edodo terminado em dezembro). No entanto, quando a compara\u00e7\u00e3o \u00e9 com o mesmo per\u00edodo de 2024, houve redu\u00e7\u00e3o de 10,5% nesse contingente.<\/p>\n\n\n\n<p><strong>De acordo com a coordenadora de Pesquisas Domiciliares do IBGE, Adriana Beringuy, o resultado revela comportamento sazonal, &#8220;de modo geral, observado nos primeiros trimestres de cada ano&#8221;.<\/strong><\/p>\n\n\n\n<h2 class=\"wp-block-heading\">Setores<\/h2>\n\n\n\n<p>Em rela\u00e7\u00e3o ao n\u00famero de ocupados, as redu\u00e7\u00f5es mais significativas entre o fim de 2024 e o dado apurado em mar\u00e7o pertencem aos seguintes setores:<\/p>\n\n\n\n<p>&#8211; constru\u00e7\u00e3o (menos 397 mil pessoas);<\/p>\n\n\n\n<p>&#8211; alojamento e alimenta\u00e7\u00e3o (menos 190 mil pessoas);<\/p>\n\n\n\n<p>&#8211; administra\u00e7\u00e3o p\u00fablica, defesa, seguridade social, educa\u00e7\u00e3o, sa\u00fade humana e servi\u00e7os sociais (menos 297 mil pessoas);<\/p>\n\n\n\n<p>&#8211; servi\u00e7os dom\u00e9sticos (menos 241 mil pessoas);<\/p>\n\n\n\n<h2 class=\"wp-block-heading\">Carteira assinada<\/h2>\n\n\n\n<p>Adriana Beringuy considera que a redu\u00e7\u00e3o da ocupa\u00e7\u00e3o no primeiro trimestre (menos 1,3 milh\u00e3o&nbsp;de pessoas) n\u00e3o comprometeu negativamente o cen\u00e1rio do mercado de trabalho brasileiro.<\/p>\n\n\n\n<blockquote class=\"wp-block-quote is-layout-flow wp-block-quote-is-layout-flow\">\n<p>\u201cEmbora tenha havido retra\u00e7\u00e3o da ocupa\u00e7\u00e3o, essa retra\u00e7\u00e3o n\u00e3o comprometeu o contingente de empregados com carteira assinada\u201d.<\/p>\n<\/blockquote>\n\n\n\n<p><strong>O n\u00famero de trabalhadores com carteira assinada n\u00e3o teve varia\u00e7\u00e3o significativa na compara\u00e7\u00e3o com o trimestre encerrado em dezembro e chega a 39,4 milh\u00f5es, renovando um recorde.<\/strong><\/p>\n\n\n\n<p><strong>Segundo Adriana, o patamar \u00e9 sinal de \u201csustentabilidade\u201d do mercado de trabalho<\/strong>. De acordo com a pesquisadora, o panorama do emprego \u00e9 mais resistente a sofrer efeitos do cen\u00e1rio macroecon\u00f4mico, como os<a href=\"https:\/\/agenciabrasil.ebc.com.br\/economia\/noticia\/2025-03\/copom-eleva-juros-basicos-da-economia-para-1425-ao-ano#:~:text=Copom%20eleva%20juros%20b%C3%A1sicos%20da,25%25%20ao%20ano%20%7C%20Ag%C3%AAncia%20Brasil\" target=\"_blank\" rel=\"noreferrer noopener\">&nbsp;<\/a><a href=\"http:\/\/(https\/\/agenciabrasil.ebc.com.br\/economia\/noticia\/2025-03\/copom-eleva-juros-basicos-da-economia-para-1425-ao-ano#:~:text=Copom%20eleva%20juros%20b%C3%A1sicos%20da,25%25%20ao%20ano%20%7C%20Ag%C3%AAncia%20Brasil)\" target=\"_blank\" rel=\"noreferrer noopener\">juros altos<\/a>, utilizados para esfriar a economia em momentos de infla\u00e7\u00e3o alta.&nbsp;<\/p>\n\n\n\n<p>A taxa de informalidade, que contempla&nbsp;a&nbsp;popula\u00e7\u00e3o sem carteira assinada, marcou 38% no trimestre encerrado em mar\u00e7o \u2013 a menor desde o terceiro trimestre de 2020 (tamb\u00e9m 38%). A mais baixa j\u00e1 registrada foi de 36,5% no segundo trimestre de 2020.<\/p>\n\n\n\n<h2 class=\"wp-block-heading\">Rendimento<\/h2>\n\n\n\n<p>A<strong>&nbsp;pesquisa mostra ainda&nbsp;que o rendimento m\u00e9dio mensal dos trabalhadores foi de R$ 3.410, renovando recorde que pertencia ao trimestre encerrado em fevereiro (R$ 3.401).<\/strong>&nbsp;Esses valores s\u00e3o reais, ou seja, j\u00e1 aplicados os efeitos da infla\u00e7\u00e3o.&nbsp;<\/p>\n\n\n\n<p>A massa de rendimentos, o conjunto de dinheiro que os trabalhadores recebem para girar a economia ou poupar, ficou em R$ 345 bilh\u00f5es, bem perto do maior j\u00e1 registrado (R$ 345,2 no \u00faltimo trimestre de 2024).<\/p>\n\n\n\n<p><strong><em>Ag\u00eancia Brasil<\/em><\/strong><\/p>\n\n\n<figure class=\"wp-block-post-featured-image\"><img loading=\"lazy\" decoding=\"async\" width=\"1170\" height=\"700\" src=\"https:\/\/revistahubclub.com.br\/portal\/wp-content\/uploads\/2025\/04\/desemprego.webp\" class=\"attachment-post-thumbnail size-post-thumbnail wp-post-image\" alt=\"\" style=\"object-fit:cover;\" srcset=\"https:\/\/revistahubclub.com.br\/portal\/wp-content\/uploads\/2025\/04\/desemprego.webp 1170w, https:\/\/revistahubclub.com.br\/portal\/wp-content\/uploads\/2025\/04\/desemprego-300x179.webp 300w, https:\/\/revistahubclub.com.br\/portal\/wp-content\/uploads\/2025\/04\/desemprego-1024x613.webp 1024w, https:\/\/revistahubclub.com.br\/portal\/wp-content\/uploads\/2025\/04\/desemprego-768x459.webp 768w\" sizes=\"auto, (max-width: 1170px) 100vw, 1170px\" \/><\/figure>","protected":false},"excerpt":{"rendered":"<p>O Brasil fechou o primeiro trimestre de 2025 com taxa de desocupa\u00e7\u00e3o de 7%. Esse patamar fica acima do registrado no trimestre anterior, encerrado em dezembro (6,2%), no entanto, \u00e9<\/p>\n","protected":false},"author":2,"featured_media":11054,"comment_status":"open","ping_status":"open","sticky":false,"template":"","format":"standard","meta":{"footnotes":""},"categories":[1],"tags":[183,404],"class_list":["post-11053","post","type-post","status-publish","format-standard","has-post-thumbnail","hentry","category-noticias","tag-brasil","tag-desemprego"],"_links":{"self":[{"href":"https:\/\/revistahubclub.com.br\/portal\/wp-json\/wp\/v2\/posts\/11053","targetHints":{"allow":["GET"]}}],"collection":[{"href":"https:\/\/revistahubclub.com.br\/portal\/wp-json\/wp\/v2\/posts"}],"about":[{"href":"https:\/\/revistahubclub.com.br\/portal\/wp-json\/wp\/v2\/types\/post"}],"author":[{"embeddable":true,"href":"https:\/\/revistahubclub.com.br\/portal\/wp-json\/wp\/v2\/users\/2"}],"replies":[{"embeddable":true,"href":"https:\/\/revistahubclub.com.br\/portal\/wp-json\/wp\/v2\/comments?post=11053"}],"version-history":[{"count":1,"href":"https:\/\/revistahubclub.com.br\/portal\/wp-json\/wp\/v2\/posts\/11053\/revisions"}],"predecessor-version":[{"id":11055,"href":"https:\/\/revistahubclub.com.br\/portal\/wp-json\/wp\/v2\/posts\/11053\/revisions\/11055"}],"wp:featuredmedia":[{"embeddable":true,"href":"https:\/\/revistahubclub.com.br\/portal\/wp-json\/wp\/v2\/media\/11054"}],"wp:attachment":[{"href":"https:\/\/revistahubclub.com.br\/portal\/wp-json\/wp\/v2\/media?parent=11053"}],"wp:term":[{"taxonomy":"category","embeddable":true,"href":"https:\/\/revistahubclub.com.br\/portal\/wp-json\/wp\/v2\/categories?post=11053"},{"taxonomy":"post_tag","embeddable":true,"href":"https:\/\/revistahubclub.com.br\/portal\/wp-json\/wp\/v2\/tags?post=11053"}],"curies":[{"name":"wp","href":"https:\/\/api.w.org\/{rel}","templated":true}]}}