{"id":11056,"date":"2025-05-02T09:56:55","date_gmt":"2025-05-02T12:56:55","guid":{"rendered":"https:\/\/revistahubclub.com.br\/portal\/?p=11056"},"modified":"2025-05-02T09:56:55","modified_gmt":"2025-05-02T12:56:55","slug":"enem-2025-prazo-para-pedir-isencao-da-taxa-acaba-nesta-sexta","status":"publish","type":"post","link":"https:\/\/revistahubclub.com.br\/portal\/2025\/05\/02\/enem-2025-prazo-para-pedir-isencao-da-taxa-acaba-nesta-sexta\/","title":{"rendered":"Enem 2025: prazo para pedir isen\u00e7\u00e3o da taxa acaba nesta sexta"},"content":{"rendered":"\n<p><strong><em>Ag\u00eancia Brasil<\/em><\/strong><br>Os candidatos que t\u00eam direito a n\u00e3o pagar a\u00a0taxa de inscri\u00e7\u00e3o do\u00a0Exame Nacional do Ensino M\u00e9dio (Enem) de 2025 devem solicitar a isen\u00e7\u00e3o at\u00e9 as 23h59 (hor\u00e1rio de Bras\u00edlia) desta sexta-feira (2).\u00a0<a href=\"https:\/\/agenciabrasil.ebc.com.br\/educacao\/noticia\/2025-04\/enem-prazo-para-pedir-isencao-da-inscricao-e-ampliado-para-2-de-maio\" target=\"_blank\" rel=\"noreferrer noopener\">O per\u00edodo foi prorrogado pelo Minist\u00e9rio da Educa\u00e7\u00e3o (MEC) em 25 de abril<\/a>.<img decoding=\"async\" src=\"https:\/\/agenciabrasil.ebc.com.br\/ebc.png?id=1641221&amp;o=node\"><img decoding=\"async\" src=\"https:\/\/agenciabrasil.ebc.com.br\/ebc.gif?id=1641221&amp;o=node\"><\/p>\n\n\n\n<p>Os pedidos devem ser enviados por meio da internet, na&nbsp;<a href=\"https:\/\/enem.inep.gov.br\/participante\/#!\/\" target=\"_blank\" rel=\"noreferrer noopener\">P\u00e1gina do Participante<\/a>&nbsp;do exame, com o login do portal \u00fanico de servi\u00e7os digitais do governo federal, o Gov.br.<\/p>\n\n\n\n<p><strong><a href=\"https:\/\/agenciabrasil.ebc.com.br\/educacao\/noticia\/2025-04\/enem-2025-saiba-como-pedir-isencao-de-taxa-de-inscricao\" target=\"_blank\" rel=\"noreferrer noopener\">&gt;&gt;&gt; Saiba como pedir isen\u00e7\u00e3o na taxa de inscri\u00e7\u00e3o do Enem<\/a><\/strong><\/p>\n\n\n\n<p>O mesmo prazo deve ser respeitado pelos&nbsp;participantes do Enem do ano passado que tiveram a gratuidade da taxa de inscri\u00e7\u00e3o, faltaram aos dias de prova, e, agora, desejam fazem novamente o Enem de gra\u00e7a. O Instituto Nacional de Estudos e Pesquisas Educacionais An\u00edsio Teixeira (Inep), respons\u00e1vel pela aplica\u00e7\u00e3o das provas,&nbsp;explica que a justificativa de aus\u00eancia tamb\u00e9m deve ser feita na P\u00e1gina do Participante.<\/p>\n\n\n\n<h2 class=\"wp-block-heading\">Quem tem direito<\/h2>\n\n\n\n<p><strong>O Minist\u00e9rio da Educa\u00e7\u00e3o (MEC) prev\u00ea a&nbsp;isen\u00e7\u00e3o da taxa de inscri\u00e7\u00e3o para pessoas:<\/strong><\/p>\n\n\n\n<ul class=\"wp-block-list\">\n<li><strong>matriculadas na 3\u00aa s\u00e9rie do ensino m\u00e9dio (neste ano de 2025), em escola p\u00fablica;<\/strong><\/li>\n\n\n\n<li><strong>que cursaram todo o ensino m\u00e9dio em escola p\u00fablica ou como bolsista integral em unidade de ensino privada;<\/strong><\/li>\n\n\n\n<li><strong>em situa\u00e7\u00e3o de vulnerabilidade socioecon\u00f4mica e Integrantes de fam\u00edlias inscritas no Cadastro \u00danico para Programas Sociais do governo federal (Cad\u00danico);<\/strong><\/li>\n\n\n\n<li><strong>participantes do programa federal P\u00e9-de-Meia.<\/strong><\/li>\n<\/ul>\n\n\n\n<p>J\u00e1 as condi\u00e7\u00f5es aceitas como justificava para&nbsp;aus\u00eancia nos dias do Enem de 2024&nbsp;incluem, entre outras:<\/p>\n\n\n\n<ul class=\"wp-block-list\">\n<li>assalto\/furto;<\/li>\n\n\n\n<li>acidente de tr\u00e2nsito;<\/li>\n\n\n\n<li>morte na fam\u00edlia;<\/li>\n\n\n\n<li>maternidade\u00a0e\u00a0paternidade;<\/li>\n\n\n\n<li>mudan\u00e7a de domic\u00edlio para acompanhamento de familiar;<\/li>\n\n\n\n<li>priva\u00e7\u00e3o de liberdade;<\/li>\n\n\n\n<li>emerg\u00eancia\/interna\u00e7\u00e3o\/repouso m\u00e9dico ou odontol\u00f3gico;<\/li>\n\n\n\n<li>e trabalho ou atividade escolar.<\/li>\n<\/ul>\n\n\n\n<p>O edital do Inep, que&nbsp;especifica as regras para justificativa, esclarece que&nbsp;<strong>as situa\u00e7\u00f5es acima devem ter ocorrido nos dias de aplica\u00e7\u00e3o regular do exame (3 ou 10 de novembro de 2024) ou nas datas de reaplica\u00e7\u00e3o das provas (em 10 e 11 de dezembro de 2024)<\/strong>.<\/p>\n\n\n\n<h2 class=\"wp-block-heading\">Cronograma<\/h2>\n\n\n\n<p><strong>O resultado da justificativa de aus\u00eancia no Enem 2024 e solicita\u00e7\u00e3o de isen\u00e7\u00e3o da taxa de inscri\u00e7\u00e3o para o Enem 2025 ser\u00e1 publicado em 12 de maio.<\/strong><\/p>\n\n\n\n<p>Mesmo com a isen\u00e7\u00e3o confirmada pela equipe do Inep, o estudante precisar\u00e1 fazer a sua inscri\u00e7\u00e3o, no per\u00edodo a ser divulgado no futuro edital do Enem 2025.<\/p>\n\n\n\n<p>O solicitante que tiver o pedido negado para justificativa de aus\u00eancia no Enem 2024 ou para solicita\u00e7\u00e3o de isen\u00e7\u00e3o da taxa de inscri\u00e7\u00e3o para o Enem 2025 pode entrar com recurso entre 12 e 16 de maio. O resultado final das contesta\u00e7\u00e3o ser\u00e1 conhecido em 22 de maio.<\/p>\n\n\n\n<p>Os&nbsp;participantes que n\u00e3o solicitarem o recurso ou tiverem o pedido&nbsp;de isen\u00e7\u00e3o de pagamento da taxa de inscri\u00e7\u00e3o para o Enem 2025 reprovado&nbsp;dever\u00e3o fazer a inscri\u00e7\u00e3o conforme futuro edital do Enem 2025. Posteriormente, em per\u00edodo a ser definido, o custo de inscri\u00e7\u00e3o dever\u00e1 ser pago para a pessoa ter a ades\u00e3o confirmada.<\/p>\n\n\n\n<p>O valor da taxa de inscri\u00e7\u00e3o ainda n\u00e3o foi divulgado, mas,&nbsp;na edi\u00e7\u00e3o de 2024, foi de R$ 85. Dos 4,3 milh\u00f5es de inscritos confirmados no Enem do ano passado,&nbsp;<a href=\"https:\/\/agenciabrasil.ebc.com.br\/educacao\/noticia\/2024-11\/enem-2024-quase-10-mil-inscritos-tem-mais-de-60-anos\" target=\"_blank\" rel=\"noreferrer noopener\">63,6% foram isentos do pagamento da taxa de inscri\u00e7\u00e3o<\/a>.<\/p>\n\n\n<figure class=\"wp-block-post-featured-image\"><img loading=\"lazy\" decoding=\"async\" width=\"1280\" height=\"795\" src=\"https:\/\/revistahubclub.com.br\/portal\/wp-content\/uploads\/2025\/05\/WhatsApp-Image-2025-05-02-at-09.55.53.jpeg\" class=\"attachment-post-thumbnail size-post-thumbnail wp-post-image\" alt=\"\" style=\"object-fit:cover;\" srcset=\"https:\/\/revistahubclub.com.br\/portal\/wp-content\/uploads\/2025\/05\/WhatsApp-Image-2025-05-02-at-09.55.53.jpeg 1280w, https:\/\/revistahubclub.com.br\/portal\/wp-content\/uploads\/2025\/05\/WhatsApp-Image-2025-05-02-at-09.55.53-300x186.jpeg 300w, https:\/\/revistahubclub.com.br\/portal\/wp-content\/uploads\/2025\/05\/WhatsApp-Image-2025-05-02-at-09.55.53-1024x636.jpeg 1024w, https:\/\/revistahubclub.com.br\/portal\/wp-content\/uploads\/2025\/05\/WhatsApp-Image-2025-05-02-at-09.55.53-768x477.jpeg 768w\" sizes=\"auto, (max-width: 1280px) 100vw, 1280px\" \/><\/figure>","protected":false},"excerpt":{"rendered":"<p>Ag\u00eancia BrasilOs candidatos que t\u00eam direito a n\u00e3o pagar a\u00a0taxa de inscri\u00e7\u00e3o do\u00a0Exame Nacional do Ensino M\u00e9dio (Enem) de 2025 devem solicitar a isen\u00e7\u00e3o at\u00e9 as 23h59 (hor\u00e1rio de Bras\u00edlia)<\/p>\n","protected":false},"author":2,"featured_media":11057,"comment_status":"open","ping_status":"open","sticky":false,"template":"","format":"standard","meta":{"footnotes":""},"categories":[1],"tags":[405],"class_list":["post-11056","post","type-post","status-publish","format-standard","has-post-thumbnail","hentry","category-noticias","tag-enem-2025"],"_links":{"self":[{"href":"https:\/\/revistahubclub.com.br\/portal\/wp-json\/wp\/v2\/posts\/11056","targetHints":{"allow":["GET"]}}],"collection":[{"href":"https:\/\/revistahubclub.com.br\/portal\/wp-json\/wp\/v2\/posts"}],"about":[{"href":"https:\/\/revistahubclub.com.br\/portal\/wp-json\/wp\/v2\/types\/post"}],"author":[{"embeddable":true,"href":"https:\/\/revistahubclub.com.br\/portal\/wp-json\/wp\/v2\/users\/2"}],"replies":[{"embeddable":true,"href":"https:\/\/revistahubclub.com.br\/portal\/wp-json\/wp\/v2\/comments?post=11056"}],"version-history":[{"count":1,"href":"https:\/\/revistahubclub.com.br\/portal\/wp-json\/wp\/v2\/posts\/11056\/revisions"}],"predecessor-version":[{"id":11058,"href":"https:\/\/revistahubclub.com.br\/portal\/wp-json\/wp\/v2\/posts\/11056\/revisions\/11058"}],"wp:featuredmedia":[{"embeddable":true,"href":"https:\/\/revistahubclub.com.br\/portal\/wp-json\/wp\/v2\/media\/11057"}],"wp:attachment":[{"href":"https:\/\/revistahubclub.com.br\/portal\/wp-json\/wp\/v2\/media?parent=11056"}],"wp:term":[{"taxonomy":"category","embeddable":true,"href":"https:\/\/revistahubclub.com.br\/portal\/wp-json\/wp\/v2\/categories?post=11056"},{"taxonomy":"post_tag","embeddable":true,"href":"https:\/\/revistahubclub.com.br\/portal\/wp-json\/wp\/v2\/tags?post=11056"}],"curies":[{"name":"wp","href":"https:\/\/api.w.org\/{rel}","templated":true}]}}