{"id":11059,"date":"2025-05-02T10:32:26","date_gmt":"2025-05-02T13:32:26","guid":{"rendered":"https:\/\/revistahubclub.com.br\/portal\/?p=11059"},"modified":"2025-05-02T10:32:26","modified_gmt":"2025-05-02T13:32:26","slug":"conta-de-luz-opera-com-bandeira-amarela-desde-1o-de-maio","status":"publish","type":"post","link":"https:\/\/revistahubclub.com.br\/portal\/2025\/05\/02\/conta-de-luz-opera-com-bandeira-amarela-desde-1o-de-maio\/","title":{"rendered":"Conta de luz opera com bandeira amarela desde 1\u00ba de maio"},"content":{"rendered":"\n<p>A conta de luz j\u00e1 est\u00e1 operando com a bandeira tarif\u00e1ria amarela, com custo adicional, desde este dia 1\u00ba de maio. A medida foi autorizada pela Ag\u00eancia Nacional de Energia El\u00e9trica (ANEEL) para este m\u00eas e prev\u00ea um acr\u00e9scimo de quase R$ 1,90 por quilowatts\/hora consumidos. O motivo \u00e9 a redu\u00e7\u00e3o das chuvas, resultado da transi\u00e7\u00e3o do per\u00edodo chuvoso para o seco.<\/p>\n\n\n\n<p>Segundo a Aneel, as previs\u00f5es de chuvas e vaz\u00f5es nos reservat\u00f3rios para os pr\u00f3ximos meses est\u00e3o abaixo da m\u00e9dia. Desde dezembro de 2024, a bandeira tarif\u00e1ria permanecia verde, sem taxa adicional, refletindo condi\u00e7\u00f5es favor\u00e1veis de gera\u00e7\u00e3o de energia no pa\u00eds.<\/p>\n\n\n\n<p>O fim do per\u00edodo chuvoso piora a previs\u00e3o de gera\u00e7\u00e3o de energia hidroel\u00e9trica, e poder\u00e1 aumentar o uso de usinas termel\u00e9tricas, em que a energia tem custo mais elevado.<\/p>\n\n\n\n<p>Criado em 2015, o sistema de bandeiras tarif\u00e1rias indica aos consumidores os custos da gera\u00e7\u00e3o de energia no pa\u00eds e visa reduzir os impactos nos or\u00e7amentos das distribuidoras de energia.<\/p>\n\n\n<figure class=\"wp-block-post-featured-image\"><img loading=\"lazy\" decoding=\"async\" width=\"1280\" height=\"720\" src=\"https:\/\/revistahubclub.com.br\/portal\/wp-content\/uploads\/2025\/05\/luz.jpg\" class=\"attachment-post-thumbnail size-post-thumbnail wp-post-image\" alt=\"\" style=\"object-fit:cover;\" srcset=\"https:\/\/revistahubclub.com.br\/portal\/wp-content\/uploads\/2025\/05\/luz.jpg 1280w, https:\/\/revistahubclub.com.br\/portal\/wp-content\/uploads\/2025\/05\/luz-300x169.jpg 300w, https:\/\/revistahubclub.com.br\/portal\/wp-content\/uploads\/2025\/05\/luz-1024x576.jpg 1024w, https:\/\/revistahubclub.com.br\/portal\/wp-content\/uploads\/2025\/05\/luz-768x432.jpg 768w\" sizes=\"auto, (max-width: 1280px) 100vw, 1280px\" \/><\/figure>","protected":false},"excerpt":{"rendered":"<p>A conta de luz j\u00e1 est\u00e1 operando com a bandeira tarif\u00e1ria amarela, com custo adicional, desde este dia 1\u00ba de maio. A medida foi autorizada pela Ag\u00eancia Nacional de Energia<\/p>\n","protected":false},"author":2,"featured_media":11060,"comment_status":"open","ping_status":"open","sticky":false,"template":"","format":"standard","meta":{"footnotes":""},"categories":[1],"tags":[409,406,13,407,408],"class_list":["post-11059","post","type-post","status-publish","format-standard","has-post-thumbnail","hentry","category-noticias","tag-bandeira-amarela","tag-conta","tag-energia","tag-luz","tag-mais-cara"],"_links":{"self":[{"href":"https:\/\/revistahubclub.com.br\/portal\/wp-json\/wp\/v2\/posts\/11059","targetHints":{"allow":["GET"]}}],"collection":[{"href":"https:\/\/revistahubclub.com.br\/portal\/wp-json\/wp\/v2\/posts"}],"about":[{"href":"https:\/\/revistahubclub.com.br\/portal\/wp-json\/wp\/v2\/types\/post"}],"author":[{"embeddable":true,"href":"https:\/\/revistahubclub.com.br\/portal\/wp-json\/wp\/v2\/users\/2"}],"replies":[{"embeddable":true,"href":"https:\/\/revistahubclub.com.br\/portal\/wp-json\/wp\/v2\/comments?post=11059"}],"version-history":[{"count":1,"href":"https:\/\/revistahubclub.com.br\/portal\/wp-json\/wp\/v2\/posts\/11059\/revisions"}],"predecessor-version":[{"id":11066,"href":"https:\/\/revistahubclub.com.br\/portal\/wp-json\/wp\/v2\/posts\/11059\/revisions\/11066"}],"wp:featuredmedia":[{"embeddable":true,"href":"https:\/\/revistahubclub.com.br\/portal\/wp-json\/wp\/v2\/media\/11060"}],"wp:attachment":[{"href":"https:\/\/revistahubclub.com.br\/portal\/wp-json\/wp\/v2\/media?parent=11059"}],"wp:term":[{"taxonomy":"category","embeddable":true,"href":"https:\/\/revistahubclub.com.br\/portal\/wp-json\/wp\/v2\/categories?post=11059"},{"taxonomy":"post_tag","embeddable":true,"href":"https:\/\/revistahubclub.com.br\/portal\/wp-json\/wp\/v2\/tags?post=11059"}],"curies":[{"name":"wp","href":"https:\/\/api.w.org\/{rel}","templated":true}]}}